{"id":9016,"date":"2021-10-22T10:33:30","date_gmt":"2021-10-22T10:33:30","guid":{"rendered":"https:\/\/www.culmia.com\/blog\/?p=1092"},"modified":"2025-10-03T14:17:57","modified_gmt":"2025-10-03T12:17:57","slug":"expedicion-culmia-con-victor-portela","status":"publish","type":"post","link":"https:\/\/www.culmia.com\/es\/blog\/expedicion-culmia-con-victor-portela\/","title":{"rendered":"Expedici\u00f3n Culmia con V\u00edctor Portela"},"content":{"rendered":"<p>V\u00edctor Portela, Director de Planificaci\u00f3n y Estrategia de Marketing, particip\u00f3 en la secci\u00f3n \u00bbExpedici\u00f3n a&#8230;\u00bb, del programa \u00bbInversi\u00f3n Inmobiliaria\u00bb de Capital Radio, donde habl\u00f3 del origen de la marca.<\/p> <div class=\"powerpress_player\" id=\"powerpress_player_1487\"><audio class=\"wp-audio-shortcode\" id=\"audio-9016-1\" preload=\"none\" style=\"width: 100%;\" controls=\"controls\"><source type=\"audio\/mpeg\" src=\"https:\/\/www.culmia.com\/blog\/wp-content\/uploads\/2021\/10\/podcast-expedicion-culmia-inversion-inmobiliaria-victor-portela.mp3?_=1\" \/><a href=\"https:\/\/www.culmia.com\/blog\/wp-content\/uploads\/2021\/10\/podcast-expedicion-culmia-inversion-inmobiliaria-victor-portela.mp3\">https:\/\/www.culmia.com\/blog\/wp-content\/uploads\/2021\/10\/podcast-expedicion-culmia-inversion-inmobiliaria-victor-portela.mp3<\/a><\/audio><\/div>","protected":false},"excerpt":{"rendered":"<p>V\u00edctor Portela, Director de Planificaci\u00f3n y Estrategia de Marketing, particip\u00f3 &#8230;<\/p>\n","protected":false},"author":1,"featured_media":0,"comment_status":"closed","ping_status":"open","sticky":false,"template":"","format":"standard","meta":{"_acf_changed":false,"footnotes":""},"categories":[242],"tags":[1242,1090],"class_list":["post-9016","post","type-post","status-publish","format-standard","hentry","category-podcast","tag-origen-de-la-marca","tag-victor-portela"],"acf":[],"_links":{"self":[{"href":"https:\/\/www.culmia.com\/es\/wp-json\/wp\/v2\/posts\/9016","targetHints":{"allow":["GET"]}}],"collection":[{"href":"https:\/\/www.culmia.com\/es\/wp-json\/wp\/v2\/posts"}],"about":[{"href":"https:\/\/www.culmia.com\/es\/wp-json\/wp\/v2\/types\/post"}],"author":[{"embeddable":true,"href":"https:\/\/www.culmia.com\/es\/wp-json\/wp\/v2\/users\/1"}],"replies":[{"embeddable":true,"href":"https:\/\/www.culmia.com\/es\/wp-json\/wp\/v2\/comments?post=9016"}],"version-history":[{"count":1,"href":"https:\/\/www.culmia.com\/es\/wp-json\/wp\/v2\/posts\/9016\/revisions"}],"predecessor-version":[{"id":26275,"href":"https:\/\/www.culmia.com\/es\/wp-json\/wp\/v2\/posts\/9016\/revisions\/26275"}],"wp:attachment":[{"href":"https:\/\/www.culmia.com\/es\/wp-json\/wp\/v2\/media?parent=9016"}],"wp:term":[{"taxonomy":"category","embeddable":true,"href":"https:\/\/www.culmia.com\/es\/wp-json\/wp\/v2\/categories?post=9016"},{"taxonomy":"post_tag","embeddable":true,"href":"https:\/\/www.culmia.com\/es\/wp-json\/wp\/v2\/tags?post=9016"}],"curies":[{"name":"wp","href":"https:\/\/api.w.org\/{rel}","templated":true}]}}