{"id":8988,"date":"2022-10-27T15:47:40","date_gmt":"2022-10-27T15:47:40","guid":{"rendered":"https:\/\/www.culmia.com\/blog\/?p=2874"},"modified":"2025-10-03T13:13:00","modified_gmt":"2025-10-03T11:13:00","slug":"el-viaje-del-comprador-en-espana-en-capital-radio","status":"publish","type":"post","link":"https:\/\/www.culmia.com\/es\/blog\/el-viaje-del-comprador-en-espana-en-capital-radio\/","title":{"rendered":"El viaje del comprador en Espa\u00f1a en Capital Radio"},"content":{"rendered":"<div class=\"css-1dbjc4n\"> <div class=\"css-1dbjc4n r-1s2bzr4\"> <div id=\"id__msv09l9wvh\" class=\"css-901oao r-18jsvk2 r-37j5jr r-1blvdjr r-16dba41 r-vrz42v r-bcqeeo r-bnwqim r-qvutc0\" dir=\"auto\" lang=\"es\" data-testid=\"tweetText\"> <p>Cristina Ontoso Garc\u00eda, nuestra Directora Comercial y Marketing, participa en este debate en Capital Radio, \u00bbEl viaje del comprador de vivienda\u00bb, en el que se impulsa la opini\u00f3n y analiza la experiencia del comprador de vivienda en Espa\u00f1a y nos da una foto de cu\u00e1les son en la actualidad las necesidades de los compradores. Ayud\u00e1ndonos a conocer mejor qu\u00e9 esperan de sus viviendas y de la relaci\u00f3n con las empresas como #Culmia.<\/p> <p>Cristina est\u00e1 acompa\u00f1ada por Julio Touza, arquitecto de Touza Arquitectos; Consuelo Villanueva MRICS, Directora Instituciones y Grandes Cuentas en ST Sociedad de Tasaci\u00f3n S.A. e Ignacio Ortiz de Andr\u00e9s Director de Research en Activum Real Estate Consulting.<\/p> <p>\u00bfQuieres saber m\u00e1s?, \u00a1no te lo pierdas!<\/p> <\/div> <\/div> <\/div> <div class=\"powerpress_player\" id=\"powerpress_player_5505\"><audio class=\"wp-audio-shortcode\" id=\"audio-8988-1\" preload=\"none\" style=\"width: 100%;\" controls=\"controls\"><source type=\"audio\/mpeg\" src=\"https:\/\/www.culmia.com\/blog\/wp-content\/uploads\/2022\/10\/20221027_INVERSION_INMOBILIARIA_3.mp3?_=1\" \/><a href=\"https:\/\/www.culmia.com\/blog\/wp-content\/uploads\/2022\/10\/20221027_INVERSION_INMOBILIARIA_3.mp3\">https:\/\/www.culmia.com\/blog\/wp-content\/uploads\/2022\/10\/20221027_INVERSION_INMOBILIARIA_3.mp3<\/a><\/audio><\/div>","protected":false},"excerpt":{"rendered":"<p>Cristina Ontoso Garc\u00eda, nuestra Directora Comercial y Marketing, participa en &#8230;<\/p>\n","protected":false},"author":1,"featured_media":2203,"comment_status":"closed","ping_status":"open","sticky":false,"template":"","format":"standard","meta":{"_acf_changed":false,"footnotes":""},"categories":[242],"tags":[1165,1166],"class_list":["post-8988","post","type-post","status-publish","format-standard","has-post-thumbnail","hentry","category-podcast","tag-comprador-de-vivienda-en-espana","tag-viaje-del-comprador-de-vivienda-en-espana"],"acf":[],"_links":{"self":[{"href":"https:\/\/www.culmia.com\/es\/wp-json\/wp\/v2\/posts\/8988","targetHints":{"allow":["GET"]}}],"collection":[{"href":"https:\/\/www.culmia.com\/es\/wp-json\/wp\/v2\/posts"}],"about":[{"href":"https:\/\/www.culmia.com\/es\/wp-json\/wp\/v2\/types\/post"}],"author":[{"embeddable":true,"href":"https:\/\/www.culmia.com\/es\/wp-json\/wp\/v2\/users\/1"}],"replies":[{"embeddable":true,"href":"https:\/\/www.culmia.com\/es\/wp-json\/wp\/v2\/comments?post=8988"}],"version-history":[{"count":1,"href":"https:\/\/www.culmia.com\/es\/wp-json\/wp\/v2\/posts\/8988\/revisions"}],"predecessor-version":[{"id":26239,"href":"https:\/\/www.culmia.com\/es\/wp-json\/wp\/v2\/posts\/8988\/revisions\/26239"}],"wp:featuredmedia":[{"embeddable":true,"href":"https:\/\/www.culmia.com\/es\/wp-json\/wp\/v2\/media\/2203"}],"wp:attachment":[{"href":"https:\/\/www.culmia.com\/es\/wp-json\/wp\/v2\/media?parent=8988"}],"wp:term":[{"taxonomy":"category","embeddable":true,"href":"https:\/\/www.culmia.com\/es\/wp-json\/wp\/v2\/categories?post=8988"},{"taxonomy":"post_tag","embeddable":true,"href":"https:\/\/www.culmia.com\/es\/wp-json\/wp\/v2\/tags?post=8988"}],"curies":[{"name":"wp","href":"https:\/\/api.w.org\/{rel}","templated":true}]}}