{"id":8935,"date":"2022-04-22T08:55:20","date_gmt":"2022-04-22T08:55:20","guid":{"rendered":"https:\/\/www.culmia.com\/blog\/?p=1760"},"modified":"2025-10-03T13:58:15","modified_gmt":"2025-10-03T11:58:15","slug":"expedicion-a-seguridad-y-salud-con-cristina-gomez","status":"publish","type":"post","link":"https:\/\/www.culmia.com\/es\/blog\/expedicion-a-seguridad-y-salud-con-cristina-gomez\/","title":{"rendered":"Expedici\u00f3n a Seguridad y Salud con Cristina G\u00f3mez"},"content":{"rendered":"<p>\u00bbExpedici\u00f3n Culmia\u00bb es una secci\u00f3n de \u00bbInversi\u00f3n Inmobiliaria\u00bb de Capital Radio, donde participar\u00e1n diversas figuras de nuestra compa\u00f1\u00eda. En este episodio contamos con la participaci\u00f3n de nuestra Responsable de Prevenci\u00f3n de Riesgos Laborales, Cristina G\u00f3mez, y nos llevar\u00e1 al territorio de la Seguridad y la Salud.<\/p> <div class=\"powerpress_player\" id=\"powerpress_player_7102\"><audio class=\"wp-audio-shortcode\" id=\"audio-8935-1\" preload=\"none\" style=\"width: 100%;\" controls=\"controls\"><source type=\"audio\/mpeg\" src=\"https:\/\/www.culmia.com\/blog\/wp-content\/uploads\/2022\/04\/expedicion-a-seguridad-y-salud-con-cristina-gomez-culmia-1.mp3?_=1\" \/><a href=\"https:\/\/www.culmia.com\/blog\/wp-content\/uploads\/2022\/04\/expedicion-a-seguridad-y-salud-con-cristina-gomez-culmia-1.mp3\">https:\/\/www.culmia.com\/blog\/wp-content\/uploads\/2022\/04\/expedicion-a-seguridad-y-salud-con-cristina-gomez-culmia-1.mp3<\/a><\/audio><\/div>","protected":false},"excerpt":{"rendered":"<p>\u00bbExpedici\u00f3n Culmia\u00bb es una secci\u00f3n de \u00bbInversi\u00f3n Inmobiliaria\u00bb de Capital &#8230;<\/p>\n","protected":false},"author":1,"featured_media":0,"comment_status":"closed","ping_status":"open","sticky":false,"template":"","format":"standard","meta":{"_acf_changed":false,"footnotes":""},"categories":[242],"tags":[1051,1052],"class_list":["post-8935","post","type-post","status-publish","format-standard","hentry","category-podcast","tag-cristina-gomez","tag-seguridad-y-salud"],"acf":[],"_links":{"self":[{"href":"https:\/\/www.culmia.com\/es\/wp-json\/wp\/v2\/posts\/8935","targetHints":{"allow":["GET"]}}],"collection":[{"href":"https:\/\/www.culmia.com\/es\/wp-json\/wp\/v2\/posts"}],"about":[{"href":"https:\/\/www.culmia.com\/es\/wp-json\/wp\/v2\/types\/post"}],"author":[{"embeddable":true,"href":"https:\/\/www.culmia.com\/es\/wp-json\/wp\/v2\/users\/1"}],"replies":[{"embeddable":true,"href":"https:\/\/www.culmia.com\/es\/wp-json\/wp\/v2\/comments?post=8935"}],"version-history":[{"count":1,"href":"https:\/\/www.culmia.com\/es\/wp-json\/wp\/v2\/posts\/8935\/revisions"}],"predecessor-version":[{"id":26257,"href":"https:\/\/www.culmia.com\/es\/wp-json\/wp\/v2\/posts\/8935\/revisions\/26257"}],"wp:attachment":[{"href":"https:\/\/www.culmia.com\/es\/wp-json\/wp\/v2\/media?parent=8935"}],"wp:term":[{"taxonomy":"category","embeddable":true,"href":"https:\/\/www.culmia.com\/es\/wp-json\/wp\/v2\/categories?post=8935"},{"taxonomy":"post_tag","embeddable":true,"href":"https:\/\/www.culmia.com\/es\/wp-json\/wp\/v2\/tags?post=8935"}],"curies":[{"name":"wp","href":"https:\/\/api.w.org\/{rel}","templated":true}]}}