{"id":8868,"date":"2023-07-21T07:01:23","date_gmt":"2023-07-21T07:01:23","guid":{"rendered":"https:\/\/www.culmia.com\/blog\/?p=4523"},"modified":"2025-10-03T10:53:06","modified_gmt":"2025-10-03T08:53:06","slug":"la-importancia-del-interiorismo-en-el-sector-inmobiliario-con-cristina-ontoso","status":"publish","type":"post","link":"https:\/\/www.culmia.com\/es\/blog\/la-importancia-del-interiorismo-en-el-sector-inmobiliario-con-cristina-ontoso\/","title":{"rendered":"La importancia del interiorismo en el sector inmobiliario con Cristina Ontoso"},"content":{"rendered":"<p>Nuestra directora Comercial y de Marketing Cristina Ontoso ha estado presente en Capital Radio participando en un debate \u00a0que ha puesto sobre la mesa la importancia del interiorismo en el sector inmobiliario.<\/p> <p>Culmia, como compa\u00f1\u00eda, aplica el interiorismo en todas las fases de la promoci\u00f3n y de sus pisos piloto. Adem\u00e1s, le damos valor gracias a videos realizados junto a nuestras interioristas o campa\u00f1as como\u00a0CASA DECOR.<\/p> <p>Cristina ha estado presente junto a\u00a0Virginia Gasch Pastor, del estudio de interiorismo\u00a0Vg Living, Juan Sosa de\u00a0HISBALIT\u00a0y\u00a0Alicia Garc\u00eda Cabrera, Directora General de\u00a0CASA DECOR.<\/p> <p>\u00a1No te lo pierdas!<\/p> <div class=\"powerpress_player\" id=\"powerpress_player_7064\"><audio class=\"wp-audio-shortcode\" id=\"audio-8868-1\" preload=\"none\" style=\"width: 100%;\" controls=\"controls\"><source type=\"audio\/mpeg\" src=\"https:\/\/www.culmia.com\/blog\/wp-content\/uploads\/2023\/07\/20230720_INVERSION_INMOBILIARIA_3-mp3cut.net_.mp3?_=1\" \/><a href=\"https:\/\/www.culmia.com\/blog\/wp-content\/uploads\/2023\/07\/20230720_INVERSION_INMOBILIARIA_3-mp3cut.net_.mp3\">https:\/\/www.culmia.com\/blog\/wp-content\/uploads\/2023\/07\/20230720_INVERSION_INMOBILIARIA_3-mp3cut.net_.mp3<\/a><\/audio><\/div>","protected":false},"excerpt":{"rendered":"<p>Nuestra directora Comercial y de Marketing Cristina Ontoso ha estado &#8230;<\/p>\n","protected":false},"author":5,"featured_media":2203,"comment_status":"closed","ping_status":"open","sticky":false,"template":"","format":"standard","meta":{"_acf_changed":false,"footnotes":""},"categories":[242],"tags":[841,243],"class_list":["post-8868","post","type-post","status-publish","format-standard","has-post-thumbnail","hentry","category-podcast","tag-interiorismo-en-el-sector-inmobiliario","tag-podcast-culmia"],"acf":[],"_links":{"self":[{"href":"https:\/\/www.culmia.com\/es\/wp-json\/wp\/v2\/posts\/8868","targetHints":{"allow":["GET"]}}],"collection":[{"href":"https:\/\/www.culmia.com\/es\/wp-json\/wp\/v2\/posts"}],"about":[{"href":"https:\/\/www.culmia.com\/es\/wp-json\/wp\/v2\/types\/post"}],"author":[{"embeddable":true,"href":"https:\/\/www.culmia.com\/es\/wp-json\/wp\/v2\/users\/5"}],"replies":[{"embeddable":true,"href":"https:\/\/www.culmia.com\/es\/wp-json\/wp\/v2\/comments?post=8868"}],"version-history":[{"count":1,"href":"https:\/\/www.culmia.com\/es\/wp-json\/wp\/v2\/posts\/8868\/revisions"}],"predecessor-version":[{"id":26201,"href":"https:\/\/www.culmia.com\/es\/wp-json\/wp\/v2\/posts\/8868\/revisions\/26201"}],"wp:featuredmedia":[{"embeddable":true,"href":"https:\/\/www.culmia.com\/es\/wp-json\/wp\/v2\/media\/2203"}],"wp:attachment":[{"href":"https:\/\/www.culmia.com\/es\/wp-json\/wp\/v2\/media?parent=8868"}],"wp:term":[{"taxonomy":"category","embeddable":true,"href":"https:\/\/www.culmia.com\/es\/wp-json\/wp\/v2\/categories?post=8868"},{"taxonomy":"post_tag","embeddable":true,"href":"https:\/\/www.culmia.com\/es\/wp-json\/wp\/v2\/tags?post=8868"}],"curies":[{"name":"wp","href":"https:\/\/api.w.org\/{rel}","templated":true}]}}