{"id":6848,"date":"2024-08-22T10:00:00","date_gmt":"2024-08-22T10:00:00","guid":{"rendered":"https:\/\/www.culmia.com\/blog\/?p=6848"},"modified":"2026-01-09T11:21:54","modified_gmt":"2026-01-09T10:21:54","slug":"vivir-en-mijas-consejos-practicos","status":"publish","type":"post","link":"https:\/\/www.culmia.com\/es\/blog\/vivir-en-mijas-consejos-practicos\/","title":{"rendered":"Vivir en Mijas: consejos pr\u00e1cticos para tu nuevo hogar o refugio de vacaciones"},"content":{"rendered":"<p>De los muchos tesoros con los que cuenta la geograf\u00eda nacional, la provincia de <strong>M\u00e1laga<\/strong> es uno de los m\u00e1s conocidos. En <strong>Culmia<\/strong> ya te hemos venido hablando en alguna ocasi\u00f3n de las <a href=\"https:\/\/www.culmia.com\/blog\/como-es-vivir-en-malaga-disfruta-del-sol-casi-todo-el-ano?utm_medium=blog&amp&utm_source=online&amp&utm_campaign=vivir_en_mijas_consejos_practicos_para_tu_hogar_o_refugio_vacaciones%3Ano%3Aany&amp&utm_content=comoesvivirenmalaga\" target=\"_blank\" rel=\"noreferrer noopener\">ventajas que su capital ofrece para la vida<\/a>, pero la zona cuenta con muchas otras localidades con personalidad y \u2018magia\u2019 propias. Por eso, hoy queremos presentarte una de las m\u00e1s especiales, <strong>Mijas<\/strong>, as\u00ed como contarte las ventajas de elegirla como lugar de residencia.<\/p>               <figure class=\"wp-block-image size-large\"><img decoding=\"async\" width=\"1024\" height=\"683\" class=\"wp-image-6853\" src=\"https:\/\/www.culmia.com\/wp-content\/uploads\/2024\/08\/Culmia-Vivir-Mijas-03-1024x683.jpg\" alt=\"Consejos para vivir en Mijas\" title=\"\" srcset=\"https:\/\/www.culmia.com\/wp-content\/uploads\/2024\/08\/Culmia-Vivir-Mijas-03-200x133.jpg 200w, https:\/\/www.culmia.com\/wp-content\/uploads\/2024\/08\/Culmia-Vivir-Mijas-03-300x200.jpg 300w, https:\/\/www.culmia.com\/wp-content\/uploads\/2024\/08\/Culmia-Vivir-Mijas-03-400x267.jpg 400w, https:\/\/www.culmia.com\/wp-content\/uploads\/2024\/08\/Culmia-Vivir-Mijas-03-600x400.jpg 600w, https:\/\/www.culmia.com\/wp-content\/uploads\/2024\/08\/Culmia-Vivir-Mijas-03-768x512.jpg 768w, https:\/\/www.culmia.com\/wp-content\/uploads\/2024\/08\/Culmia-Vivir-Mijas-03-800x533.jpg 800w, https:\/\/www.culmia.com\/wp-content\/uploads\/2024\/08\/Culmia-Vivir-Mijas-03-1024x683.jpg 1024w, https:\/\/www.culmia.com\/wp-content\/uploads\/2024\/08\/Culmia-Vivir-Mijas-03-1200x800.jpg 1200w, https:\/\/www.culmia.com\/wp-content\/uploads\/2024\/08\/Culmia-Vivir-Mijas-03-1536x1024.jpg 1536w, https:\/\/www.culmia.com\/wp-content\/uploads\/2024\/08\/Culmia-Vivir-Mijas-03.jpg 1920w\" sizes=\"(max-width: 1024px) 100vw, 1024px\" \/><\/figure>        <h2 class=\"wp-block-heading\"><strong>Vivir en Mijas: lo m\u00e1s importante que debes saber<\/strong><\/h2>        <p><strong>Mijas<\/strong> est\u00e1 situada en la provincia de <strong>M\u00e1laga<\/strong>. El t\u00e9rmino municipal tiene una extensi\u00f3n de 148 km<sup>2<\/sup>, se encuentra a una treintena de kil\u00f3metros de la capital y tiene censados a <a href=\"https:\/\/www.mijas.es\/portal\/mijas-se-acerca-a-los-93-000-habitantes-tras-ganar-de-nuevo-poblacion-en-2022\/\" target=\"_blank\" rel=\"noreferrer noopener nofollow\">92.920 habitantes<\/a>, de los cuales uno de cada tres es extranjero. Por lo tanto, pertenece a un enclave \u00fanico en plena <strong>Costa del Sol<\/strong> occidental que est\u00e1 <strong>entre el mar Mediterr\u00e1neo y la sierra local<\/strong>.<\/p>        <p>Gracias a ello, actualmente es una localidad clave para el desarrollo tur\u00edstico de la zona, pero sin perder su esencia de pueblo serrano. De hecho, su territorio cuenta con <a href=\"https:\/\/www.guiademijas.es\/sobre-mijas\/nucleos-urbanos-de-mijas\/\" target=\"_blank\" rel=\"noreferrer noopener nofollow\"><strong>tres n\u00facleos urbanos<\/strong><\/a> bien diferenciados que mezclan la historia y cultura andaluza con aspectos m\u00e1s modernos e innovadores.<\/p>        <h3 class=\"wp-block-heading\"><strong>Mijas pueblo<\/strong><\/h3>        <p>Est\u00e1 situado en la ladera de la sierra hom\u00f3nima. Cuenta con un hermoso casco hist\u00f3rico que fue declarado en 1969 como \u2018<strong>Conjunto Hist\u00f3rico-Art\u00edstico\u2019<\/strong> y que presenta un trazado de origen \u00e1rabe. Por lo tanto, es el lugar perfecto para disfrutar del lado cultural e hist\u00f3rico de la localidad, ya que <a href=\"https:\/\/turismo.mijas.es\/es\/\" target=\"_blank\" rel=\"noreferrer noopener nofollow\">all\u00ed encontramos algunos de sus puntos m\u00e1s tur\u00edsticos<\/a>, como:<\/p>        <ul class=\"wp-block-list\">  <li>La <strong>Iglesia Parroquial de la Inmaculada Concepci\u00f3n<\/strong>,<\/li>  <li>La <strong>Muralla \u00c1rabe<\/strong>, una antiqu\u00edsima fortaleza que ahora destaca por ser un impresionante mirador con vistas a la <strong>Costa del Sol<\/strong>.<\/li>  <li>El santuario de la <strong>Virgen de Pe\u00f1a<\/strong>, la patrona del pueblo, y el cual data del s. XVII.<\/li>  <li><strong>La plaza de toros local<\/strong>, con su caracter\u00edstica forma ovalada.<\/li>  <li>Numerosos museos, como la <strong>Casa Museo de la Villa<\/strong> (de car\u00e1cter hist\u00f3rico-etnol\u00f3gico), el <strong>Centro de Arte Contempor\u00e1neo<\/strong> (el cual incluye obras de <strong>Picasso<\/strong>, <strong>Dal\u00ed<\/strong> o <strong>Mir\u00f3<\/strong>), el <strong>Carromato de Mijas<\/strong> (con una colecci\u00f3n de miniaturas) o el <strong>Molino de Harina<\/strong>.<\/li>  <\/ul>        <h3 class=\"wp-block-heading\"><strong>Las Lagunas<\/strong><\/h3>        <p>Tambi\u00e9n conocida como <strong>Mijas Costa<\/strong>, pertenece al mismo n\u00facleo urbano que <strong>Fuengirola<\/strong>, ya que solo est\u00e1 separada de esta localidad por la A-7. Destaca por ser la <strong>zona m\u00e1s moderna de Mijas<\/strong>, albergando el principal n\u00facleo industrial y comercial del municipio. De ah\u00ed que tambi\u00e9n aglutine a m\u00e1s de la mitad de su poblaci\u00f3n total, con <strong>casi 50.000 habitantes<\/strong> seg\u00fan datos del INE de 2022.<\/p>        <p>Como particularidad, se trata tambi\u00e9n de la <strong>zona de mayor crecimiento de Mijas<\/strong>, porque <a href=\"https:\/\/www.mijas.es\/files\/adjuntos\/medioambiente\/aDescripcion_del_entorno_urbano.pdf\" target=\"_blank\" rel=\"noreferrer noopener nofollow\">casi nueve de cada diez construcciones<\/a> existentes en Las Lagunas se han realizado en los \u00faltimos 50 a\u00f1os. Por lo que all\u00ed podr\u00e1s encontrar una variada oferta de ocio que incluye cines, teatros, parques, centros culturales y zonas recreativas.<\/p>        <p>Aunque su gran \u2018joya\u2019 es <a href=\"https:\/\/www.vacalia.com\/es\/las-lagunas-p1442\" target=\"_blank\" rel=\"noreferrer noopener nofollow\"><strong>su hermoso paraje natural<\/strong><\/a> y que da nombre al enclave, dado que presenta unas impresionantes <strong>lagunas de origen natural<\/strong> que son el hogar de una <strong>gran variedad de especies animales<\/strong> y que est\u00e1n rodeadas por una impresionante vegetaci\u00f3n.<\/p>        <h3 class=\"wp-block-heading\"><strong>La Cala de Mijas<\/strong><\/h3>        <p><strong>Sol y playa.<\/strong> \u00bfSe puede pedir m\u00e1s? Porque vivir en Mijas tambi\u00e9n es garant\u00eda de ambas, especialmente si te decantas instalarte en la parte costera. Un lugar que hace unas pocas d\u00e9cadas destacaba por ser un bello pueblecito playero, pero que en los \u00faltimos a\u00f1os ha experimentado un espectacular desarrollo urbano para convertirse en uno de los <strong>puntos tur\u00edsticos m\u00e1s relevantes de la Costa del Sol<\/strong>.<\/p>        <p>De esta forma, adem\u00e1s de ser una <strong>tranquila zona residencial<\/strong>, La Cala tambi\u00e9n brinda a sus habitantes y visitantes todo lo necesario para tener una extraordinaria calidad de vida: <strong>supermercados, bares y restaurantes, farmacias, espacios comerciales, instalaciones deportivas, un mercadillo semanal<\/strong>\u2026 Y, por supuesto, \u00a1sus impresionantes playas!<\/p>        <p>\u00a1Ah! Y si lo que buscamos es una impresionante postal, no hay m\u00e1s que acercarse a la <strong>Torre Bater\u00eda<\/strong>, una peculiar torre\u00f3n vig\u00eda del s. XVIII. Est\u00e1 construida en mamposter\u00eda de ladrillo; y destaca por su planta de medio c\u00edrculo prolongado con dos espolones en el dorso. De esta forma, est\u00e1 declarada como <strong>Bien de Inter\u00e9s Cultural<\/strong> por formar parte de la antigua l\u00ednea de fortificaci\u00f3n del litoral mediterr\u00e1neo andaluz; y actualmente es la <strong>sede del Centro de Interpretaci\u00f3n de las Torres Vig\u00eda <\/strong>del <strong>Museo Hist\u00f3rico-Etnol\u00f3gico de Mijas<\/strong>.<\/p>        <figure class=\"wp-block-image size-large\"><img decoding=\"async\" width=\"1024\" height=\"683\" class=\"wp-image-6852\" src=\"https:\/\/www.culmia.com\/wp-content\/uploads\/2024\/08\/Culmia-Vivir-Mijas-02-1024x683.jpg\" alt=\"Razones para vivir en Mijas\" title=\"\" srcset=\"https:\/\/www.culmia.com\/wp-content\/uploads\/2024\/08\/Culmia-Vivir-Mijas-02-200x133.jpg 200w, https:\/\/www.culmia.com\/wp-content\/uploads\/2024\/08\/Culmia-Vivir-Mijas-02-300x200.jpg 300w, https:\/\/www.culmia.com\/wp-content\/uploads\/2024\/08\/Culmia-Vivir-Mijas-02-400x267.jpg 400w, https:\/\/www.culmia.com\/wp-content\/uploads\/2024\/08\/Culmia-Vivir-Mijas-02-600x400.jpg 600w, https:\/\/www.culmia.com\/wp-content\/uploads\/2024\/08\/Culmia-Vivir-Mijas-02-768x512.jpg 768w, https:\/\/www.culmia.com\/wp-content\/uploads\/2024\/08\/Culmia-Vivir-Mijas-02-800x533.jpg 800w, https:\/\/www.culmia.com\/wp-content\/uploads\/2024\/08\/Culmia-Vivir-Mijas-02-1024x683.jpg 1024w, https:\/\/www.culmia.com\/wp-content\/uploads\/2024\/08\/Culmia-Vivir-Mijas-02-1200x800.jpg 1200w, https:\/\/www.culmia.com\/wp-content\/uploads\/2024\/08\/Culmia-Vivir-Mijas-02-1536x1024.jpg 1536w, https:\/\/www.culmia.com\/wp-content\/uploads\/2024\/08\/Culmia-Vivir-Mijas-02.jpg 1920w\" sizes=\"(max-width: 1024px) 100vw, 1024px\" \/><\/figure>        <h2 class=\"wp-block-heading\"><strong>Ventajas de vivir en Mijas<\/strong><\/h2>        <p>Despu\u00e9s de todo lo dicho, \u00bftodav\u00eda necesitas m\u00e1s razones para decidirte a vivir en Mijas? Pues toma nota, porque te las damos a continuaci\u00f3n:<\/p>        <h3 class=\"wp-block-heading\"><strong>Es uno de los cinco mejores lugares de Espa\u00f1a para vivir<\/strong><\/h3>        <p><a href=\"https:\/\/mijascomunicacion.com\/actualidad\/28357\/mijas-entre-los-cinco-mejores-lugares-de-espana-para-vivir-y-jubilarse\/\" target=\"_blank\" rel=\"noreferrer noopener nofollow\">As\u00ed lo asegura la revista <strong>\u2018International Living\u2019<\/strong><\/a>, ya que la recomienda como ciudad para \u201cvivir y jubilarse\u201d junto a <strong>Almu\u00f1\u00e9car (Granada)<\/strong>, <strong>Sitges (Barcelona)<\/strong> o <strong>Miraflores de la Sierra (Madrid)<\/strong>. En este sentido, destaca el alto \u00edndice de extranjeros que hay en Mijas, mucho de los cuales la eligen para retirarse tras trabajar durante toda su vida. Y tambi\u00e9n alaba que sea una localidad muy completa, pues al mar y la sierra a\u00f1ade las opciones de deporte y sus infraestructuras.<\/p>        <h3 class=\"wp-block-heading\"><strong>La calidad de sus playas<\/strong><\/h3>        <p>Vivir en Mijas es sin\u00f3nimo de una costa de calidad. <a href=\"https:\/\/aeplayas.es\/las-tres-banderas-azules-y-las-nueve-q-de-calidad-ya-ondean-en-las-playas-de-mijas\/\" target=\"_blank\" rel=\"noreferrer noopener nofollow\">Sus playas presentan<\/a> <strong>nueve banderas Q de Calidad Tur\u00edstica<\/strong> <strong>y tres Banderas Azules<\/strong>, a lo que hay que sumar que el resto del litoral posee la <strong>Certificaci\u00f3n Medioambiental ISO 14.001<\/strong>. Esto quiere decir que se garantiza la conservaci\u00f3n de sus valores naturales, algo especialmente importante si se tiene en cuenta que el fondo marino de la zona destaca por su <strong>gran biodiversidad<\/strong>: en \u00e9l se pueden encontrar especies europeas, atl\u00e1nticas, mediterr\u00e1neas y africanas.<\/p>        <h3 class=\"wp-block-heading\"><strong>Su excepcional clima<\/strong><\/h3>        <p>Aunque ya es sabido y no sorprende a nadie, no est\u00e1 de m\u00e1s recordarlo:<strong> el clima de Mijas <\/strong>es envidiable,<strong> con cerca de 300 d\u00edas de sol al a\u00f1o<\/strong>, unas temperaturas medias que rondan los<strong> 18\u00baC y pocas precipitaciones: apenas 600 ml. anuales <\/strong>que se concentran, en su mayor\u00eda, en los \u00faltimos meses del a\u00f1o.<\/p>        <p>Por lo tanto, es un magn\u00edfico exponente de las bondades del clima Mediterr\u00e1neo; y \u00a0que tiene la <a href=\"https:\/\/www.guiademijas.es\/sobre-mijas\/el-tiempo-en-mijas\/\" target=\"_blank\" rel=\"noreferrer noopener nofollow\">ventaja a\u00f1adida de variar<\/a> en funci\u00f3n de si nos encontramos en la zona de la sierra (con temperaturas m\u00e1s frescas) o bajamos hasta la costa (m\u00e1s c\u00e1lidas).<\/p>        <h3 class=\"wp-block-heading\"><strong>Pr\u00e1ctica deportiva<\/strong><\/h3>        <p>Los apasionados del deporte tambi\u00e9n pueden felicitarse de vivir en Mijas, porque el municipio ofrece diversas alternativas. Por un lado est\u00e1n sus <strong>numerosos y prestigiosos campos de golf <\/strong>repartidos por las \u00e1reas pr\u00f3ximas a la costa. Por el otro, el famoso <strong>Hip\u00f3dromo de la Costa del Sol<\/strong> situado en <strong>Mijas Costa<\/strong>. Y sin olvidar, por supuesto, de actividades ideales para las caracter\u00edsticas geogr\u00e1ficas del municipio, como el <strong>senderismo<\/strong> (con numerosas rutas por su macizo monta\u00f1oso) y <strong>recorridos espec\u00edficos para disfrutar en bicicleta<\/strong>.<\/p>        <figure class=\"wp-block-image size-large\"><img decoding=\"async\" width=\"1024\" height=\"683\" class=\"wp-image-6851\" src=\"https:\/\/www.culmia.com\/wp-content\/uploads\/2024\/08\/Culmia-Vivir-Mijas-01-1024x683.jpg\" alt=\"Ventajas de vivir en Mijas\" title=\"\" srcset=\"https:\/\/www.culmia.com\/wp-content\/uploads\/2024\/08\/Culmia-Vivir-Mijas-01-200x133.jpg 200w, https:\/\/www.culmia.com\/wp-content\/uploads\/2024\/08\/Culmia-Vivir-Mijas-01-300x200.jpg 300w, https:\/\/www.culmia.com\/wp-content\/uploads\/2024\/08\/Culmia-Vivir-Mijas-01-400x267.jpg 400w, https:\/\/www.culmia.com\/wp-content\/uploads\/2024\/08\/Culmia-Vivir-Mijas-01-600x400.jpg 600w, https:\/\/www.culmia.com\/wp-content\/uploads\/2024\/08\/Culmia-Vivir-Mijas-01-768x512.jpg 768w, https:\/\/www.culmia.com\/wp-content\/uploads\/2024\/08\/Culmia-Vivir-Mijas-01-800x533.jpg 800w, https:\/\/www.culmia.com\/wp-content\/uploads\/2024\/08\/Culmia-Vivir-Mijas-01-1024x683.jpg 1024w, https:\/\/www.culmia.com\/wp-content\/uploads\/2024\/08\/Culmia-Vivir-Mijas-01-1200x800.jpg 1200w, https:\/\/www.culmia.com\/wp-content\/uploads\/2024\/08\/Culmia-Vivir-Mijas-01-1536x1024.jpg 1536w, https:\/\/www.culmia.com\/wp-content\/uploads\/2024\/08\/Culmia-Vivir-Mijas-01.jpg 1920w\" sizes=\"(max-width: 1024px) 100vw, 1024px\" \/><\/figure>        <h3 class=\"wp-block-heading\"><strong>Sus fiestas y tradiciones<\/strong><\/h3>        <p>Vivir en Mijas tambi\u00e9n resulta atractivo por ser una zona especialmente tranquila. Pero a la vez, quienes <strong>buscan ocio y fiesta pueden encontrarlo sin problemas<\/strong>. Entre su calendario principal de eventos, <a href=\"https:\/\/turismo.mijas.es\/es\/cultura\/fiestas\" target=\"_blank\" rel=\"noreferrer noopener nofollow\">encontramos<\/a>:<\/p>        <ul class=\"wp-block-list\">  <li>Las <strong>fiestas locales<\/strong> durante la primera quincena de septiembre (d\u00eda 8), en las que se celebra el d\u00eda de la <strong>Patrona<\/strong>, la <strong>Virgen de la Pe\u00f1a<\/strong>.<\/li>  <li>La <strong>festividad de San Ant\u00f3n<\/strong> en la pedan\u00eda de <strong>Osunillas<\/strong>, a apenas kil\u00f3metro y medio del pueblo. Este es el patr\u00f3n de los animales, de forma que es tradici\u00f3n acudir con las mascotas para que sean bendecidas.<\/li>  <li>El <strong>d\u00eda del Carmen<\/strong> (16 de julio), en el que se realiza la famosa procesi\u00f3n de <strong>La Cala<\/strong>.<\/li>  <li>La festividad de la <strong>Cruz de Mayo<\/strong>, <a href=\"https:\/\/mijascomunicacion.com\/actualidad\/27576\/la-alqueria-de-mijas-celebra-un-ano-mas-su-tradicional-fiesta-de-la-cruz-de-mayo\/\" target=\"_blank\" rel=\"noreferrer noopener nofollow\">con una ofrenda floral<\/a> y diversas actividades de ocio y culturales.<\/li>  <li>El <strong>D\u00eda del Turista<\/strong>, el cual <a href=\"https:\/\/turismo.mijas.es\/es\/noticias\/963-mijas-celebra-el-dia-del-turista-para-agradecer-y-rendir-homenaje-a-todos-sus-visitantes\" target=\"_blank\" rel=\"noreferrer noopener nofollow\">se celebra cada a\u00f1o a finales de septiembre<\/a> para rendir homenaje a sus visitantes.<\/li>  <li>Las <a href=\"https:\/\/mijascomunicacion.com\/actualidad\/31371\/el-area-de-turismo-estrena-en-mijas-pueblo-el-programa-veladas-con-alma\/\" target=\"_blank\" rel=\"noreferrer noopener nofollow\"><strong>Veladas con Alma<\/strong><\/a>, un programa de actividades en <strong>Mijas Pueblo<\/strong> para las noches de los mi\u00e9rcoles de julio y agosto, con <strong>m\u00fasica en vivo, baile y flamenco, adem\u00e1s de un mercado de artesan\u00edas<\/strong>.<\/li>  <\/ul>        <h2 class=\"wp-block-heading\"><strong>Culmia te pone f\u00e1cil tu elecci\u00f3n para vivir en Mijas<\/strong><\/h2>        <p class=\"has-normal-font-size\">Como ves, <strong>merece mucho la pena vivir en Mijas<\/strong>. Y otra de las ventajas de hacerlo es que no necesitas pensar mucho el lugar exacto, porque nosotros te damos todo para que tu elecci\u00f3n sea f\u00e1cil. Nos referimos a nuestra <a href=\"https:\/\/www.culmia.com\/es\/promociones\/malaga\/mijas\/culmia-cala-swing-mijas?utm_medium=blog&amp&utm_source=online&amp&utm_campaign=vivir_en_mijas_consejos_practicos_para_tu_hogar_o_refugio_vacaciones%3Ano%3Aany&amp&utm_content=promocionesculmiacalaswingmijas\" target=\"_blank\" rel=\"noreferrer noopener\">promoci\u00f3n de obra nueva <strong>CULMIA Cala Swing Mijas<\/strong><\/a>, un proyecto de obra nueva que est\u00e1 ubicado en un lugar privilegiado de <strong>La Cala<\/strong>.<\/p>        <p class=\"has-normal-font-size\">En concreto, se encuentra a apenas media hora en coche de <strong>Marbella<\/strong> y del <strong>aeropuerto malacitano<\/strong>, y a un cuarto de hora de <strong>Fuengirola<\/strong>. As\u00ed que ofrece lo mejor del mar y la sierra: por un lado, podr\u00e1s disfrutar de las <strong>playas m\u00e1s espectaculares de la Costa del Sol; mientras que, por el otro,<\/strong> tambi\u00e9n tendr\u00e1s \u2018a tiro de piedra\u2019 <a href=\"https:\/\/www.culmia.com\/blog\/vivir-en-la-montana?utm_medium=blog&amp&utm_source=online&amp&utm_campaign=vivir_en_mijas_consejos_practicos_para_tu_hogar_o_refugio_vacaciones%3Ano%3Aany&amp&utm_content=vivirenlamontanaventajasymejoreszonas\">el macizo local<\/a>.<\/p>        <p class=\"has-normal-font-size\">Y, por supuesto, tambi\u00e9n tendr\u00e1s todo lo necesario para hacer vida en la localidad, porque adem\u00e1s de estar situada junto al campo de <strong>Golf Calanova Golf Club<\/strong>, cuenta con <strong>supermercados, farmacias, centros educativos, comercios y mercadillos<\/strong> con todo tipo de productos.<\/p>        <figure class=\"wp-block-image size-large\"><img decoding=\"async\" width=\"1024\" height=\"683\" class=\"wp-image-6850\" src=\"https:\/\/www.culmia.com\/wp-content\/uploads\/2024\/08\/Culmia-Vivir-Mijas-Cala-Swing-1024x683.jpg\" alt=\"Promoci\u00f3n Culmia Cala Swing Mijas\" title=\"\" srcset=\"https:\/\/www.culmia.com\/wp-content\/uploads\/2024\/08\/Culmia-Vivir-Mijas-Cala-Swing-200x133.jpg 200w, https:\/\/www.culmia.com\/wp-content\/uploads\/2024\/08\/Culmia-Vivir-Mijas-Cala-Swing-300x200.jpg 300w, https:\/\/www.culmia.com\/wp-content\/uploads\/2024\/08\/Culmia-Vivir-Mijas-Cala-Swing-400x267.jpg 400w, https:\/\/www.culmia.com\/wp-content\/uploads\/2024\/08\/Culmia-Vivir-Mijas-Cala-Swing-600x400.jpg 600w, https:\/\/www.culmia.com\/wp-content\/uploads\/2024\/08\/Culmia-Vivir-Mijas-Cala-Swing-768x512.jpg 768w, https:\/\/www.culmia.com\/wp-content\/uploads\/2024\/08\/Culmia-Vivir-Mijas-Cala-Swing-800x533.jpg 800w, https:\/\/www.culmia.com\/wp-content\/uploads\/2024\/08\/Culmia-Vivir-Mijas-Cala-Swing-1024x683.jpg 1024w, https:\/\/www.culmia.com\/wp-content\/uploads\/2024\/08\/Culmia-Vivir-Mijas-Cala-Swing-1200x800.jpg 1200w, https:\/\/www.culmia.com\/wp-content\/uploads\/2024\/08\/Culmia-Vivir-Mijas-Cala-Swing-1536x1024.jpg 1536w, https:\/\/www.culmia.com\/wp-content\/uploads\/2024\/08\/Culmia-Vivir-Mijas-Cala-Swing.jpg 1920w\" sizes=\"(max-width: 1024px) 100vw, 1024px\" \/>  <figcaption>Promoci\u00f3n Culmia Cala Swing Mijas<\/figcaption>  <\/figure>        <h3 class=\"wp-block-heading\"><strong>As\u00ed es esta espectacular promoci\u00f3n de obra nueva en La Caja de Mijas<\/strong><\/h3>        <p><strong>CULMIA Cala Swing Mijas<\/strong> est\u00e1 compuesta por <strong>155 viviendas de 1,2 y 3 dormitorios<\/strong>, abarcando desde plantas bajas con jard\u00edn privado a \u00e1ticos con impresionantes vistas al mencionado campo de golf. Y entre las ventajas de sus inmuebles, <strong>encontramos amplias terrazas, plazas de garaje y trasteros<\/strong>, as\u00ed como unas magn\u00edficas zonas comunes que invitan a \u2018perderse\u2019 en ellas: <strong>piscina comunitaria, Espacio Club Social, zonas ajardinadas y Espacio Gym<\/strong>.<\/p>        <p>Y no nos olvidamos de lo mejor de la <strong>tecnolog\u00eda<\/strong>, porque gracias a nuestra aplicaci\u00f3n <strong>CulmiaHome<\/strong> podr\u00e1s gestionar diferentes aspectos de tu vida diaria (como la apertura de puertas comunitarias del residencial o la gesti\u00f3n de los buzones inteligentes) con un solo \u2018clic\u2019.<\/p>        <figure class=\"wp-block-image size-large\"><a href=\"https:\/\/www.culmia.com\/blog\/guia-comprar-casa?utm_source=blogculmia&amp&utm_medium=inbound&amp&utm_campaign=cta_descarga_guia_comprar_casa\"><img decoding=\"async\" class=\"wp-image-2093\" src=\"https:\/\/www.culmia.com\/wp-content\/uploads\/2022\/07\/cta_guia_comprar_una_casa.png\" alt=\"Gu\u00eda para comprar una casa\" title=\"\"><\/a><\/figure>        <p>En definitiva, se trata de la promoci\u00f3n perfecta de obra nueva para disfrutar de la vida en la <strong>Costa del Sol<\/strong>. Una oportunidad \u00fanica que te est\u00e1 esperando\u2026 \u00a1as\u00ed que no deber\u00edas dejarla escapar!<\/p>        <p>Te recomendamos:<\/p>        <ul class=\"wp-block-list\">  <li><a href=\"https:\/\/www.culmia.com\/blog\/vivir-en-jaen?utm_medium=blog&amp&utm_source=online&amp&utm_campaign=vivir_en_mijas_consejos_practicos_para_tu_hogar_o_refugio_vacaciones%3Ano%3Aany&amp&utm_content=vivirenjaentuguiacompleta\" target=\"_blank\" rel=\"noreferrer noopener\">Vivir en Ja\u00e9n: tu gu\u00eda completa para conocer la ciudad y sus encantos<\/a><\/li>  <li><a href=\"https:\/\/www.culmia.com\/blog\/vivir-en-granada-ventajas?utm_medium=blog&amp&utm_source=online&amp&utm_campaign=vivir_en_mijas_consejos_practicos_para_tu_hogar_o_refugio_vacaciones%3Ano%3Aany&amp&utm_content=vivirengranada\" target=\"_blank\" rel=\"noreferrer noopener\">Vivir en Granada: m\u00e1s que una ciudad, un estilo de vida<\/a><\/li>  <\/ul>        <p>&nbsp;<\/p>","protected":false},"excerpt":{"rendered":"<p>Vivir en Mijas: lo m\u00e1s importante que debes saber Mijas &#8230;<\/p>\n","protected":false},"author":5,"featured_media":6853,"comment_status":"closed","ping_status":"open","sticky":false,"template":"","format":"standard","meta":{"_acf_changed":false,"footnotes":""},"categories":[121],"tags":[494,495,496,497,498,467,397],"class_list":["post-6848","post","type-post","status-publish","format-standard","has-post-thumbnail","hentry","category-actualidad","tag-costa-del-sol","tag-culmia-cala-swing-mijas","tag-malaga","tag-mijas","tag-playa","tag-promocion-culmia","tag-vivir"],"acf":[],"_links":{"self":[{"href":"https:\/\/www.culmia.com\/es\/wp-json\/wp\/v2\/posts\/6848","targetHints":{"allow":["GET"]}}],"collection":[{"href":"https:\/\/www.culmia.com\/es\/wp-json\/wp\/v2\/posts"}],"about":[{"href":"https:\/\/www.culmia.com\/es\/wp-json\/wp\/v2\/types\/post"}],"author":[{"embeddable":true,"href":"https:\/\/www.culmia.com\/es\/wp-json\/wp\/v2\/users\/5"}],"replies":[{"embeddable":true,"href":"https:\/\/www.culmia.com\/es\/wp-json\/wp\/v2\/comments?post=6848"}],"version-history":[{"count":1,"href":"https:\/\/www.culmia.com\/es\/wp-json\/wp\/v2\/posts\/6848\/revisions"}],"predecessor-version":[{"id":29564,"href":"https:\/\/www.culmia.com\/es\/wp-json\/wp\/v2\/posts\/6848\/revisions\/29564"}],"wp:featuredmedia":[{"embeddable":true,"href":"https:\/\/www.culmia.com\/es\/wp-json\/wp\/v2\/media\/6853"}],"wp:attachment":[{"href":"https:\/\/www.culmia.com\/es\/wp-json\/wp\/v2\/media?parent=6848"}],"wp:term":[{"taxonomy":"category","embeddable":true,"href":"https:\/\/www.culmia.com\/es\/wp-json\/wp\/v2\/categories?post=6848"},{"taxonomy":"post_tag","embeddable":true,"href":"https:\/\/www.culmia.com\/es\/wp-json\/wp\/v2\/tags?post=6848"}],"curies":[{"name":"wp","href":"https:\/\/api.w.org\/{rel}","templated":true}]}}