{"id":6723,"date":"2024-07-23T11:00:00","date_gmt":"2024-07-23T11:00:00","guid":{"rendered":"https:\/\/www.culmia.com\/blog\/?p=6723"},"modified":"2026-01-19T11:59:32","modified_gmt":"2026-01-19T10:59:32","slug":"vivir-en-jaen","status":"publish","type":"post","link":"https:\/\/www.culmia.com\/es\/blog\/vivir-en-jaen\/","title":{"rendered":"Vivir en Ja\u00e9n: tu gu\u00eda completa para conocer la ciudad y sus encantos"},"content":{"rendered":"<p>Elegir Andaluc\u00eda como lugar de residencia suele ser una buena decisi\u00f3n. De hecho, en <strong>CULMIA<\/strong> ya te hemos hablado de las ventajas y bondades de algunas de sus provincias y lugares m\u00e1s carism\u00e1ticos, como <a href=\"https:\/\/www.culmia.com\/blog\/vivir-en-cordoba-ventajas-y-mejores-zonas?utm_medium=blog&amp&utm_source=online&amp&utm_campaign=vivir_en_jaen_tu_guia_completa%3Ano%3Aany&amp&utm_content=vivirencordobaventajasymejoreszonas\" target=\"_blank\" rel=\"noreferrer noopener\"><strong>C\u00f3rdoba<\/strong><\/a><strong>, <\/strong><a href=\"https:\/\/www.culmia.com\/blog\/vivir-en-granada-ventajas?utm_medium=blog&amp&utm_source=online&amp&utm_campaign=vivir_en_jaen_tu_guia_completa%3Ano%3Aany&amp&utm_content=ventajasdevivirengranada\" target=\"_blank\" rel=\"noreferrer noopener\"><strong>Granada<\/strong><\/a> o <a href=\"https:\/\/www.culmia.com\/blog\/como-es-vivir-en-malaga-disfruta-del-sol-casi-todo-el-ano?utm_medium=blog&amp&utm_source=online&amp&utm_campaign=vivir_en_jaen_tu_guia_completa%3Ano%3Aany&amp&utm_content=comoesvivirenmalaga\" target=\"_blank\" rel=\"noreferrer noopener\"><strong>M\u00e1laga<\/strong><\/a>. Pero la <strong>Comunidad Aut\u00f3noma<\/strong> m\u00e1s grande de <strong>Espa\u00f1a<\/strong> todav\u00eda puede dar mucho m\u00e1s de s\u00ed, por lo que hoy ampliamos nuestro repaso para contarte las razones por las que debes contemplar la opci\u00f3n de vivir en <strong>Ja\u00e9n<\/strong>.<\/p>        <p>\u00bfQu\u00e9 te parece, te animas a conocer uno de los lugares m\u00e1s hermosos y, a la vez, m\u00e1s desconocidos de la <strong>geograf\u00eda nacional<\/strong>?<\/p>        <figure class=\"wp-block-image size-large\"><img decoding=\"async\" width=\"1024\" height=\"683\" class=\"wp-image-6727\" src=\"https:\/\/www.culmia.com\/wp-content\/uploads\/2024\/07\/Culmia-vivir-Jaen-02-1024x683.jpg\" alt=\"Beneficios de la vida en Ja\u00e9n\" title=\"\" srcset=\"https:\/\/www.culmia.com\/wp-content\/uploads\/2024\/07\/Culmia-vivir-Jaen-02-200x133.jpg 200w, https:\/\/www.culmia.com\/wp-content\/uploads\/2024\/07\/Culmia-vivir-Jaen-02-300x200.jpg 300w, https:\/\/www.culmia.com\/wp-content\/uploads\/2024\/07\/Culmia-vivir-Jaen-02-400x267.jpg 400w, https:\/\/www.culmia.com\/wp-content\/uploads\/2024\/07\/Culmia-vivir-Jaen-02-600x400.jpg 600w, https:\/\/www.culmia.com\/wp-content\/uploads\/2024\/07\/Culmia-vivir-Jaen-02-768x512.jpg 768w, https:\/\/www.culmia.com\/wp-content\/uploads\/2024\/07\/Culmia-vivir-Jaen-02-800x533.jpg 800w, https:\/\/www.culmia.com\/wp-content\/uploads\/2024\/07\/Culmia-vivir-Jaen-02-1024x683.jpg 1024w, https:\/\/www.culmia.com\/wp-content\/uploads\/2024\/07\/Culmia-vivir-Jaen-02-1200x800.jpg 1200w, https:\/\/www.culmia.com\/wp-content\/uploads\/2024\/07\/Culmia-vivir-Jaen-02-1536x1024.jpg 1536w, https:\/\/www.culmia.com\/wp-content\/uploads\/2024\/07\/Culmia-vivir-Jaen-02.jpg 1920w\" sizes=\"(max-width: 1024px) 100vw, 1024px\" \/><\/figure>        <h2 class=\"wp-block-heading\"><strong>Lo que necesitas saber de Ja\u00e9n<\/strong><\/h2>        <p>En este art\u00edculo vamos a centrarnos en todo lo que nos ofrece la <strong>ciudad de Ja\u00e9n<\/strong>, capital de la provincia hom\u00f3nima. As\u00ed, te traemos algunos datos clave que te ayudar\u00e1n a conocerla mejor:<\/p>        <ul class=\"wp-block-list\">  <li><strong>Extensi\u00f3n:<\/strong> 424,09 km<sup>2<\/sup>.<\/li>  <li><strong>Poblaci\u00f3n total (2023):<\/strong> 111 767 personas.<\/li>  <li><strong>Altitud sobre el nivel del mar:<\/strong> 573 metros.<\/li>  <li><strong>N\u00famero de n\u00facleos que componen el municipio:<\/strong> 9.<\/li>  <li><strong>Edad media (2022):<\/strong> 43,6 a\u00f1os.<\/li>  <\/ul>        <p>Por lo tanto, es la capital de provincia andaluza con menos poblaci\u00f3n e incluso <a href=\"https:\/\/www.larazon.es\/andalucia\/sevilla\/estas-son-ciudades-mas-habitantes-andalucia_202305086458bec6f921370001a6e0fc.html\" target=\"_blank\" rel=\"noreferrer noopener nofollow\">est\u00e1 por detr\u00e1s en este aspecto<\/a> de otras ciudades de la regi\u00f3n que no lo son, como <strong>Jerez<\/strong>, <strong>Algeciras<\/strong> o <strong>Dos Hermanas<\/strong>. Algo que muchas personas ver\u00e1n como una ventaja por el hecho de que <strong>vivir en Ja\u00e9n es sin\u00f3nimo de tranquilidad<\/strong>.<\/p>        <p>\u00bfY qu\u00e9 destaca Ja\u00e9n de s\u00ed misma? El lema tur\u00edstico de la provincia es <strong>\u2018Ja\u00e9n, para\u00edso interior\u2019<\/strong>; porque aunque no puede presumir de tener mar, como vamos a ir viendo, cuenta con otros grandes atractivos. E incluso su lejan\u00eda de la costa tampoco es preocupante, ya que <a href=\"https:\/\/www.ideal.es\/jaen\/jaen\/201608\/15\/playas-jaen-20160814171839.html\" target=\"_blank\" rel=\"noreferrer noopener nofollow\"><strong>las playas de Salobre\u00f1a o de Torrenueva<\/strong><\/a><strong> est\u00e1n a una hora y media <\/strong>por carretera de la capital (156 km).<\/p>        <h2 class=\"wp-block-heading\"><strong>Ventajas de vivir en Ja\u00e9n <\/strong><\/h2>        <h3 class=\"wp-block-heading\"><strong>Es la capital mundial del aceite de oliva<\/strong><\/h3>        <p>Los beneficios para la salud de a\u00f1adir <strong>aceite de oliva<\/strong> a la dieta <a href=\"https:\/\/www.nationalgeographic.es\/ciencia\/2023\/11\/aceite-oliva-beneficio-salud-alimento-medicina\" target=\"_blank\" rel=\"noreferrer noopener nofollow\">est\u00e1n fuera de toda duda<\/a>, por lo que para los jienenses es motivo de orgullo que se conozca a la provincia como la <strong>capital mundial del \u2018oro l\u00edquido\u2019<\/strong>.<\/p>        <p>De hecho, esta es una ventaja doble por lo que aporta a sus habitantes desde los puntos de vista culinario y medioambiental: adem\u00e1s de ser clave para la <strong>industria olivarera y gastron\u00f3mica de Espa\u00f1a<\/strong>, tambi\u00e9n ofrece el <strong>mayor bosque humanizado del planeta<\/strong> gracias <a href=\"https:\/\/www.dipujaen.es\/yoelijojaen10diaprovincia\/meses-lemas\/noviembre.html\" target=\"_blank\" rel=\"noreferrer noopener nofollow\">a sus m\u00e1s de <strong>66 millones de olivos<\/strong><\/a>.<\/p>        <h3 class=\"wp-block-heading\"><strong>M\u00e1s de 3 000 horas de sol al a\u00f1o<\/strong><\/h3>        <p>Vivir en Ja\u00e9n implica tener un clima de tipo <strong>mediterr\u00e1neo continental<\/strong>. En este influye\u00a0 la cercan\u00eda del <strong>Valle del Guadalquivir<\/strong>, ya que condiciona la circulaci\u00f3n atmosf\u00e9rica de la provincia. As\u00ed, <a href=\"https:\/\/es.weatherspark.com\/y\/36637\/Clima-promedio-en-Ja%C3%A9n-Espa%C3%B1a-durante-todo-el-a%C3%B1o\" rel=\"nofollow noopener\" target=\"_blank\">sus habitantes est\u00e1n acostumbrados a tener<\/a> <strong>veranos c\u00e1lidos, \u00e1ridos y con cielos mayormente despejados<\/strong>; mientras que <strong>los inviernos tienden a ser fr\u00edos y parcialmente nublados<\/strong>.<\/p>        <p>En cuanto a la lluvia, <strong>Ja\u00e9n presenta gran variabilidad en sus precipitaciones<\/strong>, aunque los datos existentes indican que <a href=\"https:\/\/ujacep.ujaen.es\/sites\/centro_ujacep\/files\/uploads\/node_book\/2022-12\/Ponencia%204%20.pdf\" target=\"_blank\" rel=\"noreferrer noopener nofollow\">esta suele situarse en 500 l\/m<sup>2<\/sup> al a\u00f1o<\/a> y que anualmente <a href=\"https:\/\/www.tutiempo.net\/clima\/2020\/ws-84170.html\" target=\"_blank\" rel=\"noreferrer noopener nofollow\">no hay m\u00e1s de 100 d\u00edas \u2018h\u00famedos\u2019<\/a>. No en vano, Ja\u00e9n es una de las provincias espa\u00f1olas con m\u00e1s horas del sol, <strong>con cerca de 3 200 cada a\u00f1o<\/strong>.<\/p>        <figure class=\"wp-block-image size-large\"><img decoding=\"async\" width=\"1024\" height=\"683\" class=\"wp-image-6728\" src=\"https:\/\/www.culmia.com\/wp-content\/uploads\/2024\/07\/Culmia-vivir-Jaen-Castillo-Santa-Catalina-1024x683.jpg\" alt=\"Castillo de Santa Catalina de Ja\u00e9n\" title=\"\" srcset=\"https:\/\/www.culmia.com\/wp-content\/uploads\/2024\/07\/Culmia-vivir-Jaen-Castillo-Santa-Catalina-200x133.jpg 200w, https:\/\/www.culmia.com\/wp-content\/uploads\/2024\/07\/Culmia-vivir-Jaen-Castillo-Santa-Catalina-300x200.jpg 300w, https:\/\/www.culmia.com\/wp-content\/uploads\/2024\/07\/Culmia-vivir-Jaen-Castillo-Santa-Catalina-400x267.jpg 400w, https:\/\/www.culmia.com\/wp-content\/uploads\/2024\/07\/Culmia-vivir-Jaen-Castillo-Santa-Catalina-600x400.jpg 600w, https:\/\/www.culmia.com\/wp-content\/uploads\/2024\/07\/Culmia-vivir-Jaen-Castillo-Santa-Catalina-768x512.jpg 768w, https:\/\/www.culmia.com\/wp-content\/uploads\/2024\/07\/Culmia-vivir-Jaen-Castillo-Santa-Catalina-800x533.jpg 800w, https:\/\/www.culmia.com\/wp-content\/uploads\/2024\/07\/Culmia-vivir-Jaen-Castillo-Santa-Catalina-1024x683.jpg 1024w, https:\/\/www.culmia.com\/wp-content\/uploads\/2024\/07\/Culmia-vivir-Jaen-Castillo-Santa-Catalina-1200x800.jpg 1200w, https:\/\/www.culmia.com\/wp-content\/uploads\/2024\/07\/Culmia-vivir-Jaen-Castillo-Santa-Catalina-1536x1024.jpg 1536w, https:\/\/www.culmia.com\/wp-content\/uploads\/2024\/07\/Culmia-vivir-Jaen-Castillo-Santa-Catalina.jpg 1920w\" sizes=\"(max-width: 1024px) 100vw, 1024px\" \/><\/figure>        <h3 class=\"wp-block-heading\"><strong>La tierra de los castillos<\/strong><\/h3>        <p>\u00bfSab\u00edas que Ja\u00e9n <a href=\"https:\/\/viajes.nationalgeographic.com.es\/lifestyle\/castillos-mas-impresionantes-jaen_19823\" target=\"_blank\" rel=\"noreferrer noopener nofollow\">es la provincia espa\u00f1ola que tiene m\u00e1s castillos<\/a>? Aunque parezca sorprendente, supera a cualquier otro territorio en este aspecto, dado que se estima que cuenta con un total de <strong>237 fortificaciones repartidas entre 97 castillos, 126 atalayas y otras construcciones similares<\/strong>, como vestigios de murallas y castros. Por lo que, si eres un apasionado de la historia, en este lugar te encontrar\u00e1s un mont\u00f3n de lugares para conocer y explorar.<\/p>        <p>Entre los m\u00e1s destacados est\u00e1 el <strong>Castillo de Santa Catalina<\/strong>, situado a unos 5 kil\u00f3metros al oeste de la ciudad y que presenta una figura imponente merced a su ubicaci\u00f3n en lo alto de la colina que le da nombre. O la <strong>Fortaleza de la Mota<\/strong>, de la \u00e9poca nazar\u00ed, situada en <strong>Alcal\u00e1 la Real<\/strong> y destacada por ser un conjunto monumental con tres espacios fortificados: la <strong>medina, el alc\u00e1zar y el arrabal<\/strong>. \u00a1E incluso tienes a tu disposici\u00f3n una \u2018<a href=\"https:\/\/www.jaenparaisointerior.es\/es\/w\/ruta-castillos-y-batallas\" target=\"_blank\" rel=\"noreferrer noopener nofollow\"><strong>Ruta de Castillos y Batallas<\/strong><\/a>\u2019 para no perderte nada!<\/p>        <h3 class=\"wp-block-heading\"><strong>Cultura e historia<\/strong><\/h3>        <p>Siguiendo con el repaso a sus principales edificios y monumentos, vivir en <strong>Ja\u00e9n<\/strong> tambi\u00e9n te permitir\u00e1 disfrutar de un hermoso centro hist\u00f3rico. En \u00e9l encontrar\u00e1s la <strong>Plaza de Santa Mar\u00eda<\/strong>, un enclave espectacular donde se ubican la <strong>Catedral de la Asunci\u00f3n, el Palacio Episcopal y el Palacio Municipal<\/strong>.<\/p>        <p>Junto a ella, tambi\u00e9n podr\u00e1s planear <a href=\"https:\/\/www.frikiporviajar.com\/vivir-en-jaen\/\" target=\"_blank\" rel=\"noreferrer noopener nofollow\">visitas a otros edificios eclesi\u00e1sticos<\/a> que merecen mucho la pena, como la <strong>Bas\u00edlica de San Ildefonso<\/strong> (donde se encuentra el <strong>Santuario de la Virgen de la Capilla<\/strong>, copatrona de la ciudad), el <strong>convento de las Bernardas, la iglesia del San Roque o la de Cristo Rey<\/strong>.<\/p>        <p>Y si prefieres decantarte por una opci\u00f3n puramente cultural, <strong>Ja\u00e9n tambi\u00e9n es sin\u00f3nimo de museos de calidad<\/strong>. Por ejemplo, el provincial con exposiciones permanentes de <strong>Bellas Artes y Arqueolog\u00eda<\/strong> (as\u00ed como otras temporales); el <strong>\u00cdbero<\/strong>, de reciente inauguraci\u00f3n y que cuenta con una gran colecci\u00f3n de <strong>arte ib\u00e9rico<\/strong>; o <a href=\"https:\/\/www.dipujaen.es\/conoce-diputacion\/areas-organismos-empresas\/areaC\/centro-cultural-palacio-villadompardo\/banios-arabes\/\" target=\"_blank\" rel=\"noreferrer noopener nofollow\">los <strong>Ba\u00f1os \u00c1rabes<\/strong><\/a>, originarios del s. XI y que se encuentran situados en el <strong>Palacio de Villardompardo<\/strong>.<\/p>        <figure class=\"wp-block-image size-large\"><img decoding=\"async\" width=\"1024\" height=\"683\" class=\"wp-image-6726\" src=\"https:\/\/www.culmia.com\/wp-content\/uploads\/2024\/07\/Culmia-vivir-Jaen-03-1024x683.jpg\" alt=\"Ventajas de vivir en Ja\u00e9n\" title=\"\" srcset=\"https:\/\/www.culmia.com\/wp-content\/uploads\/2024\/07\/Culmia-vivir-Jaen-03-200x133.jpg 200w, https:\/\/www.culmia.com\/wp-content\/uploads\/2024\/07\/Culmia-vivir-Jaen-03-300x200.jpg 300w, https:\/\/www.culmia.com\/wp-content\/uploads\/2024\/07\/Culmia-vivir-Jaen-03-400x267.jpg 400w, https:\/\/www.culmia.com\/wp-content\/uploads\/2024\/07\/Culmia-vivir-Jaen-03-600x400.jpg 600w, https:\/\/www.culmia.com\/wp-content\/uploads\/2024\/07\/Culmia-vivir-Jaen-03-768x512.jpg 768w, https:\/\/www.culmia.com\/wp-content\/uploads\/2024\/07\/Culmia-vivir-Jaen-03-800x533.jpg 800w, https:\/\/www.culmia.com\/wp-content\/uploads\/2024\/07\/Culmia-vivir-Jaen-03-1024x683.jpg 1024w, https:\/\/www.culmia.com\/wp-content\/uploads\/2024\/07\/Culmia-vivir-Jaen-03-1200x800.jpg 1200w, https:\/\/www.culmia.com\/wp-content\/uploads\/2024\/07\/Culmia-vivir-Jaen-03-1536x1024.jpg 1536w, https:\/\/www.culmia.com\/wp-content\/uploads\/2024\/07\/Culmia-vivir-Jaen-03.jpg 1920w\" sizes=\"(max-width: 1024px) 100vw, 1024px\" \/><\/figure>        <h3 class=\"wp-block-heading\"><strong>Fiestas y celebraciones<\/strong><\/h3>        <p>Que la ciudad sea tranquila no significa que vivir en Ja\u00e9n sea aburrido. M\u00e1s bien todo lo contrario, porque cuenta con opciones m\u00e1s que suficientes para divertirnos solos, en familia o con amigos. Como, por ejemplo:<\/p>        <ul class=\"wp-block-list\">  <li>Las <strong>fiestas de las Hogueras de San Ant\u00f3n<\/strong>, en la noche del 16 al 17 de enero, con fuego, m\u00fasica y bailes en las calles.<\/li>  <li>La <strong>Semana Santa<\/strong>, declarada <strong>Inter\u00e9s Tur\u00edstico Nacional<\/strong> y en la que participan m\u00e1s de una quincena de hermandades.<\/li>  <li>Las <strong>Cruces de Mayo<\/strong>, un fin de semana en el que las calles se engalanan con cruces floridas y se realizan procesiones infantiles.<\/li>  <li>Las <strong>Fiestas de la Virgen de la Capilla<\/strong>, tambi\u00e9n conocida como la \u2018feria chica\u2019 de la localidad. Transcurre a principios de junio, principalmente en el casco hist\u00f3rico y el barrio de San Ildefonso, <a href=\"https:\/\/esp.andalucia.com\/ciudades\/jaen\/fiestas-ferias.htm\" target=\"_blank\" rel=\"noreferrer noopener nofollow\"><strong>con eventos<\/strong><\/a><strong> culturales, deportivos, recreativos y taurinos<\/strong>.<\/li>  <li><strong>La Feria de San Lucas<\/strong>, el principal evento festivo de la ciudad en honor a su patrono. <a href=\"https:\/\/www.spain.info\/es\/agenda\/feria-san-lucas\/\" target=\"_blank\" rel=\"noreferrer noopener nofollow\">Tiene lugar a mediados de octubre<\/a> en un recinto organizado en casetas y en el casco antiguo con la <strong>Feria de D\u00eda<\/strong>.<\/li>  <li><strong>Los festivales cinematogr\u00e1ficos y musicales. <\/strong>Entre los primeros <a href=\"https:\/\/esp.andalucia.com\/ocio\/festivalesdecine\/jaen.htm\" target=\"_blank\" rel=\"noreferrer noopener nofollow\">est\u00e1 el peculiar<\/a> <strong>Festival Internacional de Cine del Aire de Ja\u00e9n<\/strong>; mientras que entre los segundos encontramos una gran variedad estil\u00edstica gracias al <strong>Blues Cazorla Festival, al Lagarto Rock, al Etnosur <\/strong>o al<strong> Festival Un Mar de Canciones<\/strong>.<\/li>  <\/ul>        <h3 class=\"wp-block-heading\"><strong>Calidad de vida sin un alto coste<\/strong><\/h3>        <p>Vivir en Ja\u00e9n supone tener al alcance de la mano todo lo necesario para el d\u00eda a d\u00eda, pero <strong>sin que el bolsillo se resienta considerablemente<\/strong>. La ciudad destaca por ser una de las <strong>capitales de provincias de Andaluc\u00eda<\/strong> m\u00e1s asequibles desde el plano econ\u00f3mico, tal y como refrend\u00f3 en 2023 un estudio realizado por el sitio web de viajes <strong>\u2018whythisplace.com\u2019<\/strong>.<\/p>        <p><a href=\"https:\/\/cadenaser.com\/andalucia\/2023\/04\/25\/jaen-la-ciudad-andaluza-mas-barata-para-vivir-segun-un-estudio-radio-jaen\/\" target=\"_blank\" rel=\"noreferrer noopener nofollow\">Seg\u00fan este<\/a><em>, <\/em>el coste medio de la cesta de la compra y de los servicios b\u00e1sicos est\u00e1 en unos <strong>617 euros mensuales<\/strong>, con la particularidad de que es posible comer adecuadamente por poco m\u00e1s de 10 euros. Lo que se suma a una red de autobuses urbanos que <a href=\"https:\/\/www.ideal.es\/jaen\/provincia-jaen\/record-historico-viajeros-consorcio-transportes-jaen-millones-20240209132724-nt.html\" target=\"_blank\" rel=\"noreferrer noopener nofollow\">est\u00e1 en pleno crecimiento<\/a> (en 2023 bati\u00f3 su r\u00e9cord de viajeros, con casi 1,5 millones) y que permite recorrer la ciudad en pocos minutos a unos precios muy competitivos (desde los 24 euros mensuales).<\/p>        <figure class=\"wp-block-image size-large\"><img decoding=\"async\" width=\"1024\" height=\"683\" class=\"wp-image-6725\" src=\"https:\/\/www.culmia.com\/wp-content\/uploads\/2024\/07\/Culmia-vivir-Jaen-01-1024x683.jpg\" alt=\"Vivir en Ja\u00e9n\" title=\"\" srcset=\"https:\/\/www.culmia.com\/wp-content\/uploads\/2024\/07\/Culmia-vivir-Jaen-01-200x133.jpg 200w, https:\/\/www.culmia.com\/wp-content\/uploads\/2024\/07\/Culmia-vivir-Jaen-01-300x200.jpg 300w, https:\/\/www.culmia.com\/wp-content\/uploads\/2024\/07\/Culmia-vivir-Jaen-01-400x267.jpg 400w, https:\/\/www.culmia.com\/wp-content\/uploads\/2024\/07\/Culmia-vivir-Jaen-01-600x400.jpg 600w, https:\/\/www.culmia.com\/wp-content\/uploads\/2024\/07\/Culmia-vivir-Jaen-01-768x512.jpg 768w, https:\/\/www.culmia.com\/wp-content\/uploads\/2024\/07\/Culmia-vivir-Jaen-01-800x533.jpg 800w, https:\/\/www.culmia.com\/wp-content\/uploads\/2024\/07\/Culmia-vivir-Jaen-01-1024x683.jpg 1024w, https:\/\/www.culmia.com\/wp-content\/uploads\/2024\/07\/Culmia-vivir-Jaen-01-1200x800.jpg 1200w, https:\/\/www.culmia.com\/wp-content\/uploads\/2024\/07\/Culmia-vivir-Jaen-01-1536x1024.jpg 1536w, https:\/\/www.culmia.com\/wp-content\/uploads\/2024\/07\/Culmia-vivir-Jaen-01.jpg 1920w\" sizes=\"(max-width: 1024px) 100vw, 1024px\" \/><\/figure>        <h3 class=\"wp-block-heading\"><strong>Enclave natural privilegiado<\/strong><\/h3>        <p>Por \u00faltimo, tambi\u00e9n queremos destacar que <strong>vivir en Ja\u00e9n garantiza estar en sinton\u00eda con la naturaleza<\/strong>. La provincia presenta un paisaje muy rico y variado, gracias a que tiene la <strong>mayor superficie de <\/strong><a href=\"https:\/\/www.jaenparaisointerior.es\/es\/naturaleza\" target=\"_blank\" rel=\"noreferrer noopener nofollow\"><strong>espacios naturales protegidos de Espa\u00f1a<\/strong><\/a>. Hablamos de 304 175 hect\u00e1reas repartidas entre <strong>4 Parques Naturales, 3 Parajes Naturales, 2 Reservas Naturales, 5 Monumentos Naturales y 2 Parques Periurbanos<\/strong>.<\/p>        <p>Cada uno de estos lugares dispone de instalaciones, infraestructuras y servicios para hacer de sus visitas una experiencia \u00f3ptima. Por lo que te recomendamos que no te \u00a0pierdas especialmente espacios como el <strong>Parque Natural de Cazorla, Segura y Las Villas<\/strong>, la <strong>Sierra M\u00e1gina<\/strong>, el <strong>Parque Natural Sierra de And\u00fajar <\/strong>o el<strong> Parque Natural de Despe\u00f1aperros<\/strong>.<\/p>        <h2 class=\"wp-block-heading\"><strong>Culmia Santa Catalina II, la opci\u00f3n perfecta para vivir en Ja\u00e9n<\/strong><\/h2>        <p>Si todo lo que te hemos comentado te ha conquistado, d\u00e9janos que te presentemos nuestra promoci\u00f3n activa en la ciudad. Se trata de <a href=\"https:\/\/www.culmia.com\/es\/promociones\/jaen\/jaen\/culmia-santa-catalina-ii?utm_medium=blog&amp&utm_source=online&amp&utm_campaign=vivir_en_jaen_tu_guia_completa%3Ano%3Aany&amp&utm_content=promocionculmiasantacatalinaii\" target=\"_blank\" rel=\"noreferrer noopener\"><strong>Culmia Santa Catalina II<\/strong><\/a>, una <strong>promoci\u00f3n de obra nueva en Ja\u00e9n<\/strong> dise\u00f1ada por el prestigioso <strong>Estudio de Arquitectura y Urbanismo Joaqu\u00edn Caro<\/strong>, y que est\u00e1 ubicada muy cerca del centro, en <strong>la Avenida de Andaluc\u00eda<\/strong>.<\/p>        <p>Esta se distingue por ser una <strong>zona tranquila<\/strong>, provista de <strong>todo tipo de servicios y comodidades<\/strong>, porque cuenta con una amplia oferta de restaurantes, tiendas, supermercados, centros educativos, centros comerciales e instalaciones deportivas.<\/p>        <figure class=\"wp-block-image size-large\"><img decoding=\"async\" width=\"1024\" height=\"683\" class=\"wp-image-6724\" src=\"https:\/\/www.culmia.com\/wp-content\/uploads\/2024\/07\/Culmia-Santa-Catalina-II-Jaen-1024x683.jpg\" alt=\"Promoci\u00f3n Culmia Santa Catalina II\" title=\"\" srcset=\"https:\/\/www.culmia.com\/wp-content\/uploads\/2024\/07\/Culmia-Santa-Catalina-II-Jaen-200x133.jpg 200w, https:\/\/www.culmia.com\/wp-content\/uploads\/2024\/07\/Culmia-Santa-Catalina-II-Jaen-300x200.jpg 300w, https:\/\/www.culmia.com\/wp-content\/uploads\/2024\/07\/Culmia-Santa-Catalina-II-Jaen-400x267.jpg 400w, https:\/\/www.culmia.com\/wp-content\/uploads\/2024\/07\/Culmia-Santa-Catalina-II-Jaen-600x400.jpg 600w, https:\/\/www.culmia.com\/wp-content\/uploads\/2024\/07\/Culmia-Santa-Catalina-II-Jaen-768x512.jpg 768w, https:\/\/www.culmia.com\/wp-content\/uploads\/2024\/07\/Culmia-Santa-Catalina-II-Jaen-800x533.jpg 800w, https:\/\/www.culmia.com\/wp-content\/uploads\/2024\/07\/Culmia-Santa-Catalina-II-Jaen-1024x683.jpg 1024w, https:\/\/www.culmia.com\/wp-content\/uploads\/2024\/07\/Culmia-Santa-Catalina-II-Jaen-1200x800.jpg 1200w, https:\/\/www.culmia.com\/wp-content\/uploads\/2024\/07\/Culmia-Santa-Catalina-II-Jaen-1536x1024.jpg 1536w, https:\/\/www.culmia.com\/wp-content\/uploads\/2024\/07\/Culmia-Santa-Catalina-II-Jaen.jpg 1920w\" sizes=\"(max-width: 1024px) 100vw, 1024px\" \/>  <figcaption>Promoci\u00f3n Culmia Santa Catalina II<\/figcaption>  <\/figure>        <p>Todo ello accesible para los propietarios de sus <strong>54 amplias viviendas, de 2 y 3 dormitorios<\/strong>, y complementadas con <strong>66 plazas de garaje, 50 trasteros en plantas s\u00f3tanos y piscina comunitaria en azotea.<\/strong> Adem\u00e1s, la mayor\u00eda de ellas disponen de terraza, con la ventaja a\u00f1adida de que la promoci\u00f3n tambi\u00e9n <strong>dispone de paneles solares<\/strong> (para la producci\u00f3n de agua caliente) y de una <strong>calificaci\u00f3n energ\u00e9tica B<\/strong>.<\/p>        <p><strong>Culmia Santa Catalina II<\/strong> es nuestra segunda promoci\u00f3n de obra nueva tras <a href=\"https:\/\/www.culmia.com\/es\/promociones\/jaen\/jaen\/culmia-santa-catalina-i?utm_medium=blog&amp&utm_source=online&amp&utm_campaign=vivir_en_jaen_tu_guia_completa%3Ano%3Aany&amp&utm_content=promocionculmiasantacatalinai\" target=\"_blank\" rel=\"noreferrer noopener\"><strong>Culmia Santa Catalina I<\/strong><\/a>, la cual tuvo una recepci\u00f3n espectacular. As\u00ed que no dejes escapar esta oportunidad y contacta ya con nosotros para hacerte con una de sus \u00faltimas viviendas a la venta. \u00a1Tienes a tu alcance <strong>vivir en Ja\u00e9n<\/strong> a un gran precio y en un lugar exclusivo!<\/p>        <p>Te recomendamos:<\/p>        <ul class=\"wp-block-list\">  <li><a href=\"https:\/\/www.culmia.com\/blog\/vivir-en-salamanca-barrios-y-zonas-recomendadas?utm_medium=blog&amp&utm_source=online&amp&utm_campaign=vivir_en_jaen_tu_guia_completa%3Ano%3Aany&amp&utm_content=vivirensalamancabarriosyzonasrecomendadas\" target=\"_blank\" rel=\"noreferrer noopener\">Vivir en Salamanca: barrios y zonas recomendadas<\/a><\/li>  <li><a href=\"https:\/\/www.culmia.com\/blog\/vivir-en-mallorca-mejores-zonas-barrios?utm_medium=blog&amp&utm_source=online&amp&utm_campaign=vivir_en_jaen_tu_guia_completa%3Ano%3Aany&amp&utm_content=vivirenmallorcamejoreszonasybarrios\" target=\"_blank\" rel=\"noreferrer noopener\">Vivir en Mallorca: mejores zonas y barrios<\/a><\/li>  <\/ul>        <figure class=\"wp-block-image size-large\"><a href=\"https:\/\/www.culmia.com\/es\/promociones?utm_source=blogculmia&amp&utm_medium=inbound&amp&utm_campaign=cta_promociones\"><img decoding=\"async\" class=\"wp-image-2094\" src=\"https:\/\/www.culmia.com\/wp-content\/uploads\/2022\/07\/cta_promociones_1.png\" alt=\"Promociones de obra nueva en venta\" title=\"\"><\/a><\/figure>        <p>&nbsp;<\/p>","protected":false},"excerpt":{"rendered":"<p>Elegir Andaluc\u00eda como lugar de residencia suele ser una buena &#8230;<\/p>\n","protected":false},"author":5,"featured_media":6725,"comment_status":"closed","ping_status":"open","sticky":false,"template":"","format":"standard","meta":{"_acf_changed":false,"footnotes":""},"categories":[121,175],"tags":[464,465,466,467,363],"class_list":["post-6723","post","type-post","status-publish","format-standard","has-post-thumbnail","hentry","category-actualidad","category-estilo-de-vida","tag-andalucia","tag-culmia-santa-catalina-ii","tag-jaen","tag-promocion-culmia","tag-promociones"],"acf":[],"_links":{"self":[{"href":"https:\/\/www.culmia.com\/es\/wp-json\/wp\/v2\/posts\/6723","targetHints":{"allow":["GET"]}}],"collection":[{"href":"https:\/\/www.culmia.com\/es\/wp-json\/wp\/v2\/posts"}],"about":[{"href":"https:\/\/www.culmia.com\/es\/wp-json\/wp\/v2\/types\/post"}],"author":[{"embeddable":true,"href":"https:\/\/www.culmia.com\/es\/wp-json\/wp\/v2\/users\/5"}],"replies":[{"embeddable":true,"href":"https:\/\/www.culmia.com\/es\/wp-json\/wp\/v2\/comments?post=6723"}],"version-history":[{"count":2,"href":"https:\/\/www.culmia.com\/es\/wp-json\/wp\/v2\/posts\/6723\/revisions"}],"predecessor-version":[{"id":30056,"href":"https:\/\/www.culmia.com\/es\/wp-json\/wp\/v2\/posts\/6723\/revisions\/30056"}],"wp:featuredmedia":[{"embeddable":true,"href":"https:\/\/www.culmia.com\/es\/wp-json\/wp\/v2\/media\/6725"}],"wp:attachment":[{"href":"https:\/\/www.culmia.com\/es\/wp-json\/wp\/v2\/media?parent=6723"}],"wp:term":[{"taxonomy":"category","embeddable":true,"href":"https:\/\/www.culmia.com\/es\/wp-json\/wp\/v2\/categories?post=6723"},{"taxonomy":"post_tag","embeddable":true,"href":"https:\/\/www.culmia.com\/es\/wp-json\/wp\/v2\/tags?post=6723"}],"curies":[{"name":"wp","href":"https:\/\/api.w.org\/{rel}","templated":true}]}}