{"id":6624,"date":"2024-07-04T11:00:00","date_gmt":"2024-07-04T11:00:00","guid":{"rendered":"https:\/\/www.culmia.com\/blog\/?p=6624"},"modified":"2026-01-19T11:59:33","modified_gmt":"2026-01-19T10:59:33","slug":"como-ordenar-jardines-pequenos","status":"publish","type":"post","link":"https:\/\/www.culmia.com\/es\/blog\/como-ordenar-jardines-pequenos\/","title":{"rendered":"C\u00f3mo ordenar jardines peque\u00f1os y transformar tu espacio exterior"},"content":{"rendered":"<p>Si tenemos la suerte de disfrutar en nuestro hogar de una <strong>parcela, patio o terraza<\/strong>, <a href=\"https:\/\/www.culmia.com\/blog\/cuidar-jardin-verano?utm_medium=blog&amp&utm_source=online&amp&utm_campaign=como_ordenar_jardines_pequenos_y_transformar_espacio_exterior%3Ano%3Aany&amp&utm_content=cuidarjardinenverano\" target=\"_blank\" rel=\"noreferrer noopener\">instalar un <strong>jard\u00edn<\/strong><\/a> siempre es una estupenda opci\u00f3n para sacarle el m\u00e1ximo partido. Adem\u00e1s de permitirnos pasar el tiempo libre cuidando de \u00e9l, las plantas animar\u00e1n y dar\u00e1n un toque de color al lugar, lo que incrementar\u00e1 considerablemente el atractivo de nuestra vivienda y agradar\u00e1 a nuestras visitas.<\/p>               <p>Sin embargo, es posible que el espacio con el que contemos sea bastante limitado, por lo que en estos casos es clave <strong>saber c\u00f3mo ordenar jardines peque\u00f1os<\/strong> para aprovechar al m\u00e1ximo los metros cuadrados que est\u00e9n a nuestra disposici\u00f3n. Y es que, adem\u00e1s de crear un lugar vistoso, lo que tambi\u00e9n buscamos <strong>es que sea acogedor<\/strong> para pasar tiempo en \u00e9l cuando el clima lo permita.<\/p>        <p>Por lo tanto, hoy en CULMIA te ofrecemos <strong>varios consejos para que sepas c\u00f3mo transformar el espacio exterior<\/strong> mediante la creaci\u00f3n y ordenaci\u00f3n de un <strong>jard\u00edn peque\u00f1o<\/strong>. \u00bfNos acompa\u00f1as?<\/p>        <div class=\"wp-block-image\">  <figure class=\"aligncenter size-full\"><img decoding=\"async\" class=\"wp-image-6641\" src=\"https:\/\/www.culmia.com\/wp-content\/uploads\/2024\/07\/info_1_como_ordenar_jardines_pequenos.png\" alt=\"Infograf\u00eda sobre c\u00f3mo organizar jardines peque\u00f1os\" title=\"\"><\/figure>  <\/div>        <h2 class=\"wp-block-heading\"><strong>Ideas para ordenar jardines peque\u00f1os<\/strong><\/h2>        <h3 class=\"wp-block-heading\"><strong>Ten muy en cuenta el lugar donde va a estar tu jard\u00edn<\/strong><\/h3>        <p>En primer lugar, <strong>valora la ubicaci\u00f3n de tu jard\u00edn peque\u00f1o y sus caracter\u00edsticas<\/strong>. Ten en cuenta que <a href=\"https:\/\/www.revistaad.es\/articulos\/jardines-pequenos-mandamientos-decoracion\" target=\"_blank\" rel=\"noreferrer noopener nofollow\">hay mucha diferencia entre instalar el tuyo<\/a> en una terraza o en un patio, ya que l\u00f3gicamente en la primera no hay suelo donde plantar y <strong>necesitar\u00e1s utilizar macetas<\/strong>. Esto es algo que, l\u00f3gicamente, influir\u00e1 tanto en el tipo de planta que luego podr\u00e1s utilizar como en las macetas que elijamos, dado que deberemos seleccionar las id\u00f3neas en funci\u00f3n de la cantidad de sustrato que sea necesario para cada caso.<\/p>        <p>Adem\u00e1s, <strong>en una terraza probablemente todo deber\u00e1 estar mucho m\u00e1s comprimido<\/strong>, as\u00ed que deber\u00e1s ser mucho m\u00e1s selectivo a la hora de decantarnos por unas plantas o por otras. Y es que, cuanto menos espacio haya, m\u00e1s importantes ser\u00e1n estos consejos para la ordenaci\u00f3n de jardines peque\u00f1os.<\/p>        <figure class=\"wp-block-image size-large\"><img decoding=\"async\" width=\"1024\" height=\"683\" class=\"wp-image-6626\" src=\"https:\/\/www.culmia.com\/wp-content\/uploads\/2024\/06\/Culmia-organizar-jardin-pequeno-03-1024x683.jpg\" alt=\"C\u00f3mo organizar un jard\u00edn peque\u00f1o\" title=\"\" srcset=\"https:\/\/www.culmia.com\/wp-content\/uploads\/2024\/06\/Culmia-organizar-jardin-pequeno-03-200x133.jpg 200w, https:\/\/www.culmia.com\/wp-content\/uploads\/2024\/06\/Culmia-organizar-jardin-pequeno-03-300x200.jpg 300w, https:\/\/www.culmia.com\/wp-content\/uploads\/2024\/06\/Culmia-organizar-jardin-pequeno-03-400x267.jpg 400w, https:\/\/www.culmia.com\/wp-content\/uploads\/2024\/06\/Culmia-organizar-jardin-pequeno-03-600x400.jpg 600w, https:\/\/www.culmia.com\/wp-content\/uploads\/2024\/06\/Culmia-organizar-jardin-pequeno-03-768x512.jpg 768w, https:\/\/www.culmia.com\/wp-content\/uploads\/2024\/06\/Culmia-organizar-jardin-pequeno-03-800x533.jpg 800w, https:\/\/www.culmia.com\/wp-content\/uploads\/2024\/06\/Culmia-organizar-jardin-pequeno-03-1024x683.jpg 1024w, https:\/\/www.culmia.com\/wp-content\/uploads\/2024\/06\/Culmia-organizar-jardin-pequeno-03-1200x800.jpg 1200w, https:\/\/www.culmia.com\/wp-content\/uploads\/2024\/06\/Culmia-organizar-jardin-pequeno-03-1536x1024.jpg 1536w, https:\/\/www.culmia.com\/wp-content\/uploads\/2024\/06\/Culmia-organizar-jardin-pequeno-03.jpg 1920w\" sizes=\"(max-width: 1024px) 100vw, 1024px\" \/><\/figure>        <h3 class=\"wp-block-heading\"><strong>Toma medidas y traza un plano<\/strong><\/h3>        <p>Si buscas transformar el espacio exterior del que dispones, t\u00f3matelo con tranquilidad y planifica con calma. Al tratarse de un jard\u00edn peque\u00f1o, no te llevar\u00e1 mucho tiempo tomar medidas de la parcela para tener claro lo que te puede caber en ella y lo que no. Y, adem\u00e1s, luego podr\u00e1s aprovechar esta informaci\u00f3n <a href=\"https:\/\/www.verdeesvida.es\/tecnicas-y-cuidados_4\/crear-un-jardin-desde-cero--paso-a-paso_53\" target=\"_blank\" rel=\"noreferrer noopener nofollow\"><strong>para crear, de forma sencilla y sobre papel, un plano<\/strong><\/a> que te permita tomar las mejores decisiones en cuanto a su distribuci\u00f3n.<\/p>        <p>\u00bfQu\u00e9 lograr\u00e1s con esto? Hacerte una idea inicial sobre <strong>las posibilidades de tu jard\u00edn peque\u00f1o y planificar los siguientes pasos<\/strong>, para no caer en la improvisaci\u00f3n o el error. De manera que podr\u00e1s comprar todo lo necesario para organizarlo y plantarlo, evitando as\u00ed encontrarte con sorpresas o imprevistos que puedan echar al traste tus intenciones.<\/p>        <h3 class=\"wp-block-heading\"><strong>Deja en tu jard\u00edn solo lo que te vaya a ser \u00fatil<\/strong><\/h3>        <p>Si tienes poco espacio en tu jard\u00edn\u2026 \u00a1aprov\u00e9chalo al m\u00e1ximo! Piensa qu\u00e9 cosas quieres hacer habitualmente en \u00e9l y <strong>c\u00e9ntrate en potenciarlas<\/strong>. Es decir, puedes preguntarte cu\u00e1l es el objetivo de este lugar: \u00bfsimplemente quieres un espacio bonito y agradable de ver? \u00bfo tambi\u00e9n quieres que sea lugar de descanso o para invitar a familiares o amigos cuando haga buen tiempo?<\/p>        <p>Si pretendes que tu jard\u00edn est\u00e9 hecho para <a href=\"https:\/\/www.culmia.com\/blog\/zona-chill-out-jardin-consejos?utm_medium=blog&amp&utm_source=online&amp&utm_campaign=como_ordenar_jardines_pequenos_y_transformar_espacio_exterior%3Ano%3Aany&amp&utm_content=crearzonachilloutjardin\" target=\"_blank\" rel=\"noreferrer noopener\">el <strong>ocio y el descanso<\/strong><\/a>, deja espacio suficiente para amueblarlo solo con lo necesario: una mesa, sillas o incluso una hamaca. Escoge <strong>muebles funcionales, discretos y pr\u00e1cticos<\/strong>; o incluso plant\u00e9ate <strong>soluciones plegables<\/strong> que puedas guardar cuando no las uses. Y si no tienes pensado pasar largos ratos en este lugar, aprovecha al m\u00e1ximo su extensi\u00f3n para cubrirlo de plantas, pero <strong>asegur\u00e1ndote siempre de dejar un camino despejado<\/strong> para moverse por \u00e9l y cuidar cada una de sus plantas y rincones.<\/p>        <h3 class=\"wp-block-heading\"><strong>Ordena tu jard\u00edn peque\u00f1o partiendo de un punto focal<\/strong><\/h3>        <p>\u00bfQu\u00e9 objeto o planta quieres que se lleve todo el protagonismo en tu jard\u00edn? <strong>Definir un punto focal <\/strong>para colocarlo en un lugar bien visible te ayudar\u00e1 a organizar el resto de los elementos a su alrededor y dar\u00e1 mucha personalidad al lugar. As\u00ed, puedes decantarte por una planta que te guste mucho o que sea especialmente vistosa, <a href=\"https:\/\/www.admagazine.com\/galerias\/jardines-pequenos-increibles-ideas-para-tu-pequeno-jardin\" target=\"_blank\" rel=\"noreferrer noopener nofollow\">o incluso por un cenador o una obra de arte<\/a>.<\/p>        <p>Luego, elige el sitio donde instalar\u00e1s este elemento, valorando para ello todos los \u00e1ngulos desde los que se podr\u00e1 ver. Por ejemplo, si tienes <strong>una mesa con sillas en tu jard\u00edn peque\u00f1o<\/strong>, coloca estas estrat\u00e9gicamente para que las personas que se sienten puedan contemplar ese punto focal. Y no olvides de asegurarte tambi\u00e9n de que se vea bien desde el interior de tu vivienda.<\/p>        <figure class=\"wp-block-image size-large\"><img decoding=\"async\" width=\"1024\" height=\"683\" class=\"wp-image-6628\" src=\"https:\/\/www.culmia.com\/wp-content\/uploads\/2024\/06\/Culmia-organizar-jardin-pequeno-02-1024x683.jpg\" alt=\"Trucos para crear un jard\u00edn peque\u00f1o\" title=\"\" srcset=\"https:\/\/www.culmia.com\/wp-content\/uploads\/2024\/06\/Culmia-organizar-jardin-pequeno-02-200x133.jpg 200w, https:\/\/www.culmia.com\/wp-content\/uploads\/2024\/06\/Culmia-organizar-jardin-pequeno-02-300x200.jpg 300w, https:\/\/www.culmia.com\/wp-content\/uploads\/2024\/06\/Culmia-organizar-jardin-pequeno-02-400x267.jpg 400w, https:\/\/www.culmia.com\/wp-content\/uploads\/2024\/06\/Culmia-organizar-jardin-pequeno-02-600x400.jpg 600w, https:\/\/www.culmia.com\/wp-content\/uploads\/2024\/06\/Culmia-organizar-jardin-pequeno-02-768x512.jpg 768w, https:\/\/www.culmia.com\/wp-content\/uploads\/2024\/06\/Culmia-organizar-jardin-pequeno-02-800x533.jpg 800w, https:\/\/www.culmia.com\/wp-content\/uploads\/2024\/06\/Culmia-organizar-jardin-pequeno-02-1024x683.jpg 1024w, https:\/\/www.culmia.com\/wp-content\/uploads\/2024\/06\/Culmia-organizar-jardin-pequeno-02-1200x800.jpg 1200w, https:\/\/www.culmia.com\/wp-content\/uploads\/2024\/06\/Culmia-organizar-jardin-pequeno-02-1536x1024.jpg 1536w, https:\/\/www.culmia.com\/wp-content\/uploads\/2024\/06\/Culmia-organizar-jardin-pequeno-02.jpg 1920w\" sizes=\"(max-width: 1024px) 100vw, 1024px\" \/><\/figure>        <h3 class=\"wp-block-heading\"><strong>Ordena el jard\u00edn peque\u00f1o por zonas<\/strong><\/h3>        <p>Por muy peque\u00f1o que sea tu jard\u00edn, siempre tendr\u00e1s <strong>la opci\u00f3n de organizarlo por zonas<\/strong>. Como acabamos de comentar, crea un espacio para que te puedas mover c\u00f3modamente de un lado a otro, y coloca el mobiliario que tengas en una zona concreta. Adem\u00e1s, si es posible, habilita un espacio para guardar los muebles y herramientas que no est\u00e9s usando, de forma que los tengas siempre a mano y no te molesten.<\/p>        <p>En lo que respecta a las plantas y a sus cuidados, <strong>ten muy presente la trayectoria del sol<\/strong> en funci\u00f3n de la \u00e9poca del a\u00f1o y las zonas donde m\u00e1s incide. Luego, utiliza esta informaci\u00f3n para instalar las plantas, de forma que aquellas que necesiten m\u00e1s sol queden en las zonas del jard\u00edn con m\u00e1s luz directa, mientras que <a href=\"https:\/\/www.mundodeportivo.com\/uncomo\/hogar\/articulo\/18-plantas-de-sol-y-sombra-nombres-y-caracteristicas-49288.html\" target=\"_blank\" rel=\"noreferrer noopener nofollow\">las de sombra puedan quedar en rincones m\u00e1s resguardados<\/a>.<\/p>        <h3 class=\"wp-block-heading\"><strong>Agrupa las plantas similares y juega con los colores<\/strong><\/h3>        <p>Por un lado, plant\u00e9ate ordenar tu jard\u00edn peque\u00f1o <strong>agrupando las plantas de la misma especie<\/strong> o que tengan alg\u00fan tipo de similitud. Esto crear\u00e1 una sensaci\u00f3n visual de amplitud, porque se crear\u00e1n varios puntos de inter\u00e9s para la vista y se percibir\u00e1 todo como m\u00e1s grande.<\/p>        <p>Por el otro, aplica tu propia estrategia para los colores y juega con sus propiedades. <a href=\"https:\/\/jardinable.es\/combinar-colores-en-el-jardin\/\" target=\"_blank\" rel=\"noreferrer noopener nofollow\"><strong>Los tonos m\u00e1s oscuros tienen el poder<\/strong><\/a><strong> de hacer que los espacios parezcan m\u00e1s grandes <\/strong>de lo que son en realidad, y tambi\u00e9n contribuyen a crear atm\u00f3sferas tranquilas y relajadas. As\u00ed que <strong>plantas azules o rosas<\/strong> pueden ofrecerte espl\u00e9ndidos resultados para que tu jard\u00edn peque\u00f1o se perciba como m\u00e1s amplio.<\/p>        <figure class=\"wp-block-image size-large\"><img decoding=\"async\" width=\"1024\" height=\"683\" class=\"wp-image-6625\" src=\"https:\/\/www.culmia.com\/wp-content\/uploads\/2024\/06\/Culmia-organizar-jardin-pequeno-04-1024x683.jpg\" alt=\"Consejos para organizar un jard\u00edn peque\u00f1o\" title=\"\" srcset=\"https:\/\/www.culmia.com\/wp-content\/uploads\/2024\/06\/Culmia-organizar-jardin-pequeno-04-200x133.jpg 200w, https:\/\/www.culmia.com\/wp-content\/uploads\/2024\/06\/Culmia-organizar-jardin-pequeno-04-300x200.jpg 300w, https:\/\/www.culmia.com\/wp-content\/uploads\/2024\/06\/Culmia-organizar-jardin-pequeno-04-400x267.jpg 400w, https:\/\/www.culmia.com\/wp-content\/uploads\/2024\/06\/Culmia-organizar-jardin-pequeno-04-600x400.jpg 600w, https:\/\/www.culmia.com\/wp-content\/uploads\/2024\/06\/Culmia-organizar-jardin-pequeno-04-768x512.jpg 768w, https:\/\/www.culmia.com\/wp-content\/uploads\/2024\/06\/Culmia-organizar-jardin-pequeno-04-800x533.jpg 800w, https:\/\/www.culmia.com\/wp-content\/uploads\/2024\/06\/Culmia-organizar-jardin-pequeno-04-1024x683.jpg 1024w, https:\/\/www.culmia.com\/wp-content\/uploads\/2024\/06\/Culmia-organizar-jardin-pequeno-04-1200x800.jpg 1200w, https:\/\/www.culmia.com\/wp-content\/uploads\/2024\/06\/Culmia-organizar-jardin-pequeno-04-1536x1024.jpg 1536w, https:\/\/www.culmia.com\/wp-content\/uploads\/2024\/06\/Culmia-organizar-jardin-pequeno-04.jpg 1920w\" sizes=\"(max-width: 1024px) 100vw, 1024px\" \/><\/figure>        <h3 class=\"wp-block-heading\"><strong>Prueba con un jard\u00edn vertical<\/strong><\/h3>        <p>Una forma muy interesante de ganar espacio donde pr\u00e1cticamente no lo hay es <strong>aprovechar los muros y paredes <\/strong><a href=\"https:\/\/www.hola.com\/decoracion\/galeria\/20200803171754\/plantas-de-exterior-trepadoras-con-flor-mc\/1\/\" target=\"_blank\" rel=\"noreferrer noopener nofollow\"><strong>con plantas trepadoras<\/strong><\/a><strong> y enredaderas<\/strong>. Estas tienen la ventaja de crecer sobre superficies, por lo que son perfectas para extenderse en vertical sin quitarte apenas cent\u00edmetros a lo ancho. Con el plus de contribuir a crear un ambiente muy natural, algo especialmente valioso si queremos crear un jard\u00edn peque\u00f1o en un patio donde nos guste pasar horas al aire libre.<\/p>        <p>Otra opci\u00f3n tambi\u00e9n es instalar una estructura de <strong>macetas verticales<\/strong>, para colocar las plantas que desees en una pared. Para hacerlo con estilo y buen gusto, puedes inspirarte en los <strong>bellos patios cordobeses<\/strong>, porque algunos <a href=\"https:\/\/dejardines.com\/la-vuelta-al-mundo-en-80-jardines\/los-patios-andaluces-jardines-verticales-con-historia\/\" target=\"_blank\" rel=\"noreferrer noopener nofollow\">son perfectos ejemplos de c\u00f3mo la distribuci\u00f3n vertical<\/a> puede ser sumamente interesante para ordenar jardines peque\u00f1os.<\/p>        <h3 class=\"wp-block-heading\"><strong>Aprovecha los espacios laterales para cultivar tus verduras<\/strong><\/h3>        <p>Si tienes un patio o jard\u00edn peque\u00f1o y adem\u00e1s te encantar\u00eda aprovecharlo para <strong>cultivar tus propias verduras<\/strong>, plant\u00e9ate hacerlo en sus espacios laterales. Junto a sus paredes y en sus esquinas puedes colocar jardineras elevadas y de diferentes alturas en las que <a href=\"https:\/\/www.micasarevista.com\/terraza-jardines-porche\/a98362\/manual-para-cultivar-hortalizas-en-el-patio\/\" target=\"_blank\" rel=\"noreferrer noopener nofollow\">plantar y cuidar de hortalizas de tama\u00f1o reducido<\/a>, como <strong>tomates cherry, remolachas, guisantes, jud\u00edas verdes, pepinos o calabacines<\/strong>.<\/p>        <h3 class=\"wp-block-heading\"><strong>Ay\u00fadate de las plantas para lograr privacidad<\/strong><\/h3>        <p>Si tienes vecinos alrededor tuyo o tu jard\u00edn peque\u00f1o es visible desde el exterior de tu vivienda, probablemente quieras ganar algo de intimidad. La opci\u00f3n m\u00e1s sencilla es <a href=\"https:\/\/www.elmueble.com\/decoracion\/como-decorar-jardin-pequeno-como-revista-el-mueble-ideas-encantadoras_44851\" target=\"_blank\" rel=\"noreferrer noopener nofollow\"><strong>instalar ca\u00f1izos o celos\u00edas<\/strong><\/a> para evitar las miradas indiscretas, pero tambi\u00e9n puedes optar por una soluci\u00f3n mucho m\u00e1s creativa y vistosa: <strong>utilizar la propia distribuci\u00f3n y organizaci\u00f3n de las plantas para ocultar el interior<\/strong>. Los ya mencionados jardines verticales y las enredaderas son perfectos para conseguir este resultado, pero tambi\u00e9n puedes <strong>utilizar setos para delimitar y aislar el espacio<\/strong> del que dispones.<\/p>        <figure class=\"wp-block-image size-large\"><img decoding=\"async\" width=\"1024\" height=\"683\" class=\"wp-image-6627\" src=\"https:\/\/www.culmia.com\/wp-content\/uploads\/2024\/06\/Culmia-organizar-jardin-pequeno-01-1024x683.jpg\" alt=\"Ideas para disponer un jard\u00edn peque\u00f1o\" title=\"\" srcset=\"https:\/\/www.culmia.com\/wp-content\/uploads\/2024\/06\/Culmia-organizar-jardin-pequeno-01-200x133.jpg 200w, https:\/\/www.culmia.com\/wp-content\/uploads\/2024\/06\/Culmia-organizar-jardin-pequeno-01-300x200.jpg 300w, https:\/\/www.culmia.com\/wp-content\/uploads\/2024\/06\/Culmia-organizar-jardin-pequeno-01-400x267.jpg 400w, https:\/\/www.culmia.com\/wp-content\/uploads\/2024\/06\/Culmia-organizar-jardin-pequeno-01-600x400.jpg 600w, https:\/\/www.culmia.com\/wp-content\/uploads\/2024\/06\/Culmia-organizar-jardin-pequeno-01-768x512.jpg 768w, https:\/\/www.culmia.com\/wp-content\/uploads\/2024\/06\/Culmia-organizar-jardin-pequeno-01-800x533.jpg 800w, https:\/\/www.culmia.com\/wp-content\/uploads\/2024\/06\/Culmia-organizar-jardin-pequeno-01-1024x683.jpg 1024w, https:\/\/www.culmia.com\/wp-content\/uploads\/2024\/06\/Culmia-organizar-jardin-pequeno-01-1200x800.jpg 1200w, https:\/\/www.culmia.com\/wp-content\/uploads\/2024\/06\/Culmia-organizar-jardin-pequeno-01-1536x1024.jpg 1536w, https:\/\/www.culmia.com\/wp-content\/uploads\/2024\/06\/Culmia-organizar-jardin-pequeno-01.jpg 1920w\" sizes=\"(max-width: 1024px) 100vw, 1024px\" \/><\/figure>        <h2 class=\"wp-block-heading\"><strong>El verano, un momento ideal para ordenar jardines peque\u00f1os<\/strong><\/h2>        <p>En <strong>CULMIA <\/strong>buscamos tu bienestar y queremos que disfrutes al m\u00e1ximo de tu vivienda de obra nueva, por lo que esperamos que estos consejos te resulten \u00fatiles para ordenar tu jard\u00edn peque\u00f1o. Como ves, algo de <strong>tiempo libre, planificaci\u00f3n e ilusi\u00f3n<\/strong> bastan para lograr resultados realmente espectaculares, as\u00ed que no lo dudes y aprovecha el buen tiempo para ponerlos en pr\u00e1ctica y <strong>transformar tu espacio exterior<\/strong>.<\/p>        <p>Te recomendamos:<\/p>        <ul class=\"wp-block-list\">  <li><a href=\"https:\/\/www.culmia.com\/blog\/decorar-un-jardin-reciclando-para-proteger-medio-ambiente?utm_medium=blog&amp&utm_source=online&amp&utm_campaign=como_ordenar_jardines_pequenos_y_transformar_espacio_exterior%3Ano%3Aany&amp&utm_content=decorarjardinreciclando\" target=\"_blank\" rel=\"noreferrer noopener\">Decorar un jard\u00edn reciclando: 10 ideas clave para proteger el Medio Ambiente<\/a><\/li>  <li><a href=\"https:\/\/www.culmia.com\/blog\/vivir-en-la-montana?utm_medium=blog&amp&utm_source=online&amp&utm_campaign=como_ordenar_jardines_pequenos_y_transformar_espacio_exterior%3Ano%3Aany&amp&utm_content=vivirenlamontanaventajasymejoreszonas\" target=\"_blank\" rel=\"noreferrer noopener\">Vivir en la monta\u00f1a: ventajas y mejores zonas<\/a><\/li>  <\/ul>        <figure class=\"wp-block-image size-large\"><a href=\"https:\/\/www.culmia.com\/blog\/guia-para-mantener-el-orden-en-casa?utm_source=blogculmia&amp&utm_medium=inbound&amp&utm_campaign=cta_guia_para_organizar_casa\"><img decoding=\"async\" class=\"wp-image-3492\" src=\"https:\/\/www.culmia.com\/wp-content\/uploads\/2023\/03\/cta_guia_para_organizar_casa.jpg\" alt=\"Gu\u00eda todo lo que debes saber para mantener el orden en casa\" title=\"\"><\/a><\/figure>        <p>&nbsp;<\/p>","protected":false},"excerpt":{"rendered":"<p>Sin embargo, es posible que el espacio con el que &#8230;<\/p>\n","protected":false},"author":5,"featured_media":6627,"comment_status":"closed","ping_status":"open","sticky":false,"template":"","format":"standard","meta":{"_acf_changed":false,"footnotes":""},"categories":[174,175,178],"tags":[455,398,456,404,430,401],"class_list":["post-6624","post","type-post","status-publish","format-standard","has-post-thumbnail","hentry","category-espacios-comunes","category-estilo-de-vida","category-sostenibilidad","tag-cultivar","tag-jardin","tag-jardin-pequeno","tag-ordenar","tag-plantas","tag-sostenibilidad"],"acf":[],"_links":{"self":[{"href":"https:\/\/www.culmia.com\/es\/wp-json\/wp\/v2\/posts\/6624","targetHints":{"allow":["GET"]}}],"collection":[{"href":"https:\/\/www.culmia.com\/es\/wp-json\/wp\/v2\/posts"}],"about":[{"href":"https:\/\/www.culmia.com\/es\/wp-json\/wp\/v2\/types\/post"}],"author":[{"embeddable":true,"href":"https:\/\/www.culmia.com\/es\/wp-json\/wp\/v2\/users\/5"}],"replies":[{"embeddable":true,"href":"https:\/\/www.culmia.com\/es\/wp-json\/wp\/v2\/comments?post=6624"}],"version-history":[{"count":1,"href":"https:\/\/www.culmia.com\/es\/wp-json\/wp\/v2\/posts\/6624\/revisions"}],"predecessor-version":[{"id":29181,"href":"https:\/\/www.culmia.com\/es\/wp-json\/wp\/v2\/posts\/6624\/revisions\/29181"}],"wp:featuredmedia":[{"embeddable":true,"href":"https:\/\/www.culmia.com\/es\/wp-json\/wp\/v2\/media\/6627"}],"wp:attachment":[{"href":"https:\/\/www.culmia.com\/es\/wp-json\/wp\/v2\/media?parent=6624"}],"wp:term":[{"taxonomy":"category","embeddable":true,"href":"https:\/\/www.culmia.com\/es\/wp-json\/wp\/v2\/categories?post=6624"},{"taxonomy":"post_tag","embeddable":true,"href":"https:\/\/www.culmia.com\/es\/wp-json\/wp\/v2\/tags?post=6624"}],"curies":[{"name":"wp","href":"https:\/\/api.w.org\/{rel}","templated":true}]}}