{"id":6616,"date":"2024-07-02T08:33:41","date_gmt":"2024-07-02T08:33:41","guid":{"rendered":"https:\/\/www.culmia.com\/blog\/?p=6616"},"modified":"2026-01-19T11:59:34","modified_gmt":"2026-01-19T10:59:34","slug":"como-proteger-casa-del-calor","status":"publish","type":"post","link":"https:\/\/www.culmia.com\/es\/blog\/como-proteger-casa-del-calor\/","title":{"rendered":"C\u00f3mo proteger la casa del calor con soluciones sostenibles y saludables"},"content":{"rendered":"<p>Al igual que el invierno, el verano es una estaci\u00f3n que nos invita a tomar medidas para evitar las temperaturas extremas en el entorno dom\u00e9stico. En este sentido, la opci\u00f3n m\u00e1s sencilla probablemente sea recurrir al <strong>aire acondicionado<\/strong>, <a href=\"https:\/\/www.culmia.com\/blog\/como-ahorrar-con-aire-acondicionado-en-verano?utm_medium=blog&amp&utm_source=online&amp&utm_campaign=proteger_casa_calor_soluciones_sostenibles_saludables%3Ano%3Aany&amp&utm_content=comoahorraraireacondicionadoenverano\" target=\"_blank\" rel=\"noreferrer noopener\">sobre el que recientemente ya te hemos dado algunos consejos<\/a> para sacarle el m\u00e1ximo partido con un gasto m\u00ednimo. Pero hoy en <strong>Culmia<\/strong> queremos ir un paso m\u00e1s all\u00e1 y proponerte una serie de soluciones sostenibles y saludables para proteger la casa del calor en estos meses.<\/p>               <figure class=\"wp-block-image size-large\"><img decoding=\"async\" width=\"1024\" height=\"683\" class=\"wp-image-6619\" src=\"https:\/\/www.culmia.com\/wp-content\/uploads\/2024\/06\/Culmia-proteger-casa-calor-verano-02-1024x683.jpg\" alt=\"C\u00f3mo proteger la vivienda del calor durante el verano\" title=\"\" srcset=\"https:\/\/www.culmia.com\/wp-content\/uploads\/2024\/06\/Culmia-proteger-casa-calor-verano-02-200x133.jpg 200w, https:\/\/www.culmia.com\/wp-content\/uploads\/2024\/06\/Culmia-proteger-casa-calor-verano-02-300x200.jpg 300w, https:\/\/www.culmia.com\/wp-content\/uploads\/2024\/06\/Culmia-proteger-casa-calor-verano-02-400x267.jpg 400w, https:\/\/www.culmia.com\/wp-content\/uploads\/2024\/06\/Culmia-proteger-casa-calor-verano-02-600x400.jpg 600w, https:\/\/www.culmia.com\/wp-content\/uploads\/2024\/06\/Culmia-proteger-casa-calor-verano-02-768x512.jpg 768w, https:\/\/www.culmia.com\/wp-content\/uploads\/2024\/06\/Culmia-proteger-casa-calor-verano-02-800x533.jpg 800w, https:\/\/www.culmia.com\/wp-content\/uploads\/2024\/06\/Culmia-proteger-casa-calor-verano-02-1024x683.jpg 1024w, https:\/\/www.culmia.com\/wp-content\/uploads\/2024\/06\/Culmia-proteger-casa-calor-verano-02-1200x800.jpg 1200w, https:\/\/www.culmia.com\/wp-content\/uploads\/2024\/06\/Culmia-proteger-casa-calor-verano-02-1536x1024.jpg 1536w, https:\/\/www.culmia.com\/wp-content\/uploads\/2024\/06\/Culmia-proteger-casa-calor-verano-02.jpg 1920w\" sizes=\"(max-width: 1024px) 100vw, 1024px\" \/><\/figure>        <h2 class=\"wp-block-heading\"><strong>Consejos para proteger la casa del calor en pleno verano<\/strong><\/h2>        <h3 class=\"wp-block-heading\"><strong>Uso preferente de ventiladores<\/strong><\/h3>        <p>La sostenibilidad no se lleva mal con la tecnolog\u00eda. La clave es usarla con conocimiento, para poder obtener un buen rendimiento con un consumo lo m\u00e1s ajustado posible. Por eso, quiz\u00e1 te resulte muy interesante saber que un ventilador en funcionamiento <a href=\"https:\/\/www.20minutos.es\/tecnologia\/moviles-dispositivos\/diferencia-consumo-aire-acondicionado-ventilador-5148410\/\" target=\"_blank\" rel=\"noreferrer noopener nofollow\">puede <strong>llegar a consumir hasta 15 veces menos<\/strong><\/a> que un sistema de aire acondicionado. Mientras el primero necesita 60Wh, el segundo emplea aproximadamente 1 000Wh, ya que tiene que poner en marcha un sistema mucho m\u00e1s complejo.<\/p>        <p>Por lo tanto, <strong>prioriza el uso de ventiladores para proteger tu casa del calor<\/strong>. En las horas m\u00e1s frescas, utiliza uno y procura colocarlo en la mejor zona de la habitaci\u00f3n, en funci\u00f3n de su sistema de expulsi\u00f3n de aire y de su potencia. Mientras que, si tienes <strong>aire acondicionado<\/strong>, limita su uso a los momentos del d\u00eda con las temperaturas m\u00e1s altas (como a mediod\u00eda o a primera hora de la tarde) y ap\u00e1galo una vez que hayas logrado refrescar el entorno.<\/p>        <h3 class=\"wp-block-heading\"><strong>Aprovecha las horas m\u00e1s frescas para ventilar<\/strong><\/h3>        <p>Proteger la casa del calor en verano tambi\u00e9n es cuesti\u00f3n de estrategia y constancia. Ten presente que durante la noche y la primera hora de la ma\u00f1ana la temperatura no suele ser tan alta y el aire circula mejor. As\u00ed que <strong>no olvides abrir las ventanas y ventilar tu vivienda en estos momentos clave del d\u00eda<\/strong> en los que el sol nos da un respiro.<\/p>        <p>Por la noche, puedes abrir las ventanas y ventilar antes de ir a dormir, para despu\u00e9s <strong>correr unas cortinas t\u00e9rmicas y opacas<\/strong> que mantengan la habitaci\u00f3n a una temperatura \u00f3ptima y, al amanecer, eviten que luz del sol te despierte. O dejar abierta la ventana y utilizar la persiana para controlar este aspecto.<\/p>        <p>Y, durante las primeras horas de la ma\u00f1ana, tambi\u00e9n <strong>ventila de forma inteligente<\/strong>, especialmente si la distribuci\u00f3n de tu hogar te permite hacer ventilaci\u00f3n cruzada para que el aire circule de un lado a otro y se refresquen todas las estancias.<\/p>        <h3 class=\"wp-block-heading\"><strong>Crea un ambiente h\u00famedo<\/strong><\/h3>        <p>La sequedad ambiental contribuye a incrementar la sensaci\u00f3n t\u00e9rmica en el interior de las viviendas. En consecuencia, es importante que intentemos mantener la humedad en valores \u00f3ptimos: <strong>lo recomendable es que esta <\/strong><a href=\"https:\/\/www.endesa.com\/es\/blog\/blog-de-endesa\/consejos-de-ahorro\/humedad-ideal-casa\" target=\"_blank\" rel=\"noreferrer noopener nofollow\"><strong>est\u00e9 entre el 30 % y el 50 %<\/strong><\/a> en funci\u00f3n de la temperatura que haga en el exterior, de forma que deber\u00e1 ser m\u00e1s alta en los meses m\u00e1s calurosos.<\/p>        <p>La opci\u00f3n m\u00e1s sencilla para aumentar la humedad y proteger la casa del calor es recurrir a <strong>humidificadores<\/strong>, sistemas que se encargan de convertir poco a poco en vapor el agua y a expulsar este al ambiente de forma controlada. Pero si prefieres una opci\u00f3n todav\u00eda m\u00e1s sostenible y saludable, puedes recurrir a un truco casero: <strong>colocar una cortina o s\u00e1bana h\u00fameda<\/strong> (o reci\u00e9n sacada del congelador) frente a una ventana o la puerta de tu terraza o balc\u00f3n, de forma que se encargue de refrescar el aire que entre.<\/p>        <figure class=\"wp-block-image size-large\"><img decoding=\"async\" width=\"1024\" height=\"683\" class=\"wp-image-6618\" src=\"https:\/\/www.culmia.com\/wp-content\/uploads\/2024\/06\/Culmia-proteger-casa-calor-verano-03-1024x683.jpg\" alt=\"Aislamiento t\u00e9rmico para evitar el calor en verano\" title=\"\" srcset=\"https:\/\/www.culmia.com\/wp-content\/uploads\/2024\/06\/Culmia-proteger-casa-calor-verano-03-200x133.jpg 200w, https:\/\/www.culmia.com\/wp-content\/uploads\/2024\/06\/Culmia-proteger-casa-calor-verano-03-300x200.jpg 300w, https:\/\/www.culmia.com\/wp-content\/uploads\/2024\/06\/Culmia-proteger-casa-calor-verano-03-400x267.jpg 400w, https:\/\/www.culmia.com\/wp-content\/uploads\/2024\/06\/Culmia-proteger-casa-calor-verano-03-600x400.jpg 600w, https:\/\/www.culmia.com\/wp-content\/uploads\/2024\/06\/Culmia-proteger-casa-calor-verano-03-768x512.jpg 768w, https:\/\/www.culmia.com\/wp-content\/uploads\/2024\/06\/Culmia-proteger-casa-calor-verano-03-800x533.jpg 800w, https:\/\/www.culmia.com\/wp-content\/uploads\/2024\/06\/Culmia-proteger-casa-calor-verano-03-1024x683.jpg 1024w, https:\/\/www.culmia.com\/wp-content\/uploads\/2024\/06\/Culmia-proteger-casa-calor-verano-03-1200x800.jpg 1200w, https:\/\/www.culmia.com\/wp-content\/uploads\/2024\/06\/Culmia-proteger-casa-calor-verano-03-1536x1024.jpg 1536w, https:\/\/www.culmia.com\/wp-content\/uploads\/2024\/06\/Culmia-proteger-casa-calor-verano-03.jpg 1920w\" sizes=\"(max-width: 1024px) 100vw, 1024px\" \/><\/figure>        <h3 class=\"wp-block-heading\"><strong>Controla el uso de los electrodom\u00e9sticos<\/strong><\/h3>        <p>Todo aparato que tengas conectado a la corriente el\u00e9ctrica va a generar calor, sobre todo si est\u00e1 a pleno rendimiento. La <strong>televisi\u00f3n, el horno, el microondas, la lavadora, etc. <\/strong>contribuir\u00e1n a aumentar la temperatura de tu vivienda cuando est\u00e9n encendidos, as\u00ed que procura apagarlos e incluso desenchufarlos si no los est\u00e1s usando en ese momento.<\/p>        <p>Y si optas por utilizarlos, <strong>a ser posible que sea en un momento del d\u00eda id\u00f3neo<\/strong>: por ejemplo, puedes aprovechar para poner la lavadora a primera hora de la ma\u00f1ana o a \u00faltima de la tarde, o a cocinar en el horno por la noche para la comida del d\u00eda siguiente. De esta forma, los electrodom\u00e9sticos no se calentar\u00e1n tanto y no incrementar\u00e1n mucho la temperatura de las estancias en las que se encuentren.<\/p>        <h3 class=\"wp-block-heading\"><strong>A\u00edsla t\u00e9rmicamente tu vivienda<\/strong><\/h3>        <p>Esta opci\u00f3n es algo m\u00e1s cara que las dem\u00e1s, pero quiz\u00e1 te compense para <a href=\"https:\/\/www.culmia.com\/blog\/consejos-para-mantener-la-casa-fresca-en-verano?utm_medium=blog&amp&utm_source=online&amp&utm_campaign=proteger_casa_calor_soluciones_sostenibles_saludables%3Ano%3Aany&amp&utm_content=consejosmantenercasafrescaenverano\" target=\"_blank\" rel=\"noreferrer noopener\">proteger la casa del calor<\/a> durante el verano. Consiste en <strong>aislar t\u00e9rmicamente puntos clave de la vivienda, como puertas, \u00a0ventanas o incluso el suelo<\/strong>, para que, en los momentos del d\u00eda en que tengas cerradas las estancias, el calor de fuera no entre y la humedad del interior no se pierda. Con lo cual, <strong>lograr\u00e1s crear un microclima espec\u00edfico<\/strong> y que se mantenga la temperatura que hayas logrado mediante otros m\u00e9todos, como a trav\u00e9s del aire acondicionado, de los ventiladores o humidificando el ambiente.<\/p>        <p>Si adquiriste recientemente tu vivienda y esta es de obra nueva, quiz\u00e1 ya cuente con un buen sistema de aislamiento. Y si no es el caso,<strong> siempre puedes plantearte consultar con un profesional <\/strong>para que valore la situaci\u00f3n de tu hogar y te presente un presupuesto. L\u00f3gicamente, se tratar\u00e1 de una inversi\u00f3n considerable, pero ten presente que no solo te ayudar\u00e1 a mantener a raya el calor en verano y el fr\u00edo en invierno, tambi\u00e9n <strong>te permitir\u00e1 incrementar la eficiencia energ\u00e9tica de la casa<\/strong> y, por tanto, a ahorrar dinero en tu factura mensual.<\/p>        <h3 class=\"wp-block-heading\"><strong>Utiliza iluminaci\u00f3n LED<\/strong><\/h3>        <p>Quiz\u00e1 hasta ahora no hab\u00edas reparado en ello, pero si <strong>sustituyes las bombillas tradicionales por otras de tecnolog\u00eda LED<\/strong> tambi\u00e9n estar\u00e1s protegiendo tu casa del calor en pleno verano. Como hemos comentado antes, cualquier sistema que est\u00e9 conectado a la corriente el\u00e9ctrica se va a calentar y va a desprender calor; pero en el caso de las bombillas LED <strong>la diferencia de temperatura ser\u00e1 suficiente como para que merezca la pena el cambio<\/strong>.<\/p>        <p>De hecho, estas soluciones cuentan con su propio disipador de calor, por lo que es importante comprobar que el mismo funciona correctamente para evitar sobrecalentamientos. Si es as\u00ed, no solo notar\u00e1s que la superficie de la bombilla no se calienta, sino que lograr\u00e1s un consumo energ\u00e9tico m\u00e1s eficiente, porque <a href=\"https:\/\/computerhoy.com\/noticias\/hardware\/verdades-mentiras-lamparas-bombillas-led-64096\" target=\"_blank\" rel=\"noreferrer noopener nofollow\"><strong>en su caso solo el 70 % de la energ\u00eda<\/strong><\/a><strong> se convierte en calor<\/strong>, por el 80 % de las l\u00e1mparas fluorescentes y el 90 % de las incandescentes.<\/p>        <figure class=\"wp-block-image size-large\"><img decoding=\"async\" width=\"1024\" height=\"683\" class=\"wp-image-6620\" src=\"https:\/\/www.culmia.com\/wp-content\/uploads\/2024\/06\/Culmia-proteger-casa-calor-verano-01-1024x683.jpg\" alt=\"Las plantas nos ayudan a proteger la vivienda del calor en verano\" title=\"\" srcset=\"https:\/\/www.culmia.com\/wp-content\/uploads\/2024\/06\/Culmia-proteger-casa-calor-verano-01-200x133.jpg 200w, https:\/\/www.culmia.com\/wp-content\/uploads\/2024\/06\/Culmia-proteger-casa-calor-verano-01-300x200.jpg 300w, https:\/\/www.culmia.com\/wp-content\/uploads\/2024\/06\/Culmia-proteger-casa-calor-verano-01-400x267.jpg 400w, https:\/\/www.culmia.com\/wp-content\/uploads\/2024\/06\/Culmia-proteger-casa-calor-verano-01-600x400.jpg 600w, https:\/\/www.culmia.com\/wp-content\/uploads\/2024\/06\/Culmia-proteger-casa-calor-verano-01-768x512.jpg 768w, https:\/\/www.culmia.com\/wp-content\/uploads\/2024\/06\/Culmia-proteger-casa-calor-verano-01-800x533.jpg 800w, https:\/\/www.culmia.com\/wp-content\/uploads\/2024\/06\/Culmia-proteger-casa-calor-verano-01-1024x683.jpg 1024w, https:\/\/www.culmia.com\/wp-content\/uploads\/2024\/06\/Culmia-proteger-casa-calor-verano-01-1200x800.jpg 1200w, https:\/\/www.culmia.com\/wp-content\/uploads\/2024\/06\/Culmia-proteger-casa-calor-verano-01-1536x1024.jpg 1536w, https:\/\/www.culmia.com\/wp-content\/uploads\/2024\/06\/Culmia-proteger-casa-calor-verano-01.jpg 1920w\" sizes=\"(max-width: 1024px) 100vw, 1024px\" \/><\/figure>        <h3 class=\"wp-block-heading\"><strong>Usa plantas de interior<\/strong><\/h3>        <p>Pocos consejos encontrar\u00e1s m\u00e1s sostenibles y amigables con el medioambiente que <strong>distribuir plantas de interior por toda tu vivienda<\/strong>. Con ellas, adem\u00e1s de decorarla y dar un toque de color a las habitaciones, tambi\u00e9n contribuir\u00e1s notablemente a renovar el ambiente y a lograr una temperatura \u00f3ptima.<\/p>        <p>Entre sus propiedades, est\u00e1n la de refrescar las estancias por ser unos humidificadores naturales o la de renovar y purificar el aire. As\u00ed que no lo dudes y coloca plantas de interior en cada rinc\u00f3n de tu hogar que te lo permita. <a href=\"https:\/\/www.elmueble.com\/plantas-flores\/plantas-interior-absorben-calor-refrescan-casa-perfectas-ola-calor_49557\" target=\"_blank\" rel=\"noreferrer noopener nofollow\">Especies como<\/a> el <strong>Ficus, la Aloe Vera, la Sansevieria, el Laurel, la Palma de Bamb\u00fa o el Helecho<\/strong> te ofrecer\u00e1n resultados espectaculares y, de paso, dar\u00e1n vida a tu casa.<\/p>        <h3 class=\"wp-block-heading\"><strong>No te olvides de ti<\/strong><\/h3>        <p>Por \u00faltimo, recuerda que no solo debes centrarte en tu casa para disfrutar de la mejor temperatura en verano. Tambi\u00e9n es importante que tomes medidas directas para que tu cuerpo sienta el menos calor posible. De hecho, nuestro hogar suele ser sin\u00f3nimo de comodidad y confort, as\u00ed que, al llegar a \u00e9l, no dudes en <strong>vestirte con ropa ligera, transpirable, de tonos claros y que te quede lo m\u00e1s holgada posible<\/strong>.<\/p>        <p>Si lo haces, tu organismo transpirar\u00e1 correctamente y acumular\u00e1 menos calor, por lo que probablemente te sentir\u00e1s mejor y sudar\u00e1s menos. Algo que tambi\u00e9n podr\u00e1s conseguir si <strong>te mantienes hidratado durante todo el d\u00eda<\/strong>, bebiendo constantemente l\u00edquido (como agua o bebidas naturales) y comiendo alimentos frescos (como frutas, ensa\u00f1adas o gazpacho).<\/p>        <figure class=\"wp-block-image size-large\"><img decoding=\"async\" width=\"1024\" height=\"683\" class=\"wp-image-6617\" src=\"https:\/\/www.culmia.com\/wp-content\/uploads\/2024\/06\/Culmia-proteger-casa-calor-verano-04-1024x683.jpg\" alt=\"Consejos para proteger la casa del calor durante el verano\" title=\"\" srcset=\"https:\/\/www.culmia.com\/wp-content\/uploads\/2024\/06\/Culmia-proteger-casa-calor-verano-04-200x133.jpg 200w, https:\/\/www.culmia.com\/wp-content\/uploads\/2024\/06\/Culmia-proteger-casa-calor-verano-04-300x200.jpg 300w, https:\/\/www.culmia.com\/wp-content\/uploads\/2024\/06\/Culmia-proteger-casa-calor-verano-04-400x267.jpg 400w, https:\/\/www.culmia.com\/wp-content\/uploads\/2024\/06\/Culmia-proteger-casa-calor-verano-04-600x400.jpg 600w, https:\/\/www.culmia.com\/wp-content\/uploads\/2024\/06\/Culmia-proteger-casa-calor-verano-04-768x512.jpg 768w, https:\/\/www.culmia.com\/wp-content\/uploads\/2024\/06\/Culmia-proteger-casa-calor-verano-04-800x533.jpg 800w, https:\/\/www.culmia.com\/wp-content\/uploads\/2024\/06\/Culmia-proteger-casa-calor-verano-04-1024x683.jpg 1024w, https:\/\/www.culmia.com\/wp-content\/uploads\/2024\/06\/Culmia-proteger-casa-calor-verano-04-1200x800.jpg 1200w, https:\/\/www.culmia.com\/wp-content\/uploads\/2024\/06\/Culmia-proteger-casa-calor-verano-04-1536x1024.jpg 1536w, https:\/\/www.culmia.com\/wp-content\/uploads\/2024\/06\/Culmia-proteger-casa-calor-verano-04.jpg 1920w\" sizes=\"(max-width: 1024px) 100vw, 1024px\" \/><\/figure>        <h2 class=\"wp-block-heading\"><strong>Proteger la casa del calor es posible con soluciones sostenibles y saludables<\/strong><\/h2>        <p>Como acabas de ver, no es necesario gastarse mucho dinero o recurrir siempre a la tecnolog\u00eda para rebajar la temperatura en el hogar en los momentos m\u00e1s sofocantes del verano. En nuestro caso, te hemos tra\u00eddo varias soluciones sencillas y asequibles que te ayudar\u00e1n a aislarte del calor y a refrescar el ambiente, por lo que te animamos a que las pongas en marcha para<strong> afrontar las pr\u00f3ximas semanas de la mejor forma posible, a la vez que <a href=\"https:\/\/www.culmia.com\/blog\/ideas-para-conseguir-un-hogar-sostenible\">cuidas del medio ambiente<\/a> y de tu bolsillo.<\/strong><\/p>        <p>Te recomendamos:<\/p>        <ul class=\"wp-block-list\">  <li><a href=\"https:\/\/www.culmia.com\/blog\/decorar-un-jardin-reciclando-para-proteger-medio-ambiente?utm_medium=blog&amp&utm_source=online&amp&utm_campaign=proteger_casa_calor_soluciones_sostenibles_saludables%3Ano%3Aany&amp&utm_content=decorarunjardinreciclando\" target=\"_blank\" rel=\"noreferrer noopener\">Decorar un jard\u00edn reciclando: 10 ideas clave para proteger el medio ambiente<\/a><\/li>  <li><a href=\"https:\/\/www.culmia.com\/blog\/como-ahorrar-factura-de-luz?utm_medium=blog&amp&utm_source=online&amp&utm_campaign=proteger_casa_calor_soluciones_sostenibles_saludables%3Ano%3Aany&amp&utm_content=comoahorrarenfacturadelaluz\" target=\"_blank\" rel=\"noreferrer noopener\">C\u00f3mo ahorrar en la factura de la luz<\/a><\/li>  <\/ul>        <figure class=\"wp-block-image size-large\"><a href=\"https:\/\/www.culmia.com\/blog\/guia-vivienda-saludable-construccion-sostenible?utm_source=blogculmia&amp&utm_medium=inbound&amp&utm_campaign=cta_guia_vivienda_saludable\"><img decoding=\"async\" class=\"wp-image-3975\" src=\"https:\/\/www.culmia.com\/wp-content\/uploads\/2023\/04\/cta_guia_vivienda_saludable.jpg\" alt=\"Gu\u00eda vivienda saludable y construcci\u00f3n sostenible\" title=\"\"><\/a><\/figure>        <p>&nbsp;<\/p>","protected":false},"excerpt":{"rendered":"<p>Consejos para proteger la casa del calor en pleno verano &#8230;<\/p>\n","protected":false},"author":5,"featured_media":6617,"comment_status":"closed","ping_status":"open","sticky":false,"template":"","format":"standard","meta":{"_acf_changed":false,"footnotes":""},"categories":[175,178],"tags":[452,453,320,401,417,454],"class_list":["post-6616","post","type-post","status-publish","format-standard","has-post-thumbnail","hentry","category-estilo-de-vida","category-sostenibilidad","tag-aislar-casa-del-calor","tag-calor","tag-iluminacion","tag-sostenibilidad","tag-verano","tag-vivienda-saludable"],"acf":[],"_links":{"self":[{"href":"https:\/\/www.culmia.com\/es\/wp-json\/wp\/v2\/posts\/6616","targetHints":{"allow":["GET"]}}],"collection":[{"href":"https:\/\/www.culmia.com\/es\/wp-json\/wp\/v2\/posts"}],"about":[{"href":"https:\/\/www.culmia.com\/es\/wp-json\/wp\/v2\/types\/post"}],"author":[{"embeddable":true,"href":"https:\/\/www.culmia.com\/es\/wp-json\/wp\/v2\/users\/5"}],"replies":[{"embeddable":true,"href":"https:\/\/www.culmia.com\/es\/wp-json\/wp\/v2\/comments?post=6616"}],"version-history":[{"count":1,"href":"https:\/\/www.culmia.com\/es\/wp-json\/wp\/v2\/posts\/6616\/revisions"}],"predecessor-version":[{"id":29198,"href":"https:\/\/www.culmia.com\/es\/wp-json\/wp\/v2\/posts\/6616\/revisions\/29198"}],"wp:featuredmedia":[{"embeddable":true,"href":"https:\/\/www.culmia.com\/es\/wp-json\/wp\/v2\/media\/6617"}],"wp:attachment":[{"href":"https:\/\/www.culmia.com\/es\/wp-json\/wp\/v2\/media?parent=6616"}],"wp:term":[{"taxonomy":"category","embeddable":true,"href":"https:\/\/www.culmia.com\/es\/wp-json\/wp\/v2\/categories?post=6616"},{"taxonomy":"post_tag","embeddable":true,"href":"https:\/\/www.culmia.com\/es\/wp-json\/wp\/v2\/tags?post=6616"}],"curies":[{"name":"wp","href":"https:\/\/api.w.org\/{rel}","templated":true}]}}