{"id":6253,"date":"2024-04-30T10:00:00","date_gmt":"2024-04-30T10:00:00","guid":{"rendered":"https:\/\/www.culmia.com\/blog\/?p=6253"},"modified":"2026-01-22T09:14:54","modified_gmt":"2026-01-22T08:14:54","slug":"indice-precios-alquiler-viviendas-guia-completa","status":"publish","type":"post","link":"https:\/\/www.culmia.com\/es\/blog\/indice-precios-alquiler-viviendas-guia-completa\/","title":{"rendered":"\u00cdndice de precios de alquiler de viviendas: gu\u00eda completa"},"content":{"rendered":"<p>El <strong>mercado de alquiler de viviendas<\/strong> se encuentra actualmente en unos m\u00e1ximos dentro de su historia reciente. En enero de 2024, <a href=\"https:\/\/www.fotocasa.es\/fotocasa-life\/alquiler\/conoce-el-precio-de-la-vivienda-en-alquiler-en-tu-zona\/\" target=\"_blank\" rel=\"noreferrer noopener nofollow\"><strong>su precio subi\u00f3 un 5,1 % interanual<\/strong><\/a><strong> y se situ\u00f3 en 11,78 \u20ac\/m2<\/strong>, su valor m\u00e1s alto en los \u00faltimos 18 a\u00f1os. Lo que significa, por ejemplo, que un piso de tama\u00f1o est\u00e1ndar (80 m<sup>2<\/sup>) cuesta, de media, 942 euros mensuales en Espa\u00f1a.<\/p>        <p>Es, por tanto, un momento complicado que la reciente <a href=\"https:\/\/www.culmia.com\/blog\/nueva-ley-de-vivienda-2023?utm_medium=blog&amp&utm_source=online&amp&utm_campaign=indice_precios_alquiler_viviendas%3Ano%3Aany&amp&utm_content=nuevaleyvivienda2023\"><strong>Ley de Vivienda<\/strong><\/a> ha querido abordar a trav\u00e9s de <strong>medidas destinadas a favorecer el acceso a viviendas de precios asequibles<\/strong>. Y entre ellas est\u00e1n precisamente las limitaciones a estos precios del alquiler, como la declaraci\u00f3n de zonas de mercado residencial tensionado o la creaci\u00f3n de un <strong>\u00cdndice de Precios de Alquiler de Viviendas<\/strong>.<\/p>        <p>De este \u00faltimo queremos hablarte hoy para explicarte en qu\u00e9 consiste. \u00a1No te pierdas esta gu\u00eda completa!<\/p>        <div class=\"wp-block-image\">  <figure class=\"aligncenter size-large\"><img decoding=\"async\" width=\"1024\" height=\"683\" class=\"wp-image-6255\" src=\"https:\/\/www.culmia.com\/wp-content\/uploads\/2024\/04\/Culmia-indice-precios-vivienda-02-1024x683.jpg\" alt=\"El \u00cdndice de Precios de Alquiler de Viviendas ya est\u00e1 vigente en Espa\u00f1a\" title=\"\" srcset=\"https:\/\/www.culmia.com\/wp-content\/uploads\/2024\/04\/Culmia-indice-precios-vivienda-02-200x133.jpg 200w, https:\/\/www.culmia.com\/wp-content\/uploads\/2024\/04\/Culmia-indice-precios-vivienda-02-300x200.jpg 300w, https:\/\/www.culmia.com\/wp-content\/uploads\/2024\/04\/Culmia-indice-precios-vivienda-02-400x267.jpg 400w, https:\/\/www.culmia.com\/wp-content\/uploads\/2024\/04\/Culmia-indice-precios-vivienda-02-600x400.jpg 600w, https:\/\/www.culmia.com\/wp-content\/uploads\/2024\/04\/Culmia-indice-precios-vivienda-02-768x512.jpg 768w, https:\/\/www.culmia.com\/wp-content\/uploads\/2024\/04\/Culmia-indice-precios-vivienda-02-800x533.jpg 800w, https:\/\/www.culmia.com\/wp-content\/uploads\/2024\/04\/Culmia-indice-precios-vivienda-02-1024x683.jpg 1024w, https:\/\/www.culmia.com\/wp-content\/uploads\/2024\/04\/Culmia-indice-precios-vivienda-02-1200x800.jpg 1200w, https:\/\/www.culmia.com\/wp-content\/uploads\/2024\/04\/Culmia-indice-precios-vivienda-02-1536x1024.jpg 1536w, https:\/\/www.culmia.com\/wp-content\/uploads\/2024\/04\/Culmia-indice-precios-vivienda-02.jpg 1920w\" sizes=\"(max-width: 1024px) 100vw, 1024px\" \/><\/figure>  <\/div>        <h2 class=\"wp-block-heading\"><strong>\u00bfQu\u00e9 es el \u00cdndice de Precios de Alquiler de Viviendas?<\/strong><\/h2>        <p>Es un <strong>nuevo sistema estatal de referencia<\/strong> destinado a fijar l\u00edmites a los precios de los nuevos contratos de arrendamiento de vivienda. <strong>Tiene un car\u00e1cter orientativo y utiliza un sistema de rangos<\/strong> a partir de una serie de caracter\u00edsticas de la vivienda, como su superficie, el estado de conservaci\u00f3n en el que se encuentra, su a\u00f1o de construcci\u00f3n o las especificaciones de sus zonas comunes (como, por ejemplo, si cuenta con ascensor, conserje, piscina o aparcamiento).<\/p>        <p>Solo podr\u00e1 aplicarse para limitar los precios en \u00e1reas que previamente hayan sido catalogadas como tensionadas por las <strong>comunidades aut\u00f3nomas<\/strong>. Algo para lo que deben <a href=\"https:\/\/www.idealista.com\/news\/inmobiliario\/vivienda\/2023\/11\/17\/808937-cuales-son-las-zonas-tensionadas-de-alquiler-segun-la-ley-de-vivienda\" target=\"_blank\" rel=\"noreferrer noopener nofollow\">cumplir uno de estos requisitos<\/a>:<\/p>        <ul class=\"wp-block-list\">  <li>Que la <strong>carga media del coste de la hipoteca o del alquiler<\/strong> en el presupuesto personal o de la unidad de convivencia, m\u00e1s los gastos y suministros b\u00e1sicos, <strong>supere el 30 % de los ingresos medios o de la renta media <\/strong>de los hogares situados en esa zona.<\/li>  <li>Que <strong>el precio de compra o alquiler de la vivienda<\/strong> haya experimentado en los \u00faltimos 5 a\u00f1os un crecimiento acumulado de al menos el 3 % por encima del porcentaje de crecimiento acumulado del <strong>IPC en la comunidad aut\u00f3noma correspondiente<\/strong>.<\/li>  <\/ul>        <h2 class=\"wp-block-heading\"><strong>\u00bfC\u00f3mo se calcula el \u00cdndice de Precios de Alquiler de Viviendas?<\/strong><\/h2>        <p><a href=\"https:\/\/www.epe.es\/es\/activos\/20240227\/ministerio-vivienda-indice-precios-alquiler-98720685\" target=\"_blank\" rel=\"noreferrer noopener nofollow\">Para obtenerlo<\/a>, se ha utilizado informaci\u00f3n proveniente de la <strong>base de datos de 2022 de la Declaraci\u00f3n de la Renta<\/strong>, lo que incluye a m\u00e1s de 2,5 millones de caseros. Y tambi\u00e9n se ha obtenido gracias a datos pertenecientes a la <strong>Agencia Tributaria, al Catastro, al Instituto Nacional de Estad\u00edstica, al Banco de Espa\u00f1a <\/strong>o <strong>al Colegio de Registradores<\/strong>.<\/p>        <p>Adem\u00e1s, para <strong>elaborar la metodolog\u00eda de c\u00e1lculo<\/strong>, en el proyecto tambi\u00e9n han participado miembros de algunas de las instituciones y organismos ya mencionados y de otros, como la Secretar\u00eda General de Asuntos Econ\u00f3micos y G20 de Presidencia de Espa\u00f1a, del Consejo General de Economistas o de la Asociaci\u00f3n Espa\u00f1ola de An\u00e1lisis del Valor (AEV).<\/p>        <p>Por lo dem\u00e1s, <strong>est\u00e1 previsto que se actualice de forma anual<\/strong> a partir de los datos correspondientes de cada a\u00f1o.<\/p>        <h2 class=\"wp-block-heading\"><strong>\u00bfA qui\u00e9nes se aplica este nuevo \u00cdndice de Precios de Alquiler de Viviendas?<\/strong><\/h2>        <p>Como ya hemos dicho, este baremo de precios m\u00e1ximos y m\u00ednimos solamente podr\u00e1 utilizarse para <strong>fijar el precio de los alquileres en zonas tensionadas<\/strong>. Y, dentro de ellas, no afectar\u00e1 a todo el mundo, ya que <strong>se aplicar\u00e1 exclusivamente a los nuevos contratos de arrendamiento<\/strong> que cumplan con una de estas caracter\u00edsticas:<\/p>        <ul class=\"wp-block-list\">  <li>La vivienda <strong>fue alquilada en los \u00faltimos 5 a\u00f1os por un peque\u00f1o propietario (no gran tenedor)<\/strong> y el precio de ese alquiler <strong>era m\u00e1s alto que el \u00edndice de referencia de precios<\/strong>. En este caso, <a href=\"https:\/\/www.jubilaciondefuturo.es\/es\/blog\/nuevo-indice-para-limitar-el-precio-de-los-alquileres.html\" target=\"_blank\" rel=\"noreferrer noopener nofollow\">el precio se podr\u00e1 mantener<\/a>.<\/li>  <li><strong>Que la vivienda alquilada pertenezca a un gran tenedor<\/strong>. En el caso de las zonas tensionadas, seg\u00fan la Ley de Vivienda, <a href=\"https:\/\/www.lavanguardia.com\/economia\/legal\/20230717\/9114195\/gran-tenedor-nueva-definicion-ley-vivienda-mkt-hfy.html\" target=\"_blank\" rel=\"noreferrer noopener nofollow\">este se define como<\/a> la persona f\u00edsica o jur\u00eddica (empresa) que es titular de m\u00e1s de 5 inmuebles urbanos dentro, excluyendo garajes y trasteros, o que es titular de una superficie construida de 1.500 metros<sup>2 <\/sup>o superior.<\/li>  <li><strong>La vivienda en alquiler pertenece a un propietario de cualquier tipo<\/strong> (tanto gran tenedor como peque\u00f1o propietario) y <strong>no ha estado alquilada en los \u00faltimos 5 a\u00f1os, o nunca lo ha estado<\/strong>.<\/li>  <\/ul>        <h2 class=\"wp-block-heading\"><strong>\u00bfCu\u00e1les son los valores entre los que se podr\u00e1 alquilar la vivienda?<\/strong><\/h2>        <p>El \u00cdndice de Precios de Alquiler de Viviendas establece dos rangos de valores, <strong>el inferior y el superior<\/strong>. Por lo tanto, el precio del alquiler de las viviendas que cumplan con las mencionadas premisas quedar\u00e1 fijado <strong>en funci\u00f3n de las caracter\u00edsticas particulares de la vivienda<\/strong>. De hecho, la Ley de Vivienda deja abierta la posibilidad de que un casero <strong>suba el precio del alquiler hasta en un 10 %<\/strong> si el inmueble ha sido rehabilitado en los \u00faltimos a\u00f1os, seg\u00fan los t\u00e9rminos indicados en el <a href=\"https:\/\/www.iberley.es\/legislacion\/articulo-41-reglamento-impuesto-sobre-renta-personas-fisicas-irpf\" target=\"_blank\" rel=\"noreferrer noopener nofollow\">art\u00edculo 41 del <strong>Reglamento del Impuesto sobre la Renta de Personas F\u00edsicas<\/strong><\/a>.<\/p>        <figure class=\"wp-block-image size-large\"><img decoding=\"async\" width=\"1024\" height=\"683\" class=\"wp-image-6256\" src=\"https:\/\/www.culmia.com\/wp-content\/uploads\/2024\/04\/Culmia-indice-precios-vivienda-01-1024x683.jpg\" alt=\"El nuevo \u00cdndice de Precios de Alquiler pretende facilitar el acceso a la vivienda\" title=\"\" srcset=\"https:\/\/www.culmia.com\/wp-content\/uploads\/2024\/04\/Culmia-indice-precios-vivienda-01-200x133.jpg 200w, https:\/\/www.culmia.com\/wp-content\/uploads\/2024\/04\/Culmia-indice-precios-vivienda-01-300x200.jpg 300w, https:\/\/www.culmia.com\/wp-content\/uploads\/2024\/04\/Culmia-indice-precios-vivienda-01-400x267.jpg 400w, https:\/\/www.culmia.com\/wp-content\/uploads\/2024\/04\/Culmia-indice-precios-vivienda-01-600x400.jpg 600w, https:\/\/www.culmia.com\/wp-content\/uploads\/2024\/04\/Culmia-indice-precios-vivienda-01-768x512.jpg 768w, https:\/\/www.culmia.com\/wp-content\/uploads\/2024\/04\/Culmia-indice-precios-vivienda-01-800x533.jpg 800w, https:\/\/www.culmia.com\/wp-content\/uploads\/2024\/04\/Culmia-indice-precios-vivienda-01-1024x683.jpg 1024w, https:\/\/www.culmia.com\/wp-content\/uploads\/2024\/04\/Culmia-indice-precios-vivienda-01-1200x800.jpg 1200w, https:\/\/www.culmia.com\/wp-content\/uploads\/2024\/04\/Culmia-indice-precios-vivienda-01-1536x1024.jpg 1536w, https:\/\/www.culmia.com\/wp-content\/uploads\/2024\/04\/Culmia-indice-precios-vivienda-01.jpg 1920w\" sizes=\"(max-width: 1024px) 100vw, 1024px\" \/><\/figure>        <h2 class=\"wp-block-heading\"><strong>\u00bfDesde cu\u00e1ndo est\u00e1 vigente este \u00cdndice de Precios de Alquiler de Viviendas?<\/strong><\/h2>        <p>Esta nueva medida se public\u00f3 en el <strong>Bolet\u00edn Oficial del Estado (BOE)<\/strong> <strong>el pasado viernes 15 de marzo<\/strong>, por lo que desde ese momento es aplicable en aquellas comunidades aut\u00f3nomas que hayan declarado zonas tensionadas dentro de su territorio.<\/p>        <h2 class=\"wp-block-heading\"><strong>\u00bfEn qu\u00e9 comunidades aut\u00f3nomas ya se est\u00e1 aplicando?<\/strong><\/h2>        <p>Por el momento, <strong>tan solo Catalu\u00f1a <\/strong><a href=\"https:\/\/web.gencat.cat\/es\/actualitat\/detall\/Les-arees-tenses-on-es-limitara-el-lloguer-a-informacio-publica\" target=\"_blank\" rel=\"noreferrer noopener nofollow\"><strong>ha optado por recurrir a este \u00cdndice de Precios de Alquiler de Viviendas<\/strong><\/a> para controlar los precios de sus arrendamientos. En concreto, ha decidido declarar como zonas de mercado residencial tensionado a <strong>140 de sus municipios<\/strong>, los cuales cuentan con una oferta insuficiente de vivienda asequible y, por tanto, cumplen con los requisitos estipulados por la ley.<\/p>        <p><strong>En estas localidades viven 6,2 millones de personas, el 80,6 % de la poblaci\u00f3n catalana<\/strong>.\u00a0 Y est\u00e1 previsto que la mencionada medida tenga una <strong>vigencia de 3 a\u00f1os<\/strong>, con la posibilidad de ser prorrogados por anualidades siguiendo el mismo procedimiento.<\/p>        <p>Y, m\u00e1s all\u00e1 de Catalu\u00f1a, cabe se\u00f1alar que <strong>tanto Pa\u00eds Vasco como Navarra cuentan con reg\u00edmenes fiscales diferentes<\/strong>, toda vez que la herramienta ha utilizado datos tributarios de las comunidades de r\u00e9gimen com\u00fan y no se han tenido en cuenta los de las haciendas forales. De ah\u00ed que el Gobierno deba revisar especialmente sus casos, y en especial el de Navarra, ya que <a href=\"https:\/\/www.servimedia.es\/noticias\/asturias-navarra-analizaran-situacion-alquiler-antes-aplicar-indice-precios\/1410103991\" target=\"_blank\" rel=\"noreferrer noopener nofollow\">junto a <strong>Asturias<\/strong> ha sido una<\/a> de las comunidades aut\u00f3nomas que se ha mostrado interesada en aplicar este \u00cdndice de Precios de Alquiler a corto plazo.<\/p>        <h2 class=\"wp-block-heading\"><strong>El control tambi\u00e9n correr\u00e1 a cargo de la comunidad aut\u00f3noma<\/strong><\/h2>        <p>Es importante tener en cuenta que <strong>las comunidades aut\u00f3nomas son las titulares de la competencia de Vivienda<\/strong>. Esto significa que ser\u00e1n ellas las que controlar\u00e1n y velar\u00e1n en su territorio por el cumplimiento del \u00cdndice en las zonas que hayan declarado como tensionadas.<\/p>        <p>Para ello, podr\u00e1n realizar inspecciones, <a href=\"https:\/\/www.20minutos.es\/noticia\/5222690\/0\/nuevo-indice-precios-alquiler-vivienda\/\" target=\"_blank\" rel=\"noreferrer noopener nofollow\"><strong>aunque todav\u00eda hay dudas sobre su capacidad<\/strong><\/a><strong> para garantizar su aplicaci\u00f3n<\/strong>, porque a\u00fan no se disponen de mecanismos sencillos para que el inquilino pueda consultar si la vivienda que pretende alquilar pertenece a un gran tenedor. En su caso, solo pueden averiguarlo acudiendo al <a href=\"https:\/\/www.culmia.com\/blog\/como-inscribir-tu-nueva-vivienda-en-el-registro-de-la-propiedad?utm_medium=blog&amp&utm_source=online&amp&utm_campaign=indice_precios_alquiler_viviendas%3Ano%3Aany&amp&utm_content=comoinscribirenregistrodelapropiedad\"><strong>Registro de la Propiedad<\/strong><\/a>.<\/p>        <div class=\"wp-block-image\">  <figure class=\"aligncenter size-full\"><img decoding=\"async\" class=\"wp-image-6257\" src=\"https:\/\/www.culmia.com\/wp-content\/uploads\/2024\/04\/info_1_principal_indice_precios_alquiler.png\" alt=\"Infograf\u00eda de nuevo \u00cdndice de Precios de Alquiler de Viviendas\" title=\"\"><\/figure>  <\/div>        <h2 class=\"wp-block-heading\"><strong>\u00bfQu\u00e9 ocurrir\u00e1 si la vivienda alquilada est\u00e1 en una zona tensionada y tiene un contrato vigente?<\/strong><\/h2>        <p>Si el contrato no se realiza o renueva desde la entrada en vigor de este \u00cdndice de Precios del Alquiler de Viviendas, <strong>su precio solo podr\u00e1 subir un m\u00e1ximo del 3 %<\/strong>, ya que este es el porcentaje m\u00e1ximo que establece la ley para su actualizaci\u00f3n anual. De esta forma, el precio <a href=\"https:\/\/www.newtral.es\/indice-precios-alquiler-gobierno-tope\/20240228\/\" target=\"_blank\" rel=\"noreferrer noopener nofollow\">\u00fanicamente podr\u00e1 disminuir a partir de una negociaci\u00f3n<\/a> entre el arrendador y arrendatario, en la cual el \u00cdndice solo funcionar\u00e1 como referencia para conocer el valor real de la vivienda que se encuentra alquilada.<\/p>        <p>Adem\u00e1s, solo se podr\u00e1n <strong>hacer algunos ajustes en el precio<\/strong> si la vivienda ha sido <strong>mejorada<\/strong>, si dispone de <strong>rehabilitaci\u00f3n energ\u00e9tica<\/strong> o cumple con unas <strong>condiciones de durabilidad indicadas en el contrato de arrendamientos superiores<\/strong> a lo que contempla la Ley de Arrendamientos Urbanos.<\/p>        <h2 class=\"wp-block-heading\"><strong>\u00bfC\u00f3mo acceder al \u00cdndice de Precios de Alquiler de Viviendas?<\/strong><\/h2>        <p>Puedes encontrar este \u00edndice en el portal del <strong>Ministerio de Vivienda y Agenda Urbana<\/strong>. En concreto, en su <a href=\"https:\/\/serpavi.mivau.gob.es\/\" target=\"_blank\" rel=\"noreferrer noopener nofollow\"><strong>Sistema Estatal de Referencia de Precios de Alquiler de Vivienda<\/strong><\/a>. Contempla las viviendas situadas en edificios de tipolog\u00eda residencial colectiva con m\u00e1s de 5 a\u00f1os de antig\u00fcedad y cuya superficie construida no sea inferior a 30 m<sup>2<\/sup> ni superior a 150 m<sup>2<\/sup>.<\/p>        <p>Para utilizarlo, deber\u00e1s buscar la vivienda a partir de su referencia catastral, la cual podr\u00e1s averiguar en la <a href=\"https:\/\/www1.sedecatastro.gob.es\/Cartografia\/mapa.aspx?buscar=S\" target=\"_blank\" rel=\"noreferrer noopener nofollow\"><strong>Sede electr\u00f3nica del catastro<\/strong><\/a>. Tras ello, se te ofrecer\u00e1n diferentes datos informativos sobre el inmueble, algunos ya completados y otros pendientes de que el usuario introduzca los datos, como su estado de conservaci\u00f3n, las caracter\u00edsticas de sus zonas comunes, si est\u00e1 amueblado, su letra del certificado energ\u00e9tico, etc.<\/p>        <p>A partir de esta informaci\u00f3n, el sistema puede realizar un c\u00e1lculo a partir de la metodolog\u00eda aplicada por el Sistema Estatal de \u00cdndices de Precios del Alquiler de Vivienda. Por lo que <strong>obtendr\u00e1s un rango de renta de referencia de euros mensuales de car\u00e1cter orientativo<\/strong>, as\u00ed como la posibilidad de descargarte en PDF un informe con todos los datos b\u00e1sicos del inmueble buscado.<\/p>        <h2 class=\"wp-block-heading\"><strong>\u00bfC\u00f3mo conocer cu\u00e1les son las \u00e1reas tensionadas que hay en la actualidad?<\/strong><\/h2>        <p>Estas zonas determinadas como de mercado residencial tensionado <a href=\"https:\/\/www.mivau.gob.es\/vivienda\/alquila-bien-es-tu-derecho\/serpavi\/consultar-zonas-de-mercado-residencial-tensionado\" target=\"_blank\" rel=\"noreferrer noopener nofollow\">pueden encontrarse en la p\u00e1gina espec\u00edfica<\/a> del <strong>Ministerio de Vivienda y Agenda Urbana<\/strong>.<\/p>        <figure class=\"wp-block-image size-large\"><img decoding=\"async\" width=\"1024\" height=\"683\" class=\"wp-image-6254\" src=\"https:\/\/www.culmia.com\/wp-content\/uploads\/2024\/04\/Culmia-indice-precios-vivienda-03-1024x683.jpg\" alt=\"Nuevo \u00edndice de precios de alquiler de vivienda\" title=\"\" srcset=\"https:\/\/www.culmia.com\/wp-content\/uploads\/2024\/04\/Culmia-indice-precios-vivienda-03-200x133.jpg 200w, https:\/\/www.culmia.com\/wp-content\/uploads\/2024\/04\/Culmia-indice-precios-vivienda-03-300x200.jpg 300w, https:\/\/www.culmia.com\/wp-content\/uploads\/2024\/04\/Culmia-indice-precios-vivienda-03-400x267.jpg 400w, https:\/\/www.culmia.com\/wp-content\/uploads\/2024\/04\/Culmia-indice-precios-vivienda-03-600x400.jpg 600w, https:\/\/www.culmia.com\/wp-content\/uploads\/2024\/04\/Culmia-indice-precios-vivienda-03-768x512.jpg 768w, https:\/\/www.culmia.com\/wp-content\/uploads\/2024\/04\/Culmia-indice-precios-vivienda-03-800x533.jpg 800w, https:\/\/www.culmia.com\/wp-content\/uploads\/2024\/04\/Culmia-indice-precios-vivienda-03-1024x683.jpg 1024w, https:\/\/www.culmia.com\/wp-content\/uploads\/2024\/04\/Culmia-indice-precios-vivienda-03-1200x800.jpg 1200w, https:\/\/www.culmia.com\/wp-content\/uploads\/2024\/04\/Culmia-indice-precios-vivienda-03-1536x1024.jpg 1536w, https:\/\/www.culmia.com\/wp-content\/uploads\/2024\/04\/Culmia-indice-precios-vivienda-03.jpg 1920w\" sizes=\"(max-width: 1024px) 100vw, 1024px\" \/><\/figure>        <h2 class=\"wp-block-heading\"><strong>\u00bfCu\u00e1les ser\u00e1n las consecuencias de la aplicaci\u00f3n de este nuevo \u00cdndice?<\/strong><\/h2>        <p>Diferentes actores del sector inmobiliario <strong>no se han mostrado muy optimistas<\/strong> sobre la entrada en vigor de este <strong>\u00cdndice de Precios de Alquiler de Viviendas<\/strong>. Entre sus principales problemas <a href=\"https:\/\/www.newtral.es\/indice-precios-alquiler-gobierno-tope\/20240228\/\" target=\"_blank\" rel=\"noreferrer noopener nofollow\">destacan<\/a>:<\/p>        <ul class=\"wp-block-list\">  <li><strong>Su poca utilidad<\/strong>, porque afecta principalmente a los nuevos contratos y a los grandes tenedores. Es decir, a un porcentaje peque\u00f1o del mercado.<\/li>  <li><strong>Que no act\u00faa para incentivar la oferta<\/strong>, sino al rev\u00e9s: probablemente contribuya a reducir todav\u00eda m\u00e1s el mercado y acabe tensionando los precios al alza.<\/li>  <li><strong>Que no se trate de una medida para reducir los precios, <\/strong><a href=\"https:\/\/es.ara.cat\/economia\/inmobiliario\/puntos-debiles-nuevo-indice-precios-alquiler_1_4964658.html\" target=\"_blank\" rel=\"noreferrer noopener nofollow\"><strong>sino simplemente para contenerlos<\/strong><\/a>. Por lo tanto, solo podr\u00e1 ayudar a frenar las subidas.<\/li>  <li><strong>La utilizaci\u00f3n de datos de 2022 para su realizaci\u00f3n<\/strong>, por lo que no refleja la situaci\u00f3n actual del mercado inmobiliario. De hecho, hasta el \u00faltimo trimestre de 2024 no se actualizar\u00e1 con la informaci\u00f3n de 2023.<\/li>  <li><strong>La confusi\u00f3n que puede generar<\/strong> que los precios de este \u00edndice sean muy diferentes a los que muestran los portales inmobiliarios.<\/li>  <li><a href=\"https:\/\/es.ara.cat\/economia\/inmobiliario\/indice-control-precio-alquileres-retrasado-dias_1_4966388.html\" target=\"_blank\" rel=\"noreferrer noopener nofollow\"><strong>La ausencia de f\u00f3rmulas<\/strong><\/a> para llevar a cabo las inspecciones y sancionar los incumplimientos de la medida.<\/li>  <li>El <strong>car\u00e1cter subjetivo del \u00edndice<\/strong> en cuanto a la valoraci\u00f3n de las caracter\u00edsticas del piso, ya que los criterios aplicados para definir si est\u00e1 amueblado o si se encuentra en buen estado pueden diferir entre las personas.<\/li>  <\/ul>        <p>\u00bfQu\u00e9 te parece a ti este <strong>\u00cdndice de Precios de Alquiler de Viviendas<\/strong>? \u00bfCrees que va a ser \u00fatil para reducir los precios y relajar la tensi\u00f3n sobre el mercado de arrendamientos?<\/p>        <figure class=\"wp-block-image size-large\"><a href=\"https:\/\/www.culmia.com\/blog\/guia-para-financiar-tu-casa-nueva?utm_source=blogculmia&amp&utm_medium=inbound&amp&utm_campaign=cta_guia_financiar_casa_nueva\"><img decoding=\"async\" width=\"800\" height=\"353\" class=\"wp-image-6094\" src=\"https:\/\/www.culmia.com\/wp-content\/uploads\/2024\/03\/cta_guia_para_financiar_tu_casa_nueva.jpg\" alt=\"Gu\u00eda para financiar tu casa nueva\" title=\"\" srcset=\"https:\/\/www.culmia.com\/wp-content\/uploads\/2024\/03\/cta_guia_para_financiar_tu_casa_nueva-200x88.jpg 200w, https:\/\/www.culmia.com\/wp-content\/uploads\/2024\/03\/cta_guia_para_financiar_tu_casa_nueva-300x132.jpg 300w, https:\/\/www.culmia.com\/wp-content\/uploads\/2024\/03\/cta_guia_para_financiar_tu_casa_nueva-400x177.jpg 400w, https:\/\/www.culmia.com\/wp-content\/uploads\/2024\/03\/cta_guia_para_financiar_tu_casa_nueva-600x265.jpg 600w, https:\/\/www.culmia.com\/wp-content\/uploads\/2024\/03\/cta_guia_para_financiar_tu_casa_nueva-768x339.jpg 768w, https:\/\/www.culmia.com\/wp-content\/uploads\/2024\/03\/cta_guia_para_financiar_tu_casa_nueva.jpg 800w\" sizes=\"(max-width: 800px) 100vw, 800px\" \/><\/a><\/figure>        <p>Te recomendamos:<\/p>        <ul class=\"wp-block-list\">  <li><a href=\"https:\/\/www.culmia.com\/blog\/prevision-precio-vivienda-2024?utm_medium=blog&amp&utm_source=online&amp&utm_campaign=indice_precios_alquiler_viviendas%3Ano%3Aany&amp&utm_content=factoresinfluiranenpreciovivienda2024\" target=\"_blank\" rel=\"noreferrer noopener\">Factores que influir\u00e1n en los precios de la vivienda en 2024<\/a><\/li>  <li><a href=\"https:\/\/www.culmia.com\/blog\/build-to-rent-en-que-consiste-y-ventajas?utm_medium=blog&amp&utm_source=online&amp&utm_campaign=indice_precios_alquiler_viviendas%3Ano%3Aany&amp&utm_content=builttorentenqueconsiste\" target=\"_blank\" rel=\"noreferrer noopener\"><em>\u2018Built to rent\u2019<\/em>: \u00bfen qu\u00e9 consiste y cu\u00e1les son sus ventajas?<\/a><\/li>  <\/ul>        <p>&nbsp;<\/p>","protected":false},"excerpt":{"rendered":"<p>El mercado de alquiler de viviendas se encuentra actualmente en &#8230;<\/p>\n","protected":false},"author":5,"featured_media":6254,"comment_status":"closed","ping_status":"open","sticky":false,"template":"","format":"standard","meta":{"_acf_changed":false,"footnotes":""},"categories":[121],"tags":[376,377,341,346,378,379,380],"class_list":["post-6253","post","type-post","status-publish","format-standard","has-post-thumbnail","hentry","category-actualidad","tag-alquiler","tag-cataluna","tag-gobierno","tag-guia","tag-indice-de-precios","tag-ley-de-vivienda","tag-viviendas"],"acf":[],"_links":{"self":[{"href":"https:\/\/www.culmia.com\/es\/wp-json\/wp\/v2\/posts\/6253","targetHints":{"allow":["GET"]}}],"collection":[{"href":"https:\/\/www.culmia.com\/es\/wp-json\/wp\/v2\/posts"}],"about":[{"href":"https:\/\/www.culmia.com\/es\/wp-json\/wp\/v2\/types\/post"}],"author":[{"embeddable":true,"href":"https:\/\/www.culmia.com\/es\/wp-json\/wp\/v2\/users\/5"}],"replies":[{"embeddable":true,"href":"https:\/\/www.culmia.com\/es\/wp-json\/wp\/v2\/comments?post=6253"}],"version-history":[{"count":2,"href":"https:\/\/www.culmia.com\/es\/wp-json\/wp\/v2\/posts\/6253\/revisions"}],"predecessor-version":[{"id":30290,"href":"https:\/\/www.culmia.com\/es\/wp-json\/wp\/v2\/posts\/6253\/revisions\/30290"}],"wp:featuredmedia":[{"embeddable":true,"href":"https:\/\/www.culmia.com\/es\/wp-json\/wp\/v2\/media\/6254"}],"wp:attachment":[{"href":"https:\/\/www.culmia.com\/es\/wp-json\/wp\/v2\/media?parent=6253"}],"wp:term":[{"taxonomy":"category","embeddable":true,"href":"https:\/\/www.culmia.com\/es\/wp-json\/wp\/v2\/categories?post=6253"},{"taxonomy":"post_tag","embeddable":true,"href":"https:\/\/www.culmia.com\/es\/wp-json\/wp\/v2\/tags?post=6253"}],"curies":[{"name":"wp","href":"https:\/\/api.w.org\/{rel}","templated":true}]}}