{"id":6231,"date":"2024-04-09T11:09:33","date_gmt":"2024-04-09T11:09:33","guid":{"rendered":"https:\/\/www.culmia.com\/blog\/?p=6231"},"modified":"2024-04-09T11:09:33","modified_gmt":"2024-04-09T11:09:33","slug":"boarding-pass-con-ricardogarcia","status":"publish","type":"post","link":"https:\/\/www.culmia.com\/es\/blog\/boarding-pass-con-ricardogarcia\/","title":{"rendered":"Boarding Pass con Ricardo Garc\u00eda"},"content":{"rendered":"<p>[vc_row full_width=\u00bbstretch_row\u00bb css=\u00bb.vc_custom_1624381832296{margin-top: -40px !important;background-color: #e7f3f3 !important;}\u00bb mobile_bg_img_hidden=\u00bbno\u00bb tablet_bg_img_hidden=\u00bbno\u00bb woodmart_parallax=\u00bb0&#8243; woodmart_gradient_switch=\u00bbno\u00bb row_reverse_mobile=\u00bb0&#8243; row_reverse_tablet=\u00bb0&#8243; woodmart_disable_overflow=\u00bb0&#8243;][vc_column width=\u00bb1\/3&#8243;][vc_single_image image=\u00bb4837&#8243; img_size=\u00bbfull\u00bb style=\u00bbvc_box_rounded\u00bb parallax_scroll=\u00bbno\u00bb][\/vc_column][vc_column width=\u00bb2\/3&#8243;][vc_column_text text_larger=\u00bbno\u00bb css=\u00bb.vc_custom_1624430668885{margin-bottom: 20px !important;}\u00bb][podcast_info][\/vc_column_text][woodmart_title align=\u00bbleft\u00bb tag=\u00bbh2&#8243; woodmart_css_id=\u00bb65042edda1da5&#8243; title=\u00bbBoarding Pass\u00bb title_custom_color=\u00bbeyJwYXJhbV90eXBlIjoid29vZG1hcnRfY29sb3JwaWNrZXIiLCJjc3NfYXJncyI6eyJjb2xvciI6WyIgLndvb2RtYXJ0LXRpdGxlLWNvbnRhaW5lciJdfSwic2VsZWN0b3JfaWQiOiI2NTA0MmVkZGExZGE1IiwiZGF0YSI6eyJkZXNrdG9wIjoiIzAwMjcyYyJ9fQ==\u00bb title_width=\u00bb100&#8243;][vc_column_text text_larger=\u00bbno\u00bb]<\/p> <div class=\"css-1dbjc4n\"> <div class=\"css-1dbjc4n r-1s2bzr4\"> <div id=\"id__msv09l9wvh\" class=\"css-901oao r-18jsvk2 r-37j5jr r-1blvdjr r-16dba41 r-vrz42v r-bcqeeo r-bnwqim r-qvutc0\" dir=\"auto\" lang=\"es\" data-testid=\"tweetText\"> <p>Ricardo Garc\u00eda, Delegado de Estrategia Comercial, ha acudido a un nuevo episodio de Boarding Pass en la secci\u00f3n de <a href=\"https:\/\/www.capitalradio.es\/\" target=\"_blank\" rel=\"noopener nofollow\">Capital Radio<\/a> \u2708\ufe0f<\/p> <p>Ha presentado todos los servicios de los que dispone la promoci\u00f3n \u201cCulmia El Forti de Denia\u00bb en Alicante.<\/p> <p>El Forti de Denia, es una promoci\u00f3n de 35 viviendas de 2 y 3D en urbanizaci\u00f3n cerrada. Dispone de plantas bajas con viviendas de amplios jardines, 3 plantas tipo con terraza y \u00e1ticos con grandes terrazas y vistas. Tambi\u00e9n disponemos de plazas de aparcamiento y trastero. El conjunto residencial dispone de piscina comunitaria y sol\u00e1rium por si no quieres acercarte hasta la playa para darte un chapuz\u00f3n.<\/p> <p>Nuestra promoci\u00f3n, <a href=\"https:\/\/www.culmia.com\/\" target=\"_blank\" rel=\"noopener\">Culmia<\/a> El Forti de Denia, se encuentra en la Av. De Joan Fuster, a tan s\u00f3lo 2 minutos andando de la nueva estaci\u00f3n de tren y a 5 del club n\u00e1utico y el puerto. A 10 min ya dispondr\u00edas de buenas playas. Es decir, una zona absolutamente c\u00e9ntrica y consolidada con todo tipo de servicios.<\/p> <\/div> <p>\u00bfTe lo quieres perder?<\/p> <div id=\"id__msv09l9wvh\" class=\"css-901oao r-18jsvk2 r-37j5jr r-1blvdjr r-16dba41 r-vrz42v r-bcqeeo r-bnwqim r-qvutc0\" dir=\"auto\" lang=\"es\" data-testid=\"tweetText\"> <p>#CapitalRadio #Promociones #ObraNueva #Inversi\u00f3nInmobiliaria<\/p> <\/div> <\/div> <\/div> <p>[\/vc_column_text][\/vc_column][\/vc_row][vc_row full_width=\u00bbstretch_row\u00bb css=\u00bb.vc_custom_1624385648717{margin-top: -20px !important;border-top-width: 4px !important;border-right-width: 4px !important;border-bottom-width: 4px !important;border-left-width: 4px !important;background-color: #e7f3f3 !important;border-left-color: #01262f !important;border-right-color: #01262f !important;border-top-color: #01262f !important;border-bottom-color: #01262f !important;}\u00bb mobile_bg_img_hidden=\u00bbno\u00bb tablet_bg_img_hidden=\u00bbno\u00bb woodmart_parallax=\u00bb0&#8243; woodmart_gradient_switch=\u00bbno\u00bb row_reverse_mobile=\u00bb0&#8243; row_reverse_tablet=\u00bb0&#8243; woodmart_disable_overflow=\u00bb0&#8243;][vc_column mobile_bg_img_hidden=\u00bbno\u00bb tablet_bg_img_hidden=\u00bbno\u00bb woodmart_parallax=\u00bb0&#8243; woodmart_sticky_column=\u00bbfalse\u00bb parallax_scroll=\u00bbno\u00bb mobile_reset_margin=\u00bbno\u00bb tablet_reset_margin=\u00bbno\u00bb][vc_column_text text_larger=\u00bbno\u00bb el_class=\u00bbplayer\u00bb]<div class=\"powerpress_player\" id=\"powerpress_player_9576\"><audio class=\"wp-audio-shortcode\" id=\"audio-6231-1\" preload=\"none\" style=\"width: 100%;\" controls=\"controls\"><source type=\"audio\/mpeg\" src=\"https:\/\/www.culmia.com\/wp-content\/uploads\/2024\/04\/20240307_INVERSION_INMOBI1Ricardo-Fortimp3cut.net_.mp3?_=1\" \/><a href=\"https:\/\/www.culmia.com\/wp-content\/uploads\/2024\/04\/20240307_INVERSION_INMOBI1Ricardo-Fortimp3cut.net_.mp3\">https:\/\/www.culmia.com\/wp-content\/uploads\/2024\/04\/20240307_INVERSION_INMOBI1Ricardo-Fortimp3cut.net_.mp3<\/a><\/audio><\/div>[\/vc_column_text][vc_empty_space woodmart_hide_large=\u00bb0&#8243; woodmart_hide_medium=\u00bb0&#8243; woodmart_hide_small=\u00bb0&#8243; woodmart_hide_extra_small=\u00bb0&#8243;][\/vc_column][\/vc_row]<\/p>","protected":false},"excerpt":{"rendered":"<p>[vc_row full_width=\u00bbstretch_row\u00bb css=\u00bb.vc_custom_1624381832296{margin-top: -40px !important;background-color: #e7f3f3 !important;}\u00bb mobile_bg_img_hidden=\u00bbno\u00bb tablet_bg_img_hidden=\u00bbno\u00bb woodmart_parallax=\u00bb0&#8243; &#8230;<\/p>\n","protected":false},"author":5,"featured_media":4838,"comment_status":"closed","ping_status":"open","sticky":false,"template":"","format":"standard","meta":{"_acf_changed":false,"footnotes":""},"categories":[242],"tags":[357,358,359,360,361,243,362,363,364],"class_list":["post-6231","post","type-post","status-publish","format-standard","has-post-thumbnail","hentry","category-podcast","tag-alicante","tag-boarding-pass","tag-culmia","tag-inmobiliaria","tag-novedad","tag-podcast-culmia","tag-promocion","tag-promociones","tag-ricardo-garcia"],"acf":[],"_links":{"self":[{"href":"https:\/\/www.culmia.com\/es\/wp-json\/wp\/v2\/posts\/6231","targetHints":{"allow":["GET"]}}],"collection":[{"href":"https:\/\/www.culmia.com\/es\/wp-json\/wp\/v2\/posts"}],"about":[{"href":"https:\/\/www.culmia.com\/es\/wp-json\/wp\/v2\/types\/post"}],"author":[{"embeddable":true,"href":"https:\/\/www.culmia.com\/es\/wp-json\/wp\/v2\/users\/5"}],"replies":[{"embeddable":true,"href":"https:\/\/www.culmia.com\/es\/wp-json\/wp\/v2\/comments?post=6231"}],"version-history":[{"count":0,"href":"https:\/\/www.culmia.com\/es\/wp-json\/wp\/v2\/posts\/6231\/revisions"}],"wp:featuredmedia":[{"embeddable":true,"href":"https:\/\/www.culmia.com\/es\/wp-json\/"}],"wp:attachment":[{"href":"https:\/\/www.culmia.com\/es\/wp-json\/wp\/v2\/media?parent=6231"}],"wp:term":[{"taxonomy":"category","embeddable":true,"href":"https:\/\/www.culmia.com\/es\/wp-json\/wp\/v2\/categories?post=6231"},{"taxonomy":"post_tag","embeddable":true,"href":"https:\/\/www.culmia.com\/es\/wp-json\/wp\/v2\/tags?post=6231"}],"curies":[{"name":"wp","href":"https:\/\/api.w.org\/{rel}","templated":true}]}}