{"id":5699,"date":"2024-01-18T12:03:37","date_gmt":"2024-01-18T12:03:37","guid":{"rendered":"https:\/\/www.culmia.com\/blog\/?p=5699"},"modified":"2025-10-02T14:22:59","modified_gmt":"2025-10-02T12:22:59","slug":"entrevista-a-andres-rituerto-en-capital-radio-sobre-el-plan-vive","status":"publish","type":"post","link":"https:\/\/www.culmia.com\/es\/blog\/entrevista-a-andres-rituerto-en-capital-radio-sobre-el-plan-vive\/","title":{"rendered":"Entrevista a Andr\u00e9s Rituerto en Capital Radio sobre el Plan Vive"},"content":{"rendered":"<p>Culmia acaba de iniciar la comercializaci\u00f3n de 492 viviendas plurifamiliares con protecci\u00f3n p\u00fablica de precio b\u00e1sico (VPPB) del Plan VIVE I de la Comunidad de Madrid en Getafe. Andr\u00e9s Rituerto, ha sido entrevistado en Capital Radio, para hablar de los avances de este proyecto durante este \u00faltimo a\u00f1o, y el futuro de la vivienda asequible de la Comunidad de Madrid.<\/p> <p>#AlquilerAsequible #Vivienda #ViviendaMadrid #ViviendaAsequible<\/p> <p>\u00a1No te lo pierdas!<\/p> <div class=\"powerpress_player\" id=\"powerpress_player_159\"><audio class=\"wp-audio-shortcode\" id=\"audio-5699-1\" preload=\"none\" style=\"width: 100%;\" controls=\"controls\"><source type=\"audio\/mpeg\" src=\"https:\/\/www.culmia.com\/wp-content\/uploads\/2024\/01\/20240118_INVERSION_INMOBILIARIA_2-mp3cut.net_.mp3?_=1\" \/><a href=\"https:\/\/www.culmia.com\/wp-content\/uploads\/2024\/01\/20240118_INVERSION_INMOBILIARIA_2-mp3cut.net_.mp3\">https:\/\/www.culmia.com\/wp-content\/uploads\/2024\/01\/20240118_INVERSION_INMOBILIARIA_2-mp3cut.net_.mp3<\/a><\/audio><\/div>","protected":false},"excerpt":{"rendered":"<p>Culmia acaba de iniciar la comercializaci\u00f3n de 492 viviendas plurifamiliares &#8230;<\/p>\n","protected":false},"author":5,"featured_media":2203,"comment_status":"closed","ping_status":"open","sticky":false,"template":"","format":"standard","meta":{"_acf_changed":false,"footnotes":""},"categories":[242],"tags":[243],"class_list":["post-5699","post","type-post","status-publish","format-standard","has-post-thumbnail","hentry","category-podcast","tag-podcast-culmia"],"acf":[],"_links":{"self":[{"href":"https:\/\/www.culmia.com\/es\/wp-json\/wp\/v2\/posts\/5699","targetHints":{"allow":["GET"]}}],"collection":[{"href":"https:\/\/www.culmia.com\/es\/wp-json\/wp\/v2\/posts"}],"about":[{"href":"https:\/\/www.culmia.com\/es\/wp-json\/wp\/v2\/types\/post"}],"author":[{"embeddable":true,"href":"https:\/\/www.culmia.com\/es\/wp-json\/wp\/v2\/users\/5"}],"replies":[{"embeddable":true,"href":"https:\/\/www.culmia.com\/es\/wp-json\/wp\/v2\/comments?post=5699"}],"version-history":[{"count":1,"href":"https:\/\/www.culmia.com\/es\/wp-json\/wp\/v2\/posts\/5699\/revisions"}],"predecessor-version":[{"id":26160,"href":"https:\/\/www.culmia.com\/es\/wp-json\/wp\/v2\/posts\/5699\/revisions\/26160"}],"wp:featuredmedia":[{"embeddable":true,"href":"https:\/\/www.culmia.com\/es\/wp-json\/wp\/v2\/media\/2203"}],"wp:attachment":[{"href":"https:\/\/www.culmia.com\/es\/wp-json\/wp\/v2\/media?parent=5699"}],"wp:term":[{"taxonomy":"category","embeddable":true,"href":"https:\/\/www.culmia.com\/es\/wp-json\/wp\/v2\/categories?post=5699"},{"taxonomy":"post_tag","embeddable":true,"href":"https:\/\/www.culmia.com\/es\/wp-json\/wp\/v2\/tags?post=5699"}],"curies":[{"name":"wp","href":"https:\/\/api.w.org\/{rel}","templated":true}]}}