{"id":5542,"date":"2023-12-28T12:51:46","date_gmt":"2023-12-28T12:51:46","guid":{"rendered":"https:\/\/www.culmia.com\/blog\/?p=5542"},"modified":"2025-10-02T14:57:42","modified_gmt":"2025-10-02T12:57:42","slug":"boarding-pass-con-aurelia-fernandez-y-la-promocion-de-nou-vilablareix","status":"publish","type":"post","link":"https:\/\/www.culmia.com\/es\/blog\/boarding-pass-con-aurelia-fernandez-y-la-promocion-de-nou-vilablareix\/","title":{"rendered":"Boarding Pass con Aurelia Fern\u00e1ndez"},"content":{"rendered":"<p>Aurelia Fern\u00e1ndez , Delegada de Estrategia Comercial, ha participado en el \u00faltimo episodio del a\u00f1o de Boarding Pass en la secci\u00f3n de Capital Radio<\/p> <p>Ha presentado todos los servicios de los que dispone la promoci\u00f3n de viviendas \u201cCulmia Nou Vilablareix\u00bb, situada a 10 minutos de Gerona. En este caso, encontramos 52 viviendas de 2,3 y 4 dormitorios y que est\u00e1n distribuidas en dos edificios de tres plantas. Incluye garajes y trasteros.<\/p> <p>Es destacable la amplia gama de instalaciones deportivas como el camp de f\u00fatbol Vilablareix y el Centre Esportiu Vedruna, adem\u00e1s de pistas de tenis y de p\u00e1del.<\/p> <p>En definitiva, es una promoci\u00f3n ideal para desarrollar una vida tranquila, sin preocupaciones, con la combinaci\u00f3n perfecta entre zonas comunes y desarrollo urbano.<\/p> <p>\u00a1No te lo pierdas!<\/p> <p>#CapitalRadio #Promociones #ObraNueva #Inversi\u00f3nInmobiliaria<\/p> <div class=\"powerpress_player\" id=\"powerpress_player_2404\"><audio class=\"wp-audio-shortcode\" id=\"audio-5542-1\" preload=\"none\" style=\"width: 100%;\" controls=\"controls\"><source type=\"audio\/mpeg\" src=\"https:\/\/www.culmia.com\/blog\/wp-content\/uploads\/2023\/12\/20231228_INVERSION_INMOBILIARIA_1-mp3cut.net_.mp3?_=1\" \/><a href=\"https:\/\/www.culmia.com\/blog\/wp-content\/uploads\/2023\/12\/20231228_INVERSION_INMOBILIARIA_1-mp3cut.net_.mp3\">https:\/\/www.culmia.com\/blog\/wp-content\/uploads\/2023\/12\/20231228_INVERSION_INMOBILIARIA_1-mp3cut.net_.mp3<\/a><\/audio><\/div>","protected":false},"excerpt":{"rendered":"<p>Aurelia Fern\u00e1ndez , Delegada de Estrategia Comercial, ha participado en &#8230;<\/p>\n","protected":false},"author":5,"featured_media":0,"comment_status":"closed","ping_status":"open","sticky":false,"template":"","format":"standard","meta":{"_acf_changed":false,"footnotes":""},"categories":[242],"tags":[243],"class_list":["post-5542","post","type-post","status-publish","format-standard","hentry","category-podcast","tag-podcast-culmia"],"acf":[],"_links":{"self":[{"href":"https:\/\/www.culmia.com\/es\/wp-json\/wp\/v2\/posts\/5542","targetHints":{"allow":["GET"]}}],"collection":[{"href":"https:\/\/www.culmia.com\/es\/wp-json\/wp\/v2\/posts"}],"about":[{"href":"https:\/\/www.culmia.com\/es\/wp-json\/wp\/v2\/types\/post"}],"author":[{"embeddable":true,"href":"https:\/\/www.culmia.com\/es\/wp-json\/wp\/v2\/users\/5"}],"replies":[{"embeddable":true,"href":"https:\/\/www.culmia.com\/es\/wp-json\/wp\/v2\/comments?post=5542"}],"version-history":[{"count":1,"href":"https:\/\/www.culmia.com\/es\/wp-json\/wp\/v2\/posts\/5542\/revisions"}],"predecessor-version":[{"id":26166,"href":"https:\/\/www.culmia.com\/es\/wp-json\/wp\/v2\/posts\/5542\/revisions\/26166"}],"wp:attachment":[{"href":"https:\/\/www.culmia.com\/es\/wp-json\/wp\/v2\/media?parent=5542"}],"wp:term":[{"taxonomy":"category","embeddable":true,"href":"https:\/\/www.culmia.com\/es\/wp-json\/wp\/v2\/categories?post=5542"},{"taxonomy":"post_tag","embeddable":true,"href":"https:\/\/www.culmia.com\/es\/wp-json\/wp\/v2\/tags?post=5542"}],"curies":[{"name":"wp","href":"https:\/\/api.w.org\/{rel}","templated":true}]}}