{"id":5377,"date":"2023-12-14T12:25:59","date_gmt":"2023-12-14T12:25:59","guid":{"rendered":"https:\/\/www.culmia.com\/blog\/?p=5377"},"modified":"2025-10-02T14:58:51","modified_gmt":"2025-10-02T12:58:51","slug":"boarding-pass-con-jose-alberto-gimenez-culmia-maestral-rocafort","status":"publish","type":"post","link":"https:\/\/www.culmia.com\/es\/blog\/boarding-pass-con-jose-alberto-gimenez-culmia-maestral-rocafort\/","title":{"rendered":"Boarding Pass con Ricardo Garc\u00eda Urribelarrea"},"content":{"rendered":"<p>Ricardo Garc\u00eda Garc\u00eda Urribelarrea, Delegado Estrat\u00e9gico Comercial, ha participado en un nuevo episodio de nuestra secci\u00f3n en Capital Radio (Business)<\/p> <p>En ella, hemos viajado a Rocafort, en Valencia, y nos ha presentado la promoci\u00f3n Culmia Maestral Rocafort. Una zona exclusiva de viviendas, que destacan elementos diferenciales tanto en cuanto a dise\u00f1o como en cuanto a calidad de los materiales.<\/p> <p>Adem\u00e1s, se encuentra en una zona actualmente de expansi\u00f3n y crecimiento del municipio, a tan s\u00f3lo 10 min andando del centro urbano del pueblo y a 15 del metro Rocafort (12-14 min a metro plaza de Espa\u00f1a en Valencia). Tambi\u00e9n se encuentra perfectamente conectada con las entradas y salidas a Valencia por tr\u00e1fico rodado.<\/p> <p>\u00a1No te lo pierdas!<\/p> <p>#CapitalRadio #Promociones #ObraNueva #Inversi\u00f3nInmobiliaria<\/p> <div class=\"powerpress_player\" id=\"powerpress_player_9231\"><audio class=\"wp-audio-shortcode\" id=\"audio-5377-1\" preload=\"none\" style=\"width: 100%;\" controls=\"controls\"><source type=\"audio\/mpeg\" src=\"https:\/\/www.culmia.com\/blog\/wp-content\/uploads\/2023\/12\/20231214_INVERSION_INMOBILIARIA_2-mp3cut.net_.mp3?_=1\" \/><a href=\"https:\/\/www.culmia.com\/blog\/wp-content\/uploads\/2023\/12\/20231214_INVERSION_INMOBILIARIA_2-mp3cut.net_.mp3\">https:\/\/www.culmia.com\/blog\/wp-content\/uploads\/2023\/12\/20231214_INVERSION_INMOBILIARIA_2-mp3cut.net_.mp3<\/a><\/audio><\/div>","protected":false},"excerpt":{"rendered":"<p>Ricardo Garc\u00eda Garc\u00eda Urribelarrea, Delegado Estrat\u00e9gico Comercial, ha participado en &#8230;<\/p>\n","protected":false},"author":5,"featured_media":0,"comment_status":"closed","ping_status":"open","sticky":false,"template":"","format":"standard","meta":{"_acf_changed":false,"footnotes":""},"categories":[242],"tags":[243],"class_list":["post-5377","post","type-post","status-publish","format-standard","hentry","category-podcast","tag-podcast-culmia"],"acf":[],"_links":{"self":[{"href":"https:\/\/www.culmia.com\/es\/wp-json\/wp\/v2\/posts\/5377","targetHints":{"allow":["GET"]}}],"collection":[{"href":"https:\/\/www.culmia.com\/es\/wp-json\/wp\/v2\/posts"}],"about":[{"href":"https:\/\/www.culmia.com\/es\/wp-json\/wp\/v2\/types\/post"}],"author":[{"embeddable":true,"href":"https:\/\/www.culmia.com\/es\/wp-json\/wp\/v2\/users\/5"}],"replies":[{"embeddable":true,"href":"https:\/\/www.culmia.com\/es\/wp-json\/wp\/v2\/comments?post=5377"}],"version-history":[{"count":1,"href":"https:\/\/www.culmia.com\/es\/wp-json\/wp\/v2\/posts\/5377\/revisions"}],"predecessor-version":[{"id":26167,"href":"https:\/\/www.culmia.com\/es\/wp-json\/wp\/v2\/posts\/5377\/revisions\/26167"}],"wp:attachment":[{"href":"https:\/\/www.culmia.com\/es\/wp-json\/wp\/v2\/media?parent=5377"}],"wp:term":[{"taxonomy":"category","embeddable":true,"href":"https:\/\/www.culmia.com\/es\/wp-json\/wp\/v2\/categories?post=5377"},{"taxonomy":"post_tag","embeddable":true,"href":"https:\/\/www.culmia.com\/es\/wp-json\/wp\/v2\/tags?post=5377"}],"curies":[{"name":"wp","href":"https:\/\/api.w.org\/{rel}","templated":true}]}}