{"id":5289,"date":"2023-11-30T15:25:33","date_gmt":"2023-11-30T15:25:33","guid":{"rendered":"https:\/\/www.culmia.com\/blog\/?p=5289"},"modified":"2025-10-02T15:01:24","modified_gmt":"2025-10-02T13:01:24","slug":"boarding-pass-con-borja-goirigolzarri","status":"publish","type":"post","link":"https:\/\/www.culmia.com\/es\/blog\/boarding-pass-con-borja-goirigolzarri\/","title":{"rendered":"Boarding Pass con Borja Goirigolzarri"},"content":{"rendered":"<div class=\"css-1dbjc4n\"> <div class=\"css-1dbjc4n r-1s2bzr4\"> <div id=\"id__msv09l9wvh\" class=\"css-901oao r-18jsvk2 r-37j5jr r-1blvdjr r-16dba41 r-vrz42v r-bcqeeo r-bnwqim r-qvutc0\" dir=\"auto\" lang=\"es\" data-testid=\"tweetText\"> <p>Borja Goirigolzarri, Delegado Estrat\u00e9gico Comercial, ha participado en un nuevo episodio de nuestra secci\u00f3n en Capital Radio (Business)<\/p> <p>Ha presentado todos los servicios de los que dispone la promoci\u00f3n de viviendas \u201cCulmia Atal\u00eda Urban\u00bb, situada en Gij\u00f3n. En este caso, ser\u00edan 53 viviendas distribuidas en 4 plantas y bajos con terraza a patio interior, con tipolog\u00edas de 3 dormitorios.<\/p> <p>Adem\u00e1s, de disponer de 64 \u00a0plazas de garaje, 4 de moto y 53 trasteros, tambi\u00e9n la urbanizaci\u00f3n cuenta con un espacio para bicicletas.<\/p> <p>Esta promoci\u00f3n se encuentra muy bien comunicada con el centro a trav\u00e9s de diversas l\u00edneas urbanas y, la joya de la corona, a tan solo 10 minutos andando encuentras la playa de Poniente.<\/p> <p>\u00a1No te lo puedes perder!<\/p> <p>#CapitalRadio #Promociones #ObraNueva #Inversi\u00f3nInmobiliaria<\/p> <\/div> <\/div> <\/div> <div class=\"powerpress_player\" id=\"powerpress_player_3804\"><audio class=\"wp-audio-shortcode\" id=\"audio-5289-1\" preload=\"none\" style=\"width: 100%;\" controls=\"controls\"><source type=\"audio\/mpeg\" src=\"https:\/\/www.culmia.com\/blog\/wp-content\/uploads\/2023\/11\/20231130_INVERSION_INMOBILIARIA_1-mp3cut.net_.mp3?_=1\" \/><a href=\"https:\/\/www.culmia.com\/blog\/wp-content\/uploads\/2023\/11\/20231130_INVERSION_INMOBILIARIA_1-mp3cut.net_.mp3\">https:\/\/www.culmia.com\/blog\/wp-content\/uploads\/2023\/11\/20231130_INVERSION_INMOBILIARIA_1-mp3cut.net_.mp3<\/a><\/audio><\/div>","protected":false},"excerpt":{"rendered":"<p>Borja Goirigolzarri, Delegado Estrat\u00e9gico Comercial, ha participado en un nuevo &#8230;<\/p>\n","protected":false},"author":5,"featured_media":0,"comment_status":"closed","ping_status":"open","sticky":false,"template":"","format":"standard","meta":{"_acf_changed":false,"footnotes":""},"categories":[242],"tags":[962,243],"class_list":["post-5289","post","type-post","status-publish","format-standard","hentry","category-podcast","tag-culmia-atalia-urban","tag-podcast-culmia"],"acf":[],"_links":{"self":[{"href":"https:\/\/www.culmia.com\/es\/wp-json\/wp\/v2\/posts\/5289","targetHints":{"allow":["GET"]}}],"collection":[{"href":"https:\/\/www.culmia.com\/es\/wp-json\/wp\/v2\/posts"}],"about":[{"href":"https:\/\/www.culmia.com\/es\/wp-json\/wp\/v2\/types\/post"}],"author":[{"embeddable":true,"href":"https:\/\/www.culmia.com\/es\/wp-json\/wp\/v2\/users\/5"}],"replies":[{"embeddable":true,"href":"https:\/\/www.culmia.com\/es\/wp-json\/wp\/v2\/comments?post=5289"}],"version-history":[{"count":1,"href":"https:\/\/www.culmia.com\/es\/wp-json\/wp\/v2\/posts\/5289\/revisions"}],"predecessor-version":[{"id":26170,"href":"https:\/\/www.culmia.com\/es\/wp-json\/wp\/v2\/posts\/5289\/revisions\/26170"}],"wp:attachment":[{"href":"https:\/\/www.culmia.com\/es\/wp-json\/wp\/v2\/media?parent=5289"}],"wp:term":[{"taxonomy":"category","embeddable":true,"href":"https:\/\/www.culmia.com\/es\/wp-json\/wp\/v2\/categories?post=5289"},{"taxonomy":"post_tag","embeddable":true,"href":"https:\/\/www.culmia.com\/es\/wp-json\/wp\/v2\/tags?post=5289"}],"curies":[{"name":"wp","href":"https:\/\/api.w.org\/{rel}","templated":true}]}}