{"id":32669,"date":"2026-05-01T10:00:32","date_gmt":"2026-05-01T08:00:32","guid":{"rendered":"https:\/\/www.culmia.com\/es\/?p=32669"},"modified":"2026-04-29T15:15:51","modified_gmt":"2026-04-29T13:15:51","slug":"vivir-en-la-moraleja-2","status":"publish","type":"post","link":"https:\/\/www.culmia.com\/es\/blog\/vivir-en-la-moraleja-2\/","title":{"rendered":"Vivir en La Moraleja y norte de Madrid: gu\u00eda de los mejores colegios y zonas residenciales"},"content":{"rendered":"<p>\ud83c\udf93<strong> Cuando la elecci\u00f3n del colegio es una declaraci\u00f3n de intenciones<\/strong><\/p> <p>Hay decisiones que se toman por cercan\u00eda.<br \/> Y otras que se toman por convicci\u00f3n.<\/p> <p>Elegir colegio es una de ellas. En la zona norte de Madrid, la educaci\u00f3n no es solo un itinerario: es una forma de mirar al futuro con <strong>calma, criterio y horizonte<\/strong>.<\/p> <p>La Moraleja, El Soto y Alcobendas han consolidado un <strong>ecosistema educativo diverso<\/strong> y exigente, donde conviven centros p\u00fablicos, concertados y privados; modelos tradicionales y metodolog\u00edas activas; curr\u00edculo nacional y propuestas internacionales. Un mosaico que permite elegir por afinidad, no por descarte.<\/p> <p>En este entorno, el valor no est\u00e1 solo en las notas. Tambi\u00e9n en c\u00f3mo se ense\u00f1a, c\u00f3mo se acompa\u00f1a y c\u00f3mo se cuida el <strong>ritmo de cada alumno<\/strong>. Idiomas, innovaci\u00f3n, educaci\u00f3n emocional, cultura, deporte y tecnolog\u00eda responsable completan un modelo que mira m\u00e1s all\u00e1 del examen: mira a la vida.<\/p> <p><img decoding=\"async\" class=\"alignnone wp-image-32671 size-full\" src=\"https:\/\/www.culmia.com\/wp-content\/uploads\/2026\/04\/Foto_1.jpg\" alt=\"Entrada a La Moraleja\" width=\"1901\" height=\"853\" title=\"\" srcset=\"https:\/\/www.culmia.com\/wp-content\/uploads\/2026\/04\/Foto_1-200x90.jpg 200w, https:\/\/www.culmia.com\/wp-content\/uploads\/2026\/04\/Foto_1-300x135.jpg 300w, https:\/\/www.culmia.com\/wp-content\/uploads\/2026\/04\/Foto_1-400x179.jpg 400w, https:\/\/www.culmia.com\/wp-content\/uploads\/2026\/04\/Foto_1-600x269.jpg 600w, https:\/\/www.culmia.com\/wp-content\/uploads\/2026\/04\/Foto_1-768x345.jpg 768w, https:\/\/www.culmia.com\/wp-content\/uploads\/2026\/04\/Foto_1-800x359.jpg 800w, https:\/\/www.culmia.com\/wp-content\/uploads\/2026\/04\/Foto_1-1024x459.jpg 1024w, https:\/\/www.culmia.com\/wp-content\/uploads\/2026\/04\/Foto_1-1200x538.jpg 1200w, https:\/\/www.culmia.com\/wp-content\/uploads\/2026\/04\/Foto_1-1536x689.jpg 1536w, https:\/\/www.culmia.com\/wp-content\/uploads\/2026\/04\/Foto_1.jpg 1901w\" sizes=\"(max-width: 1901px) 100vw, 1901px\" \/><\/p> <h2>\u2b50 <strong>Cinco maneras de entender la educaci\u00f3n en un mismo enclave: los colegios que dan forma a La Moraleja<\/strong><\/h2> <p>&nbsp;<\/p> <h3><u>Colegio Base: donde la cercan\u00eda tambi\u00e9n es un valor educativo<\/u><\/h3> <p>El <strong>Colegio Base<\/strong>, en pleno Camino Ancho, es uno de los proyectos que mejor representan la identidad educativa de La Moraleja. Su prestigio se sostiene sobre una idea esencial: la cercan\u00eda como m\u00e9todo.<\/p> <p>Su modelo parte de una premisa clara: cada alumno aprende de forma distinta. Por eso trabajan desde una atenci\u00f3n personalizada y humana, donde conocer a cada ni\u00f1o es el punto de partida. En el colegio Base, ense\u00f1ar significa <strong>acompa\u00f1ar ritmos y talentos<\/strong>.<\/p> <p>La innovaci\u00f3n se integra de manera natural en un proyecto que combina tradici\u00f3n con metodolog\u00edas activas, mirada inclusiva y desarrollo de competencias. Una evoluci\u00f3n coherente con lo que buscan las familias del norte de Madrid.<\/p> <p>Aqu\u00ed, la excelencia se construye desde la confianza y el sentido de pertenencia.<\/p> <p>&nbsp;<\/p> <h3><u>Brains International School La Moraleja: internacionalidad vivida<\/u><\/h3> <p><strong>Brains La Moraleja<\/strong> entiende la educaci\u00f3n como entrenamiento para el futuro. Combina internacionalidad real, acompa\u00f1amiento personalizado y una visi\u00f3n clara de las profesiones del ma\u00f1ana.<\/p> <p>Con un recorrido completo desde Infantil hasta Bachillerato, integra el continuo del <strong>Bachillerato Internacional<\/strong> (PYP, MYP y DP), un marco s\u00f3lido para alumnos que necesitan un entorno donde la curiosidad y el pensamiento cr\u00edtico son el punto de partida. Aqu\u00ed no se trata solo de estudiar, sino de entender, interpretar y decidir.<\/p> <p>Su acompa\u00f1amiento individual es uno de sus sellos. Programas como <em>School Masters<\/em> acercan a los estudiantes a experiencias reales que les permiten visualizar su futuro. Este enfoque se completa con iniciativas que fomentan autonom\u00eda, responsabilidad y bienestar.<\/p> <p>Donde la calidad forma parte del paisaje, Brains representa un camino claro hacia un futuro global.<\/p> <p>&nbsp;<\/p> <h3><u>Los Sauces La Moraleja: excelencia educativa con alma propia<\/u><\/h3> <p><strong>Los Sauces<\/strong> La Moraleja es uno de esos colegios que han crecido al ritmo de la propia urbanizaci\u00f3n. Su propuesta se sostiene en una idea clara: la excelencia solo es aut\u00e9ntica cuando es personal.<\/p> <p>Cada alumno recibe un acompa\u00f1amiento acad\u00e9mico y emocional cercano, y las familias forman parte activa del proyecto.<\/p> <p>Su apuesta por los idiomas se refuerza con <strong>programas internacionales<\/strong> en Estados Unidos, Canad\u00e1, Francia, Alemania y Dubl\u00edn. La creatividad, el pensamiento cr\u00edtico y la gesti\u00f3n emocional completan un modelo equilibrado que prepara para comprender y adaptarse al mundo.<\/p> <p>En un entorno donde se valora tanto el rendimiento como los valores, Los Sauces aporta equilibrio y una forma de educaci\u00f3n que perdura.<\/p> <p>&nbsp;<\/p> <h3><u>Colegio Highlands El Encinar: la puerta educativa entre El Encina y La Moraleja<\/u><\/h3> <p>Hay colegios que ense\u00f1an y colegios que forman personas. <strong>Highlands El Encinar<\/strong> pertenece a esta segunda categor\u00eda. Su modelo combina excelencia acad\u00e9mica, formaci\u00f3n en valores y una marcada proyecci\u00f3n internacional.<\/p> <p>Su curr\u00edculo integrado <strong>brit\u00e1nico\u2011espa\u00f1ol<\/strong> y su programa triling\u00fce permiten que los alumnos alcancen niveles avanzados, con acreditaci\u00f3n Cambridge y la posibilidad de cursar IGCSE y A\u2011Levels, abriendo puertas a universidades de todo el mundo.<\/p> <p>El colegio trabaja el desarrollo integral del alumno: pensamiento cr\u00edtico, autonom\u00eda, educaci\u00f3n emocional y acompa\u00f1amiento personalizado. Su Leadership Baccalaureate y las metodolog\u00edas activas refuerzan su prop\u00f3sito: formar estudiantes capaces, responsables y con visi\u00f3n.<\/p> <p>En Highlands, educar es inspirar excelencia con sentido. Un proyecto donde rigor acad\u00e9mico y formaci\u00f3n humana avanzan de la mano.<\/p> <p>&nbsp;<\/p> <h3><u>Colegio Reggio Explora: creatividad, pregunta y pensamiento propio<\/u><\/h3> <p><strong>Reggio Explora<\/strong> no es un colegio tradicional: es una experiencia de aprendizaje. Inspirado en la pedagog\u00eda Reggio Emilia, sit\u00faa al alumno como protagonista y entiende la curiosidad como motor educativo. Aqu\u00ed se aprende explorando, investigando y formulando preguntas, en un entorno donde el error es parte natural del proceso.<\/p> <p>Su <strong>arquitectura pedag\u00f3gica<\/strong> \u2014concebida como \u201cel tercer maestro\u201d\u2014 y sus <em>ateliers<\/em> de arte, ciencia y tecnolog\u00eda refuerzan un aprendizaje creativo y experimental. Su enfoque combina proyectos interdisciplinares, aprendizaje cooperativo y un modelo multiling\u00fce en castellano, ingl\u00e9s y alem\u00e1n.<\/p> <p>Una escuela que despierta sensibilidad, criterio y deseo de aprender.<\/p> <p><img decoding=\"async\" class=\"alignnone wp-image-32670 size-full\" src=\"https:\/\/www.culmia.com\/wp-content\/uploads\/2026\/04\/Foto_intermedia.jpg\" alt=\"Mapa ilustrado de la ubicaci\u00f3n de las promociones Virere Aqua y Virere Quetzal, destacando su cercan\u00eda a colegios internacionales, clubes de golf y zonas de ocio en La Moraleja y Valdebebas\" width=\"1379\" height=\"792\" title=\"\" srcset=\"https:\/\/www.culmia.com\/wp-content\/uploads\/2026\/04\/Foto_intermedia-200x115.jpg 200w, https:\/\/www.culmia.com\/wp-content\/uploads\/2026\/04\/Foto_intermedia-300x172.jpg 300w, https:\/\/www.culmia.com\/wp-content\/uploads\/2026\/04\/Foto_intermedia-400x230.jpg 400w, https:\/\/www.culmia.com\/wp-content\/uploads\/2026\/04\/Foto_intermedia-600x345.jpg 600w, https:\/\/www.culmia.com\/wp-content\/uploads\/2026\/04\/Foto_intermedia-768x441.jpg 768w, https:\/\/www.culmia.com\/wp-content\/uploads\/2026\/04\/Foto_intermedia-800x459.jpg 800w, https:\/\/www.culmia.com\/wp-content\/uploads\/2026\/04\/Foto_intermedia-1024x588.jpg 1024w, https:\/\/www.culmia.com\/wp-content\/uploads\/2026\/04\/Foto_intermedia-1200x689.jpg 1200w, https:\/\/www.culmia.com\/wp-content\/uploads\/2026\/04\/Foto_intermedia.jpg 1379w\" sizes=\"(max-width: 1379px) 100vw, 1379px\" \/><\/p> <h2>\ud83c\udf0d<strong> Proyectos que cuentan una historia: centros destacados<\/strong><\/h2> <ul> <li><u>Liceo Europeo: tradici\u00f3n que viaja al futuro<\/u><br \/> M\u00e1s de cuatro d\u00e9cadas avalan un proyecto humanista y activo que combina pluriling\u00fcismo, programas internacionales, certificaciones oficiales y experiencias como oratoria y debate, con atenci\u00f3n personalizada y colaboraci\u00f3n familiar.<\/li> <li><u>Escuela IDEO: educaci\u00f3n que transforma<br \/> <\/u>Modelo humanista, activo e inclusivo, centrado en el desarrollo integral (cognitivo, emocional, social, \u00e9tico y corporal), el trabajo interdisciplinar y la educaci\u00f3n en valores, con <strong>uso responsable de la tecnolog\u00eda<\/strong>.<\/li> <li><u>Colegio Mar\u00eda Teresa: crecer en confianza<br \/> <\/u>De escuela infantil a referente con m\u00e1s de 1.200 alumnos. Excelencia acad\u00e9mica y humana desde una identidad cristiana, con aprendizaje activo y estrecha colaboraci\u00f3n con las familias.<\/li> <li><u> George Madrid: naturaleza que ense\u00f1a<br \/> <\/u>Curr\u00edculo brit\u00e1nico en un campus donde la <strong>naturaleza es aula<\/strong> \u2014especialmente en Infantil con enfoque Forest School\u2014 y un proyecto que culmina con el IB Diploma Programme.<\/li> <li><u>Irlandesas El Soto: medio siglo de acompa\u00f1amiento<\/u><br \/> Centro privado, biling\u00fce y cat\u00f3lico con metodolog\u00edas activas, grado musical integrado, deporte y acompa\u00f1amiento continuo desde Infantil hasta Bachillerato. Este curso celebra 50 a\u00f1os en El Soto.<\/li> <li><u>International School of Madrid: excelencia brit\u00e1nica que perdura<br \/> <\/u>M\u00e1s de cincuenta a\u00f1os impartiendo curr\u00edculo brit\u00e1nico, con preparaci\u00f3n para IGCSE, A\u2011Levels y DELF, profesorado nativo y un ambiente internacional y familiar.<\/li> <li><u>Colegios Aldovea y Aldeafuente: dos nombres que tambi\u00e9n cuentan<br \/> <\/u>Proyectos centrados en educaci\u00f3n personalizada, tutor\u00eda individual y participaci\u00f3n familiar, con biling\u00fcismo y programas como debate, rob\u00f3tica y <strong>STEAM<\/strong>. Representan un equilibrio entre exigencia, valores y cuidado personal.<\/li> <\/ul> <p>&nbsp;<\/p> <h2>\ud83e\udded <strong>Elegir hoy con el ma\u00f1ana en mente<\/strong><\/h2> <p>El norte de Madrid no solo ofrece colegios: ofrece relatos educativos con identidad. Proyecto que suman idiomas, valores, innovaci\u00f3n y acompa\u00f1amiento para preparar a cada alumno para lo que viene. Elegir aqu\u00ed es elegir una forma de entender la educaci\u00f3n: exigente, humana y con vista larga.<\/p> <p>Para las familias, significa poder elegir con criterios propios. Elegir el proyecto, por acompa\u00f1amiento, por idioma, por metodolog\u00edas. Elegir un lugar donde tu hijo pueda ser \u00e9l mismo y <strong>crecer con confianza<\/strong>.<\/p> <p>Para los centros, significa seguir elevando el list\u00f3n: personalizaci\u00f3n real, innovaci\u00f3n con sentido, <strong>bienestar emocional<\/strong>, apertura internacional y una relaci\u00f3n honesta con las familias. La exigencia no es un fin: es un compromiso compartido.<\/p> <p>&nbsp;<\/p> <h2><strong>\ud83c\udfe1Para las familias que miran a largo plazo<\/strong><\/h2> <p>Elegir colegio es mirar al futuro de tus hijos.<br \/> Elegir hogar es decidir d\u00f3nde y c\u00f3mo quieres acompa\u00f1ar ese futuro.<\/p> <p>Por eso, nuestras promociones <strong>Virere Aqua y Virere Quetzal<\/strong> nacen con la misma filosof\u00eda que gu\u00eda a los mejores proyectos educativos: espacios pensados pare crecer, para respirar, para encontrar equilibrio.<\/p> <p>Cada vivienda ha sido dise\u00f1ada para dialogar con su entorno, potenciar la luz natural y ofrecer amplitud, privacidad y calidez en el d\u00eda a d\u00eda. Son hogares que no solo se habitan: se viven.<br \/> Hogares concebidos para sostener rutinas, celebrar logros y <strong>construir un proyecto familiar<\/strong> con horizonte.<\/p> <p>Porque cuando se busca estabilidad educativa, tambi\u00e9n se busca un lugar que est\u00e9 a la altura. Un espacio que acompa\u00f1e, que inspire y que perdure.<\/p> <p><img decoding=\"async\" class=\"alignnone wp-image-32672 size-full\" src=\"https:\/\/www.culmia.com\/wp-content\/uploads\/2026\/04\/Foto_final.jpg\" alt=\"Exterior de una promoci\u00f3n de viviendas modernas en La Moraleja con una familia y ni\u00f1os con mochilas escolares, resaltando el estilo de vida residencial y educativo\" width=\"1908\" height=\"863\" title=\"\" srcset=\"https:\/\/www.culmia.com\/wp-content\/uploads\/2026\/04\/Foto_final-200x90.jpg 200w, https:\/\/www.culmia.com\/wp-content\/uploads\/2026\/04\/Foto_final-300x136.jpg 300w, https:\/\/www.culmia.com\/wp-content\/uploads\/2026\/04\/Foto_final-400x181.jpg 400w, https:\/\/www.culmia.com\/wp-content\/uploads\/2026\/04\/Foto_final-600x271.jpg 600w, https:\/\/www.culmia.com\/wp-content\/uploads\/2026\/04\/Foto_final-768x347.jpg 768w, https:\/\/www.culmia.com\/wp-content\/uploads\/2026\/04\/Foto_final-800x362.jpg 800w, https:\/\/www.culmia.com\/wp-content\/uploads\/2026\/04\/Foto_final-1024x463.jpg 1024w, https:\/\/www.culmia.com\/wp-content\/uploads\/2026\/04\/Foto_final-1200x543.jpg 1200w, https:\/\/www.culmia.com\/wp-content\/uploads\/2026\/04\/Foto_final-1536x695.jpg 1536w, https:\/\/www.culmia.com\/wp-content\/uploads\/2026\/04\/Foto_final.jpg 1908w\" sizes=\"(max-width: 1908px) 100vw, 1908px\" \/><\/p>","protected":false},"excerpt":{"rendered":"<p>\ud83c\udf93 Cuando la elecci\u00f3n del colegio es una declaraci\u00f3n de &#8230;<\/p>\n","protected":false},"author":15,"featured_media":32671,"comment_status":"closed","ping_status":"open","sticky":false,"template":"","format":"standard","meta":{"_acf_changed":false,"footnotes":""},"categories":[2002,179],"tags":[],"class_list":["post-32669","post","type-post","status-publish","format-standard","has-post-thumbnail","hentry","category-lifestyle","category-tendencias"],"acf":[],"_links":{"self":[{"href":"https:\/\/www.culmia.com\/es\/wp-json\/wp\/v2\/posts\/32669","targetHints":{"allow":["GET"]}}],"collection":[{"href":"https:\/\/www.culmia.com\/es\/wp-json\/wp\/v2\/posts"}],"about":[{"href":"https:\/\/www.culmia.com\/es\/wp-json\/wp\/v2\/types\/post"}],"author":[{"embeddable":true,"href":"https:\/\/www.culmia.com\/es\/wp-json\/wp\/v2\/users\/15"}],"replies":[{"embeddable":true,"href":"https:\/\/www.culmia.com\/es\/wp-json\/wp\/v2\/comments?post=32669"}],"version-history":[{"count":4,"href":"https:\/\/www.culmia.com\/es\/wp-json\/wp\/v2\/posts\/32669\/revisions"}],"predecessor-version":[{"id":32676,"href":"https:\/\/www.culmia.com\/es\/wp-json\/wp\/v2\/posts\/32669\/revisions\/32676"}],"wp:featuredmedia":[{"embeddable":true,"href":"https:\/\/www.culmia.com\/es\/wp-json\/wp\/v2\/media\/32671"}],"wp:attachment":[{"href":"https:\/\/www.culmia.com\/es\/wp-json\/wp\/v2\/media?parent=32669"}],"wp:term":[{"taxonomy":"category","embeddable":true,"href":"https:\/\/www.culmia.com\/es\/wp-json\/wp\/v2\/categories?post=32669"},{"taxonomy":"post_tag","embeddable":true,"href":"https:\/\/www.culmia.com\/es\/wp-json\/wp\/v2\/tags?post=32669"}],"curies":[{"name":"wp","href":"https:\/\/api.w.org\/{rel}","templated":true}]}}