{"id":31571,"date":"2026-03-05T09:14:34","date_gmt":"2026-03-05T08:14:34","guid":{"rendered":"https:\/\/www.culmia.com\/es\/?p=31571"},"modified":"2026-04-14T09:20:32","modified_gmt":"2026-04-14T07:20:32","slug":"obra-nueva-pontevedra-michelena","status":"publish","type":"post","link":"https:\/\/www.culmia.com\/es\/blog\/obra-nueva-pontevedra-michelena\/","title":{"rendered":"Obra nueva en el coraz\u00f3n de Pontevedra: Culmia transforma un edificio hist\u00f3rico de la calle Michelena en 45 viviendas exclusivas"},"content":{"rendered":"<ul> <li>Este emblem\u00e1tico proyecto ha sido dise\u00f1ado por <strong>Espacio B12 Arquitectos<\/strong> y plantea una <strong>rehabilitaci\u00f3n integral<\/strong> que preserva la fachada original del edificio, adapt\u00e1ndolo a los criterios actuales de dise\u00f1o, funcionalidad y calidad.<\/li> <li>Viviendas de <strong>uno a tres dormitorios<\/strong>, distribuidas en siete plantas, con distintas tipolog\u00edas que se adaptan a diferentes necesidades residenciales, incluyendo opciones con terraza.<\/li> <li>La promoci\u00f3n dispone de <strong>43 plazas de garaje<\/strong> y trasteros para todas las viviendas, un valor diferencial en el centro urbano.<\/li> <\/ul> <p><img decoding=\"async\" class=\"alignnone wp-image-31582 size-full\" src=\"https:\/\/www.culmia.com\/wp-content\/uploads\/2026\/02\/Pres-Mic-DIC-02-scaled.jpeg\" alt=\"Fachada de piedra del edificio Culmia Eterna Michelena en Pontevedra con palmeras y zona peatonal\" width=\"2560\" height=\"1429\" title=\"\" srcset=\"https:\/\/www.culmia.com\/wp-content\/uploads\/2026\/02\/Pres-Mic-DIC-02-200x112.jpeg 200w, https:\/\/www.culmia.com\/wp-content\/uploads\/2026\/02\/Pres-Mic-DIC-02-300x167.jpeg 300w, https:\/\/www.culmia.com\/wp-content\/uploads\/2026\/02\/Pres-Mic-DIC-02-400x223.jpeg 400w, https:\/\/www.culmia.com\/wp-content\/uploads\/2026\/02\/Pres-Mic-DIC-02-600x335.jpeg 600w, https:\/\/www.culmia.com\/wp-content\/uploads\/2026\/02\/Pres-Mic-DIC-02-768x429.jpeg 768w, https:\/\/www.culmia.com\/wp-content\/uploads\/2026\/02\/Pres-Mic-DIC-02-800x447.jpeg 800w, https:\/\/www.culmia.com\/wp-content\/uploads\/2026\/02\/Pres-Mic-DIC-02-1024x572.jpeg 1024w, https:\/\/www.culmia.com\/wp-content\/uploads\/2026\/02\/Pres-Mic-DIC-02-1200x670.jpeg 1200w, https:\/\/www.culmia.com\/wp-content\/uploads\/2026\/02\/Pres-Mic-DIC-02-1536x857.jpeg 1536w, https:\/\/www.culmia.com\/wp-content\/uploads\/2026\/02\/Pres-Mic-DIC-02-scaled.jpeg 2560w\" sizes=\"(max-width: 2560px) 100vw, 2560px\" \/><\/p> <p><strong>02 de marzo de 2026<\/strong> \u2013 Culmia, la plataforma inmobiliaria que concentra \u00edntegramente las soluciones de vivienda del mercado, presenta <strong>Culmia Eterna Michelena<\/strong>, una promoci\u00f3n residencial emblem\u00e1tica ubicada en la calle Michelena, uno de los principales ejes urbanos y comerciales de Pontevedra, en pleno centro de la ciudad.<\/p> <p>Culmia Eterna Michelena se desarrolla en un <strong>edificio hist\u00f3rico<\/strong> ubicado entre la Plaza de Espa\u00f1a y la Plaza de la Peregrina, en el l\u00edmite entre el casco hist\u00f3rico y el Ensanche. Se trata de una de las zonas m\u00e1s representativas, consolidadas y demandadas de Pontevedra, donde desde hace a\u00f1os no se impulsan promociones residenciales de estas caracter\u00edsticas, lo que convierte a este proyecto en una oportunidad \u00fanica tanto por su localizaci\u00f3n como por su propuesta arquitect\u00f3nica.<\/p> <p>El proyecto ha sido dise\u00f1ado por el estudio gallego Espacio B12 Arquitectos y apuesta por una cuidada intervenci\u00f3n que combina la <strong>conservaci\u00f3n de la fachada original<\/strong> con una renovaci\u00f3n integral del edificio, adapt\u00e1ndolo a los est\u00e1ndares actuales de la vivienda urbana en t\u00e9rminos de dise\u00f1o, eficiencia, sostenibilidad y confort.<\/p> <p>La promoci\u00f3n estar\u00e1 compuesta por <strong>45 viviendas<\/strong> de uno a tres dormitorios, distribuidas en siete plantas y con diferentes tipolog\u00edas, algunas de ellas con terraza. Todas las viviendas dispondr\u00e1n de trastero y el edificio contar\u00e1 con 43 plazas de garaje, un valor especialmente destacado en una ubicaci\u00f3n c\u00e9ntrica y mayoritariamente peatonal como la calle Michelena.<\/p> <p>Las viviendas han sido concebidas bajo criterios de dise\u00f1o contempor\u00e1neo, funcionalidad y bienestar, incorporando<strong> suelo radiante<\/strong> y soluciones constructivas orientadas a maximizar el confort y la eficiencia energ\u00e9tica. El edificio contar\u00e1 con\u00a0calificaci\u00f3n energ\u00e9tica A, garantizando un elevado confort t\u00e9rmico durante todo el a\u00f1o y un consumo energ\u00e9tico optimizado.<\/p> <p>Asimismo, el portal del edificio ser\u00e1 rehabilitado de forma integral, con una cuidada selecci\u00f3n de materiales de alta calidad, entre los que destaca el m\u00e1rmol, reforzando el car\u00e1cter representativo del inmueble.<\/p> <p>\u201cCulmia Eterna Michelena representa una <strong>oportunidad \u00fanica<\/strong> para vivir en el centro de Pontevedra, con todas las comodidades de una vivienda de obra nueva y en una ubicaci\u00f3n excepcional. En una ciudad con un tejido urbano consolidado, las oportunidades residenciales en el coraz\u00f3n urbano son escasas.\u201d se\u00f1ala Andr\u00e9s Rituerto, director territorial Centro-Norte-Sur de Culmia.<\/p> <p>Adem\u00e1s, Culmia ofrece un modelo de atenci\u00f3n integral y personalizada que acompa\u00f1a al cliente durante todo el proceso de compra. En Culmia Eterna Michelena, la compa\u00f1\u00eda incorporar\u00e1 <strong>herramientas digitales<\/strong> diferenciales como un servicio de realidad mixta, v\u00eddeo life, y un avatar virtual, que permitir\u00e1 al cliente conocer el proyecto, los espacios y las viviendas de forma inmersiva y personalizada. La experiencia se completa con tours virtuales interiores y exteriores, un configurador de vivienda, y aplicaciones como<strong> CulmiaHome<\/strong> y Zenova, orientadas a facilitar la gesti\u00f3n del hogar y los suministros desde el primer d\u00eda.<\/p> <p><a href=\"https:\/\/www.culmia.com\/wp-content\/uploads\/2026\/02\/02.03.2026_LanzamientoMichelena.pdf\">Puedes descargar la nota de prensa aqu\u00ed<\/a><\/p>","protected":false},"excerpt":{"rendered":"<p>Este emblem\u00e1tico proyecto ha sido dise\u00f1ado por Espacio B12 Arquitectos &#8230;<\/p>\n","protected":false},"author":15,"featured_media":31582,"comment_status":"closed","ping_status":"open","sticky":false,"template":"","format":"standard","meta":{"_acf_changed":false,"footnotes":""},"categories":[121,1306],"tags":[],"class_list":["post-31571","post","type-post","status-publish","format-standard","has-post-thumbnail","hentry","category-actualidad","category-culmia"],"acf":[],"_links":{"self":[{"href":"https:\/\/www.culmia.com\/es\/wp-json\/wp\/v2\/posts\/31571","targetHints":{"allow":["GET"]}}],"collection":[{"href":"https:\/\/www.culmia.com\/es\/wp-json\/wp\/v2\/posts"}],"about":[{"href":"https:\/\/www.culmia.com\/es\/wp-json\/wp\/v2\/types\/post"}],"author":[{"embeddable":true,"href":"https:\/\/www.culmia.com\/es\/wp-json\/wp\/v2\/users\/15"}],"replies":[{"embeddable":true,"href":"https:\/\/www.culmia.com\/es\/wp-json\/wp\/v2\/comments?post=31571"}],"version-history":[{"count":5,"href":"https:\/\/www.culmia.com\/es\/wp-json\/wp\/v2\/posts\/31571\/revisions"}],"predecessor-version":[{"id":32360,"href":"https:\/\/www.culmia.com\/es\/wp-json\/wp\/v2\/posts\/31571\/revisions\/32360"}],"wp:featuredmedia":[{"embeddable":true,"href":"https:\/\/www.culmia.com\/es\/wp-json\/wp\/v2\/media\/31582"}],"wp:attachment":[{"href":"https:\/\/www.culmia.com\/es\/wp-json\/wp\/v2\/media?parent=31571"}],"wp:term":[{"taxonomy":"category","embeddable":true,"href":"https:\/\/www.culmia.com\/es\/wp-json\/wp\/v2\/categories?post=31571"},{"taxonomy":"post_tag","embeddable":true,"href":"https:\/\/www.culmia.com\/es\/wp-json\/wp\/v2\/tags?post=31571"}],"curies":[{"name":"wp","href":"https:\/\/api.w.org\/{rel}","templated":true}]}}