{"id":31344,"date":"2026-03-19T10:00:40","date_gmt":"2026-03-19T09:00:40","guid":{"rendered":"https:\/\/www.culmia.com\/es\/?p=31344"},"modified":"2026-02-20T14:41:17","modified_gmt":"2026-02-20T13:41:17","slug":"mejores-barrios-de-valencia-para-vivir","status":"publish","type":"post","link":"https:\/\/www.culmia.com\/es\/blog\/mejores-barrios-de-valencia-para-vivir\/","title":{"rendered":"Los mejores barrios de Valencia para vivir: gu\u00eda completa para elegir zona"},"content":{"rendered":"<p><strong>Valencia es una ciudad que enamora por su clima, su luz y su equilibrio<\/strong> entre tradici\u00f3n y modernidad. Sin embargo, cuando llega el momento de e<strong>legir vivienda, la pregunta clave no es solo \u201c\u00bfquiero vivir en Valencia?\u201d, sino \u201c\u00bfen qu\u00e9 zona quiero construir mi d\u00eda a d\u00eda?\u201d.<\/strong><\/p> <p>Desde barrios c\u00e9ntricos llenos de actividad hasta entornos residenciales m\u00e1s tranquilos a pocos minutos de la capital, el \u00e1rea metropolitana ofrece alternativas muy distintas. En esta gu\u00eda analizamos las principales opciones y explicamos <strong>por qu\u00e9 <a href=\"https:\/\/www.culmia.com\/es\/blog\/vivir-en-rocafort\/\">Rocafort<\/a> se ha consolidado como una de las elecciones m\u00e1s inteligentes para quienes buscan calidad de vida sin renunciar a la ciudad.<\/strong><\/p> <p><img decoding=\"async\" class=\"alignnone wp-image-31345 size-full\" src=\"https:\/\/www.culmia.com\/wp-content\/uploads\/2026\/02\/travelnow-or-crylater-7b0EXl2NaE8-unsplash-scaled.jpg\" alt=\"Valencia\" width=\"2560\" height=\"1707\" title=\"\" srcset=\"https:\/\/www.culmia.com\/wp-content\/uploads\/2026\/02\/travelnow-or-crylater-7b0EXl2NaE8-unsplash-200x133.jpg 200w, https:\/\/www.culmia.com\/wp-content\/uploads\/2026\/02\/travelnow-or-crylater-7b0EXl2NaE8-unsplash-300x200.jpg 300w, https:\/\/www.culmia.com\/wp-content\/uploads\/2026\/02\/travelnow-or-crylater-7b0EXl2NaE8-unsplash-400x267.jpg 400w, https:\/\/www.culmia.com\/wp-content\/uploads\/2026\/02\/travelnow-or-crylater-7b0EXl2NaE8-unsplash-600x400.jpg 600w, https:\/\/www.culmia.com\/wp-content\/uploads\/2026\/02\/travelnow-or-crylater-7b0EXl2NaE8-unsplash-768x512.jpg 768w, https:\/\/www.culmia.com\/wp-content\/uploads\/2026\/02\/travelnow-or-crylater-7b0EXl2NaE8-unsplash-800x533.jpg 800w, https:\/\/www.culmia.com\/wp-content\/uploads\/2026\/02\/travelnow-or-crylater-7b0EXl2NaE8-unsplash-1024x683.jpg 1024w, https:\/\/www.culmia.com\/wp-content\/uploads\/2026\/02\/travelnow-or-crylater-7b0EXl2NaE8-unsplash-1200x800.jpg 1200w, https:\/\/www.culmia.com\/wp-content\/uploads\/2026\/02\/travelnow-or-crylater-7b0EXl2NaE8-unsplash-1536x1024.jpg 1536w, https:\/\/www.culmia.com\/wp-content\/uploads\/2026\/02\/travelnow-or-crylater-7b0EXl2NaE8-unsplash-scaled.jpg 2560w\" sizes=\"(max-width: 2560px) 100vw, 2560px\" \/><\/p> <h2><strong>Vivir en el centro de Valencia: dinamismo y vida urbana<\/strong><\/h2> <p><strong>El centro de Valencia y sus barrios m\u00e1s consolidados siguen siendo una opci\u00f3n atractiva<\/strong> para quienes priorizan la cercan\u00eda a todo.<\/p> <p>Zonas como <strong>El Pla del Remei o el Ensanche<\/strong> destacan por su arquitectura elegante, su actividad comercial y su proximidad a oficinas, restaurantes y espacios culturales. Vivir aqu\u00ed significa poder desplazarse a pie, disfrutar de una intensa vida social y tener todos los servicios a pocos metros de casa.<\/p> <p>Algo similar ocurre en<strong> barrios como Ruzafa<\/strong>, donde el ambiente creativo y multicultural ha convertido la zona en uno de los puntos m\u00e1s din\u00e1micos de la ciudad. La oferta gastron\u00f3mica y cultural es uno de sus grandes reclamos, especialmente entre j\u00f3venes profesionales.<\/p> <p><strong>Benimaclet,<\/strong> por su parte, combina un car\u00e1cter m\u00e1s tradicional con una creciente presencia de familias y estudiantes. Es una zona con identidad propia, bien conectada y con servicios consolidados.<\/p> <p>Sin embargo, <strong>vivir en la ciudad tambi\u00e9n implica asumir ciertos factores:<\/strong> mayor densidad, ruido, menos espacios exteriores y precios por metro cuadrado elevados en determinadas zonas. Para muchas familias y profesionales, estas variables han hecho que cambien sus prioridades en los \u00faltimos a\u00f1os.<\/p> <p><img decoding=\"async\" class=\"alignnone wp-image-31346 size-full\" src=\"https:\/\/www.culmia.com\/wp-content\/uploads\/2026\/02\/claudio-schwarz-AWYyrbgHmCE-unsplash-1-scaled.jpg\" alt=\"Ayuntamiento de Valencia. \" width=\"2560\" height=\"1707\" title=\"\" srcset=\"https:\/\/www.culmia.com\/wp-content\/uploads\/2026\/02\/claudio-schwarz-AWYyrbgHmCE-unsplash-1-200x133.jpg 200w, https:\/\/www.culmia.com\/wp-content\/uploads\/2026\/02\/claudio-schwarz-AWYyrbgHmCE-unsplash-1-300x200.jpg 300w, https:\/\/www.culmia.com\/wp-content\/uploads\/2026\/02\/claudio-schwarz-AWYyrbgHmCE-unsplash-1-400x267.jpg 400w, https:\/\/www.culmia.com\/wp-content\/uploads\/2026\/02\/claudio-schwarz-AWYyrbgHmCE-unsplash-1-600x400.jpg 600w, https:\/\/www.culmia.com\/wp-content\/uploads\/2026\/02\/claudio-schwarz-AWYyrbgHmCE-unsplash-1-768x512.jpg 768w, https:\/\/www.culmia.com\/wp-content\/uploads\/2026\/02\/claudio-schwarz-AWYyrbgHmCE-unsplash-1-800x533.jpg 800w, https:\/\/www.culmia.com\/wp-content\/uploads\/2026\/02\/claudio-schwarz-AWYyrbgHmCE-unsplash-1-1024x683.jpg 1024w, https:\/\/www.culmia.com\/wp-content\/uploads\/2026\/02\/claudio-schwarz-AWYyrbgHmCE-unsplash-1-1200x800.jpg 1200w, https:\/\/www.culmia.com\/wp-content\/uploads\/2026\/02\/claudio-schwarz-AWYyrbgHmCE-unsplash-1-1536x1024.jpg 1536w, https:\/\/www.culmia.com\/wp-content\/uploads\/2026\/02\/claudio-schwarz-AWYyrbgHmCE-unsplash-1-scaled.jpg 2560w\" sizes=\"(max-width: 2560px) 100vw, 2560px\" \/><\/p> <h2><strong>El nuevo concepto de vivienda: espacio, tranquilidad y conexi\u00f3n<\/strong><\/h2> <p>Tras la consolidaci\u00f3n del teletrabajo y un cambio en la forma de entender el hogar, <strong>muchas personas buscan ahora algo m\u00e1s que una buena ubicaci\u00f3n c\u00e9ntrica.<\/strong> El concepto de vivienda ha evolucionado: hoy se valoran los espacios amplios, la luz natural, las terrazas, las zonas comunes y el entorno saludable.<\/p> <p>En este contexto, los<strong> municipios residenciales cercanos a Valencia han ganado protagonismo<\/strong>. Y entre ellos, Rocafort destaca como una de las opciones m\u00e1s completas y equilibradas.<\/p> <h2><strong>Rocafort: el equilibrio perfecto entre ciudad y calidad de vida<\/strong><\/h2> <p>Situado a apenas 7 kil\u00f3metros del centro de Valencia, <strong>Rocafort<\/strong> representa una <strong>forma distinta de vivir.<\/strong> No es una desconexi\u00f3n total de la ciudad, sino una versi\u00f3n mejorada del d\u00eda a d\u00eda.<\/p> <p><strong>Uno de sus principales atractivos es la ubicaci\u00f3n estrat\u00e9gica<\/strong>. Rocafort permite acceder al centro de Valencia en aproximadamente 15 minutos en metro, lo qu<strong>e facilita la movilidad diaria sin necesidad de largos desplazamientos.<\/strong> Tambi\u00e9n cuenta con buenas conexiones por carretera y cercan\u00eda al aeropuerto, lo que refuerza su posici\u00f3n como enclave privilegiado dentro del \u00e1rea metropolitana.<\/p> <p>Pero m\u00e1s all\u00e1 de la conexi\u00f3n, <strong>lo que realmente marca la diferencia es el entorno.<\/strong><\/p> <p><img decoding=\"async\" class=\"aligncenter wp-image-31347 size-full\" src=\"https:\/\/www.culmia.com\/wp-content\/uploads\/2026\/02\/pueblos-cerca-de-valencia-para-vivir-1698921296iPNlo.webp\" alt=\"Plaza de la Virgen en el centro hist\u00f3rico de Valencia. \" width=\"792\" height=\"594\" title=\"\" srcset=\"https:\/\/www.culmia.com\/wp-content\/uploads\/2026\/02\/pueblos-cerca-de-valencia-para-vivir-1698921296iPNlo-200x150.webp 200w, https:\/\/www.culmia.com\/wp-content\/uploads\/2026\/02\/pueblos-cerca-de-valencia-para-vivir-1698921296iPNlo-300x225.webp 300w, https:\/\/www.culmia.com\/wp-content\/uploads\/2026\/02\/pueblos-cerca-de-valencia-para-vivir-1698921296iPNlo-400x300.webp 400w, https:\/\/www.culmia.com\/wp-content\/uploads\/2026\/02\/pueblos-cerca-de-valencia-para-vivir-1698921296iPNlo-600x450.webp 600w, https:\/\/www.culmia.com\/wp-content\/uploads\/2026\/02\/pueblos-cerca-de-valencia-para-vivir-1698921296iPNlo-768x576.webp 768w, https:\/\/www.culmia.com\/wp-content\/uploads\/2026\/02\/pueblos-cerca-de-valencia-para-vivir-1698921296iPNlo.webp 792w\" sizes=\"(max-width: 792px) 100vw, 792px\" \/><\/p> <h2><strong>Naturaleza y bienestar como parte de la rutina<\/strong><\/h2> <p><strong>Rocafort est\u00e1 rodeado de zonas verdes, espacios abiertos y un entorno natural<\/strong> que contrasta con el ritmo urbano. Esta cercan\u00eda a la naturaleza no es solo una cuesti\u00f3n est\u00e9tica: influye directamente en la calidad de vida.<\/p> <p>La<strong> sensaci\u00f3n de amplitud, la menor contaminaci\u00f3n ac\u00fastica y la posibilidad de disfrutar de actividades al aire libre<\/strong> forman parte del d\u00eda a d\u00eda. Pasear, practicar deporte o simplemente desconectar tras la jornada laboral resulta mucho m\u00e1s sencillo en un entorno residencial de estas caracter\u00edsticas.<\/p> <p>Para quienes teletrabajan o pasan m\u00e1s tiempo en casa, este entorno supone una mejora tangible en bienestar y concentraci\u00f3n.<\/p> <h2><strong>Seguridad y comunidad<\/strong><\/h2> <p>Con una poblaci\u00f3n reducida y un marcado car\u00e1cter residencial<strong>, Rocafort es conocido por su tranquilidad y seguridad<\/strong>. Es un municipio donde la vida de barrio todav\u00eda se mantiene, donde los vecinos se conocen y donde el ritmo es pausado.<\/p> <p>Este ambiente lo convierte en una opci\u00f3n especialmente atractiva para familias con ni\u00f1os, pero tambi\u00e9n para profesionales que buscan un refugio tranquilo tras la intensidad laboral.<\/p> <p>La combinaci\u00f3n de servicios locales \u2014colegios, instalaciones deportivas, comercios de proximidad y oferta gastron\u00f3mica\u2014 permite cubrir las necesidades del d\u00eda a d\u00eda sin depender constantemente de Valencia, aunque sabiendo que la ciudad est\u00e1 a solo unos minutos.<\/p> <h2><strong>Vivienda en Rocafort: espacio, dise\u00f1o y proyecci\u00f3n<\/strong><\/h2> <p>Otro de los grandes <strong>diferenciales de Rocafort es su <a href=\"https:\/\/www.culmia.com\/es\/blog\/tipos-de-casas\/\">tipolog\u00eda residencial<\/a>.<\/strong> A diferencia de muchas zonas c\u00e9ntricas, aqu\u00ed predominan viviendas amplias, con terrazas, jardines y zonas comunes.<\/p> <p>Este tipo de vivienda responde mejor a las demandas actuales:<\/p> <ul> <li><strong>Mayor superficie \u00fatil.<\/strong><\/li> <li><strong>Espacios exteriores privados.<\/strong><\/li> <li><strong>Urbanizaciones cuidadas.<\/strong><\/li> <li><strong>Entornos pensados para la vida familiar.<\/strong><\/li> <\/ul> <p>Adem\u00e1s, la estabilidad y prestigio de la zona hacen que la inversi\u00f3n inmobiliaria en Rocafort mantenga una s\u00f3lida proyecci\u00f3n de revalorizaci\u00f3n. Se trata de un mercado consolidado, con demanda constante y una imagen asociada a calidad y exclusividad.<\/p> <p><img decoding=\"async\" class=\"alignnone wp-image-31348 size-full\" src=\"https:\/\/www.culmia.com\/wp-content\/uploads\/2026\/02\/th_Culmia-Maestral.jpg\" alt=\"Culmia Rocafort\" width=\"1920\" height=\"905\" title=\"\" srcset=\"https:\/\/www.culmia.com\/wp-content\/uploads\/2026\/02\/th_Culmia-Maestral-200x94.jpg 200w, https:\/\/www.culmia.com\/wp-content\/uploads\/2026\/02\/th_Culmia-Maestral-300x141.jpg 300w, https:\/\/www.culmia.com\/wp-content\/uploads\/2026\/02\/th_Culmia-Maestral-400x189.jpg 400w, https:\/\/www.culmia.com\/wp-content\/uploads\/2026\/02\/th_Culmia-Maestral-600x283.jpg 600w, https:\/\/www.culmia.com\/wp-content\/uploads\/2026\/02\/th_Culmia-Maestral-768x362.jpg 768w, https:\/\/www.culmia.com\/wp-content\/uploads\/2026\/02\/th_Culmia-Maestral-800x377.jpg 800w, https:\/\/www.culmia.com\/wp-content\/uploads\/2026\/02\/th_Culmia-Maestral-1024x483.jpg 1024w, https:\/\/www.culmia.com\/wp-content\/uploads\/2026\/02\/th_Culmia-Maestral-1200x566.jpg 1200w, https:\/\/www.culmia.com\/wp-content\/uploads\/2026\/02\/th_Culmia-Maestral-1536x724.jpg 1536w, https:\/\/www.culmia.com\/wp-content\/uploads\/2026\/02\/th_Culmia-Maestral.jpg 1920w\" sizes=\"(max-width: 1920px) 100vw, 1920px\" \/><\/p> <h2><strong>\u00bfCentro de Valencia o Rocafort?<\/strong><\/h2> <p>La <strong>decisi\u00f3n final depende del estilo de vida que se busque<\/strong>.<\/p> <p>Quienes priorizan la intensidad urbana, la vida social constante y la proximidad inmediata a oficinas pueden sentirse m\u00e1s c\u00f3modos en el centro. Sin embargo, quienes valoran el equilibrio entre conexi\u00f3n y tranquilidad, el espacio frente a la densidad y el bienestar por encima del ruido, encuentran en Rocafort una opci\u00f3n claramente superior.<\/p> <p>No se trata de alejarse de Valencia, sino de vivirla de una forma m\u00e1s inteligente.<\/p> <p>&nbsp;<\/p> <h2><strong>Culmia Maestral Rocafort: una oportunidad para vivir mejor<\/strong><\/h2> <p>En este entorno privilegiado se encuentra<strong> <a href=\"https:\/\/www.culmia.com\/es\/promociones\/culmia-maestral-rocafort\/?utm_medium=blog&amp&utm_source=online&amp&utm_campaign=maestral&amp&utm_content=maestral\">Culmia Maestral Rocafort<\/a>, una promoci\u00f3n dise\u00f1ada para integrarse plenamente en el estilo de vida que define al municipio<\/strong>.<\/p> <p>El proyecto ofrece <strong>viviendas de 3 y 4 dormitorios con amplias terrazas y jardines<\/strong>, pensadas para aprovechar la luz natural y fomentar la vida al aire libre. Sus zonas comunes, que incluyen piscina y espacios verdes, refuerzan ese concepto de hogar como lugar de disfrute y bienestar.<\/p> <p>Ubicada en una<strong> zona residencial tranquila y bien comunicada<\/strong>, la promoci\u00f3n combina dise\u00f1o contempor\u00e1neo, calidad constructiva y funcionalidad. Es una opci\u00f3n ideal tanto para familias como para quienes desean dar el paso hacia una vivienda m\u00e1s espaciosa en un entorno de alto nivel.<\/p> <p><strong>Elegir Culmia Maestral Rocafort es apostar por algo m\u00e1s que una casa<\/strong>: es elegir un estilo de vida basado en la tranquilidad, la naturaleza y la conexi\u00f3n con Valencia sin renunciar a nada.<\/p> <p>Si est\u00e1s valorando cu\u00e1l es la mejor zona para vivir en el \u00e1rea metropolitana, Rocafort no solo destaca en la comparativa: lidera la decisi\u00f3n.<\/p>","protected":false},"excerpt":{"rendered":"<p>Valencia es una ciudad que enamora por su clima, su &#8230;<\/p>\n","protected":false},"author":15,"featured_media":31345,"comment_status":"closed","ping_status":"open","sticky":false,"template":"","format":"standard","meta":{"_acf_changed":false,"footnotes":""},"categories":[175,179],"tags":[2182,2183,2181,2184],"class_list":["post-31344","post","type-post","status-publish","format-standard","has-post-thumbnail","hentry","category-estilo-de-vida","category-tendencias","tag-barrios-de-valencia","tag-barrios-de-valencia-para-vivir","tag-mejores-barrios-de-valencia-para-vivir","tag-vivir-en-valencia"],"acf":[],"_links":{"self":[{"href":"https:\/\/www.culmia.com\/es\/wp-json\/wp\/v2\/posts\/31344","targetHints":{"allow":["GET"]}}],"collection":[{"href":"https:\/\/www.culmia.com\/es\/wp-json\/wp\/v2\/posts"}],"about":[{"href":"https:\/\/www.culmia.com\/es\/wp-json\/wp\/v2\/types\/post"}],"author":[{"embeddable":true,"href":"https:\/\/www.culmia.com\/es\/wp-json\/wp\/v2\/users\/15"}],"replies":[{"embeddable":true,"href":"https:\/\/www.culmia.com\/es\/wp-json\/wp\/v2\/comments?post=31344"}],"version-history":[{"count":4,"href":"https:\/\/www.culmia.com\/es\/wp-json\/wp\/v2\/posts\/31344\/revisions"}],"predecessor-version":[{"id":31396,"href":"https:\/\/www.culmia.com\/es\/wp-json\/wp\/v2\/posts\/31344\/revisions\/31396"}],"wp:featuredmedia":[{"embeddable":true,"href":"https:\/\/www.culmia.com\/es\/wp-json\/wp\/v2\/media\/31345"}],"wp:attachment":[{"href":"https:\/\/www.culmia.com\/es\/wp-json\/wp\/v2\/media?parent=31344"}],"wp:term":[{"taxonomy":"category","embeddable":true,"href":"https:\/\/www.culmia.com\/es\/wp-json\/wp\/v2\/categories?post=31344"},{"taxonomy":"post_tag","embeddable":true,"href":"https:\/\/www.culmia.com\/es\/wp-json\/wp\/v2\/tags?post=31344"}],"curies":[{"name":"wp","href":"https:\/\/api.w.org\/{rel}","templated":true}]}}