{"id":28523,"date":"2025-11-28T14:45:57","date_gmt":"2025-11-28T13:45:57","guid":{"rendered":"https:\/\/www.culmia.com\/es\/?p=28523"},"modified":"2025-12-09T12:10:52","modified_gmt":"2025-12-09T11:10:52","slug":"informe-acceso-a-vivienda-en-espana-objetivo-galicia","status":"publish","type":"post","link":"https:\/\/www.culmia.com\/es\/blog\/informe-acceso-a-vivienda-en-espana-objetivo-galicia\/","title":{"rendered":"Informe Acceso a vivienda en Espa\u00f1a - Objetivo Galicia"},"content":{"rendered":"<p><div class=\"fusion-fullwidth fullwidth-box fusion-builder-row-1 fusion-flex-container nonhundred-percent-fullwidth non-hundred-percent-height-scrolling\" style=\"--awb-border-radius-top-left:0px;--awb-border-radius-top-right:0px;--awb-border-radius-bottom-right:0px;--awb-border-radius-bottom-left:0px;--awb-flex-wrap:wrap;\" ><div class=\"fusion-builder-row fusion-row fusion-flex-align-items-flex-start fusion-flex-content-wrap\" style=\"max-width:1726.4px;margin-left: calc(-4% \/ 2 );margin-right: calc(-4% \/ 2 );\"><div class=\"fusion-layout-column fusion_builder_column fusion-builder-column-0 fusion_builder_column_1_1 1_1 fusion-flex-column\" style=\"--awb-bg-size:cover;--awb-width-large:100%;--awb-margin-top-large:0px;--awb-spacing-right-large:1.92%;--awb-margin-bottom-large:0px;--awb-spacing-left-large:1.92%;--awb-width-medium:100%;--awb-spacing-right-medium:1.92%;--awb-spacing-left-medium:1.92%;--awb-width-small:100%;--awb-spacing-right-small:1.92%;--awb-spacing-left-small:1.92%;\"><div class=\"fusion-column-wrapper fusion-flex-justify-content-flex-start fusion-content-layout-column\"><div class=\"fusion-text fusion-text-1\"><p><img decoding=\"async\" class=\"alignnone wp-image-28527 size-full\" src=\"https:\/\/www.culmia.com\/wp-content\/uploads\/2025\/11\/Imagenes-Blog-1-1024x683-3.png\" alt=\"Informe sobre el acceso a la vivienda en Galicia\" width=\"1024\" height=\"683\" title=\"\" srcset=\"https:\/\/www.culmia.com\/wp-content\/uploads\/2025\/11\/Imagenes-Blog-1-1024x683-3-200x133.png 200w, https:\/\/www.culmia.com\/wp-content\/uploads\/2025\/11\/Imagenes-Blog-1-1024x683-3-300x200.png 300w, https:\/\/www.culmia.com\/wp-content\/uploads\/2025\/11\/Imagenes-Blog-1-1024x683-3-400x267.png 400w, https:\/\/www.culmia.com\/wp-content\/uploads\/2025\/11\/Imagenes-Blog-1-1024x683-3-600x400.png 600w, https:\/\/www.culmia.com\/wp-content\/uploads\/2025\/11\/Imagenes-Blog-1-1024x683-3-768x512.png 768w, https:\/\/www.culmia.com\/wp-content\/uploads\/2025\/11\/Imagenes-Blog-1-1024x683-3-800x534.png 800w, https:\/\/www.culmia.com\/wp-content\/uploads\/2025\/11\/Imagenes-Blog-1-1024x683-3.png 1024w\" sizes=\"(max-width: 1024px) 100vw, 1024px\" \/><\/p> <p data-path-to-node=\"0\">An\u00e1lisis exhaustivo sobre el <strong>reto del acceso a la vivienda en Espa\u00f1a<\/strong>, con una hoja de ruta espec\u00edfica y cuantificada para la comunidad de Galicia. El informe diagnostica el d\u00e9ficit de oferta actual y <strong>propone soluciones financieras y de colaboraci\u00f3n para destensar el mercado.<\/strong><\/p> <ul data-path-to-node=\"4\"> <li> <p data-path-to-node=\"4,0,0\">\u00bf<strong>Cu\u00e1ntas viviendas asequibles y p\u00fablicas son necesarias en Galicia<\/strong> para equilibrar el mercado de alquiler?<\/p> <\/li> <li> <p data-path-to-node=\"4,1,0\">\u00bf<strong>Qu\u00e9 inversi\u00f3n p\u00fablica y privada se requiere<\/strong> para desarrollar este plan en los pr\u00f3ximos 20 a\u00f1os?<\/p> <\/li> <li> <p data-path-to-node=\"4,2,0\">\u00bfEn qu\u00e9 situaci\u00f3n se encuentra el<strong> parque de vivienda social en Espa\u00f1a<\/strong> respecto a la media de la Uni\u00f3n Europea?<\/p> <\/li> <li> <p data-path-to-node=\"4,3,0\">\u00bfQu\u00e9 provincias gallegas sufren mayor tensi\u00f3n en los precios y requieren una actuaci\u00f3n prioritaria?<\/p> <\/li> <li> <p data-path-to-node=\"4,4,0\">\u00bfEs viable econ\u00f3micamente la colaboraci\u00f3n p\u00fablico-privada con los m\u00f3dulos actuales o requiere nuevas estrategias fiscales?<\/p> <\/li> <\/ul> <\/div><\/div><\/div><\/div><\/div><div class=\"fusion-fullwidth fullwidth-box fusion-builder-row-2 fusion-flex-container has-pattern-background has-mask-background nonhundred-percent-fullwidth non-hundred-percent-height-scrolling\" style=\"--awb-border-radius-top-left:0px;--awb-border-radius-top-right:0px;--awb-border-radius-bottom-right:0px;--awb-border-radius-bottom-left:0px;--awb-flex-wrap:wrap;\" ><div class=\"fusion-builder-row fusion-row fusion-flex-align-items-flex-start fusion-flex-content-wrap\" style=\"max-width:1726.4px;margin-left: calc(-4% \/ 2 );margin-right: calc(-4% \/ 2 );\"><div class=\"fusion-layout-column fusion_builder_column fusion-builder-column-1 fusion_builder_column_1_2 1_2 fusion-flex-column\" style=\"--awb-bg-size:cover;--awb-width-large:50%;--awb-margin-top-large:0px;--awb-spacing-right-large:3.84%;--awb-margin-bottom-large:20px;--awb-spacing-left-large:3.84%;--awb-width-medium:50%;--awb-order-medium:0;--awb-spacing-right-medium:3.84%;--awb-spacing-left-medium:3.84%;--awb-width-small:100%;--awb-order-small:0;--awb-spacing-right-small:1.92%;--awb-spacing-left-small:1.92%;\"><div class=\"fusion-column-wrapper fusion-column-has-shadow fusion-flex-justify-content-flex-start fusion-content-layout-column\"><div ><a class=\"fusion-button button-flat fusion-button-default-size button-custom fusion-button-default button-1 fusion-button-default-span fusion-button-default-type fusion-animated culmia-btn-primary\" style=\"--button_accent_color:var(--awb-color8);--button_border_color:var(--awb-color8);--button_accent_hover_color:var(--awb-color8);--button_border_hover_color:var(--awb-color8);--button_gradient_top_color:var(--awb-custom_color_20);--button_gradient_bottom_color:var(--awb-custom_color_20);--button_gradient_top_color_hover:var(--awb-custom_color_19);--button_gradient_bottom_color_hover:var(--awb-custom_color_19);--button_padding-right:16px;--button_padding-left:16px;--button_margin-top:40px;--button_margin-bottom:40px;\" data-animationtype=\"fadeInLeft\" data-animationduration=\"1.0\" data-animationdelay=\"0.8\" data-animationoffset=\"top-into-view\" target=\"_blank\" rel=\"noopener noreferrer\" href=\"https:\/\/www.culmia.com\/wp-content\/uploads\/2025\/11\/20251120-Culmia_Acceso-a-vivienda-en-Espana_Objetivo-Galicia_Descargable.pdf\"><span class=\"fusion-button-text awb-button__text awb-button__text--default\">Descargar Informe<\/span><i class=\"icon-16Download awb-button__icon awb-button__icon--default button-icon-right\" aria-hidden=\"true\"><\/i><\/a><\/div><\/div><\/div><\/div><\/div><\/p>","protected":false},"excerpt":{"rendered":"","protected":false},"author":15,"featured_media":28528,"comment_status":"open","ping_status":"open","sticky":false,"template":"","format":"standard","meta":{"_acf_changed":false,"footnotes":""},"categories":[223],"tags":[],"class_list":["post-28523","post","type-post","status-publish","format-standard","has-post-thumbnail","hentry","category-informes"],"acf":[],"_links":{"self":[{"href":"https:\/\/www.culmia.com\/es\/wp-json\/wp\/v2\/posts\/28523","targetHints":{"allow":["GET"]}}],"collection":[{"href":"https:\/\/www.culmia.com\/es\/wp-json\/wp\/v2\/posts"}],"about":[{"href":"https:\/\/www.culmia.com\/es\/wp-json\/wp\/v2\/types\/post"}],"author":[{"embeddable":true,"href":"https:\/\/www.culmia.com\/es\/wp-json\/wp\/v2\/users\/15"}],"replies":[{"embeddable":true,"href":"https:\/\/www.culmia.com\/es\/wp-json\/wp\/v2\/comments?post=28523"}],"version-history":[{"count":2,"href":"https:\/\/www.culmia.com\/es\/wp-json\/wp\/v2\/posts\/28523\/revisions"}],"predecessor-version":[{"id":28642,"href":"https:\/\/www.culmia.com\/es\/wp-json\/wp\/v2\/posts\/28523\/revisions\/28642"}],"wp:featuredmedia":[{"embeddable":true,"href":"https:\/\/www.culmia.com\/es\/wp-json\/wp\/v2\/media\/28528"}],"wp:attachment":[{"href":"https:\/\/www.culmia.com\/es\/wp-json\/wp\/v2\/media?parent=28523"}],"wp:term":[{"taxonomy":"category","embeddable":true,"href":"https:\/\/www.culmia.com\/es\/wp-json\/wp\/v2\/categories?post=28523"},{"taxonomy":"post_tag","embeddable":true,"href":"https:\/\/www.culmia.com\/es\/wp-json\/wp\/v2\/tags?post=28523"}],"curies":[{"name":"wp","href":"https:\/\/api.w.org\/{rel}","templated":true}]}}