{"id":27034,"date":"2025-10-14T12:59:23","date_gmt":"2025-10-14T10:59:23","guid":{"rendered":"https:\/\/www.culmia.com\/es\/?p=27034"},"modified":"2026-03-17T15:33:21","modified_gmt":"2026-03-17T14:33:21","slug":"culmia-lanza-culmia-arbeyal-iv-gijon","status":"publish","type":"post","link":"https:\/\/www.culmia.com\/es\/blog\/culmia-lanza-culmia-arbeyal-iv-gijon\/","title":{"rendered":"Culmia lanza Culmia Arbeyal IV Gij\u00f3n, su cuarta promoci\u00f3n en el barrio de Santa Olaya"},"content":{"rendered":"<ul> <li>Ubicada a<strong> escasos metros del paseo mar\u00edtimo y con vistas a la playa del Arbeyal,<\/strong> la promoci\u00f3n incluye 63 viviendas de 1, 2 y 3 dormitorios con terraza, garaje y trastero.<\/li> <li>La compa\u00f1\u00eda<strong> afianza su apuesta por Asturias<\/strong> con el desarrollo final de un complejo residencial de m\u00e1s de 220 viviendas en una de las zonas con mayor proyecci\u00f3n de Gij\u00f3n. Con este cuarto desarrollo, Culmia concluye su proyecto en este sector donde ya ha entregado 103 viviendas y est\u00e1n en fase de desarrollo 122 m\u00e1s.<\/li> <li>En materia de<strong> sostenibilidad, la promoci\u00f3n obtiene la calificaci\u00f3n energ\u00e9tica m\u00e1s alta, A.<\/strong><\/li> <\/ul> <p><img decoding=\"async\" class=\"aligncenter wp-image-27038\" src=\"https:\/\/www.culmia.com\/wp-content\/uploads\/2025\/10\/thumbnail_cam04_hd-300x169.jpg\" alt=\"Culmia Arbeyal IV Gij\u00f3n\" width=\"615\" height=\"346\" title=\"\" srcset=\"https:\/\/www.culmia.com\/wp-content\/uploads\/2025\/10\/thumbnail_cam04_hd-200x113.jpg 200w, https:\/\/www.culmia.com\/wp-content\/uploads\/2025\/10\/thumbnail_cam04_hd-300x169.jpg 300w, https:\/\/www.culmia.com\/wp-content\/uploads\/2025\/10\/thumbnail_cam04_hd-400x225.jpg 400w, https:\/\/www.culmia.com\/wp-content\/uploads\/2025\/10\/thumbnail_cam04_hd-600x338.jpg 600w, https:\/\/www.culmia.com\/wp-content\/uploads\/2025\/10\/thumbnail_cam04_hd-768x432.jpg 768w, https:\/\/www.culmia.com\/wp-content\/uploads\/2025\/10\/thumbnail_cam04_hd-800x450.jpg 800w, https:\/\/www.culmia.com\/wp-content\/uploads\/2025\/10\/thumbnail_cam04_hd-1024x576.jpg 1024w, https:\/\/www.culmia.com\/wp-content\/uploads\/2025\/10\/thumbnail_cam04_hd-1200x675.jpg 1200w, https:\/\/www.culmia.com\/wp-content\/uploads\/2025\/10\/thumbnail_cam04_hd-1536x864.jpg 1536w, https:\/\/www.culmia.com\/wp-content\/uploads\/2025\/10\/thumbnail_cam04_hd.jpg 1920w\" sizes=\"(max-width: 615px) 100vw, 615px\" \/><\/p> <p><strong>14 de octubre de 2025<\/strong> -<strong> Culmia<\/strong>, la plataforma inmobiliaria que integra todas las soluciones de vivienda del mercado,<strong> lanza su cuarta promoci\u00f3n en el barrio de Santa Olaya de Gij\u00f3n: <a href=\"https:\/\/www.culmia.com\/es\/promociones\/culmia-arbeyal-gijon\/\">Culmia Arbeyal IV Gij\u00f3n<\/a>, un proyecto residencial compuesto por 63 viviendas<\/strong> de entre 55 m\u00b2 y 110 m\u00b2, distribuidas en diferentes tipolog\u00edas de<strong> 1, 2 y 3 dormitorios, todas ellas con terraza con vistas al mar, plaza de garaje y trastero.<\/strong> Cuentan, adem\u00e1s, con Espacio Cardioprotegido y la aplicaci\u00f3n Culmia Home.<\/p> <p>Este nuevo desarrollo supone la fase final del complejo residencial que Culmia inici\u00f3 hace dos a\u00f1os en Gij\u00f3n, y que suma un total de 225 viviendas. La compa\u00f1\u00eda ya ha entregado <strong>103 viviendas y actualmente tiene otras 122 en desarrollo<\/strong>. Culmia Arbeyal IV Gij\u00f3n completa el proyecto en un \u00e1mbito estrat\u00e9gico, <strong>ubicado en el PERI de El Arbeyal,<\/strong> una zona consolidada y con gran proyecci\u00f3n situada junto al paseo mar\u00edtimo de la ciudad.<\/p> <p>La promoci\u00f3n destaca por su<strong> ubicaci\u00f3n privilegiada, en primera l\u00ednea de playa<\/strong> y con espectaculares vistas al mar, lo que la convierte en un enclave ideal para quienes buscan combinar tranquilidad, calidad de vida y buenas comunicaciones. La zona ofrece amplias \u00e1reas verdes y est\u00e1 muy pr\u00f3xima a uno de los referentes deportivos de la ciudad, el Club Nataci\u00f3n Santa Olaya.<br \/> <strong>El proyecto se ubica en una zona consolidada al oeste de Gij\u00f3n<\/strong>, perfectamente comunicada mediante la autov\u00eda GJ-10 y la autopista A-8, y con numerosas l\u00edneas de autob\u00fas cercanas. Adem\u00e1s, est\u00e1 a tan solo 25 minutos a pie del casco antiguo de la ciudad, lo que lo convierte en una opci\u00f3n atractiva tanto para familias como para perfiles j\u00f3venes o inversores que buscan una segunda residencia.<\/p> <p>En cuanto a las viviendas, estas cuentan con una <strong>cuidada distribuci\u00f3n que maximiza el espacio, la luminosidad y el confort.<\/strong> Todas son completamente exteriores, con amplios ventanales y espacios abiertos. Incorporan, adem\u00e1s, suelo radiante y una propuesta de acabados actual.<\/p> <p>En materia de sostenibilidad, <strong>la promoci\u00f3n obtiene la<a href=\"https:\/\/www.culmia.com\/es\/certificado-energetico-casa\/\"> calificaci\u00f3n energ\u00e9tica<\/a> A<\/strong>, gracias a sistemas como la aerotermia centralizada para calefacci\u00f3n y producci\u00f3n de ACS, lo que garantiza una mayor eficiencia energ\u00e9tica y un menor impacto medioambiental.<br \/> <strong>Culmia Arbeyal IV Gij\u00f3n incorpora zonas comunes como un Espacio Club Social, zona infantil y espacio para bicicletas,<\/strong> ofreciendo a los residentes \u00e1reas de ocio y descanso integradas en la promoci\u00f3n.<\/p> <p>Para Celso G\u00f3mez, director territorial Centro, Norte y Sur de Culmia, \u201c<strong>Culmia Arbeyal IV Gij\u00f3n refuerza nuestra apuesta por Asturias<\/strong> y, en particular, por el barrio de Santa Olaya, donde contamos con <a href=\"https:\/\/youtu.be\/H_EgkhiFh3E\" rel=\"nofollow noopener\" target=\"_blank\">tres promociones<\/a> en un sector en plena expansi\u00f3n y crecimiento. Esta cuarta y \u00faltima fase culmina un proyecto clave para nosotros en el norte de Espa\u00f1a y consolida nuestra presencia en una zona con una demanda residencial creciente\u201d.<\/p> <p>La compa\u00f1\u00eda tiene previsto iniciar las obras en el segundo trimestre de 2025, y la entrega de llaves est\u00e1 programada para el a\u00f1o 2028.<\/p> <p><strong>Desde 2013, Culmia ya ha entregado m\u00e1s de 8.000 viviendas en m\u00e1s de 126 promociones<\/strong>.<\/p> <p>Te recomendamos leer esta nota de prensa escuchando <a href=\"https:\/\/open.spotify.com\/playlist\/7gKPCYQSgI2IMXJx5bxjS4\" rel=\"nofollow noopener\" target=\"_blank\">nuestra playlist \u2018Destino, Asturias\u2019.<\/a><\/p> <p><a href=\"https:\/\/www.culmia.com\/wp-content\/uploads\/2025\/10\/NdP.-Culmia-lanza-Culmia-Arbeyal-IV-Gijon-su-cuarta-promocion-en-el-barrio-de-Santa-Olaya.pdf\" target=\"_blank\" rel=\"noopener\">Descarga la nota de prensa aqu\u00ed<\/a><\/p>","protected":false},"excerpt":{"rendered":"<p>Ubicada a escasos metros del paseo mar\u00edtimo y con vistas &#8230;<\/p>\n","protected":false},"author":15,"featured_media":27038,"comment_status":"closed","ping_status":"open","sticky":false,"template":"","format":"standard","meta":{"_acf_changed":false,"footnotes":""},"categories":[121,1306],"tags":[2078,2079,2080,2081,2082],"class_list":["post-27034","post","type-post","status-publish","format-standard","has-post-thumbnail","hentry","category-actualidad","category-culmia","tag-arbeyal-iv","tag-culmia-arbeyal-iv","tag-nueva-promocion-culmia","tag-obra-nueva-culmia","tag-promocion-en-el-barrio-de-santa-olaya"],"acf":[],"_links":{"self":[{"href":"https:\/\/www.culmia.com\/es\/wp-json\/wp\/v2\/posts\/27034","targetHints":{"allow":["GET"]}}],"collection":[{"href":"https:\/\/www.culmia.com\/es\/wp-json\/wp\/v2\/posts"}],"about":[{"href":"https:\/\/www.culmia.com\/es\/wp-json\/wp\/v2\/types\/post"}],"author":[{"embeddable":true,"href":"https:\/\/www.culmia.com\/es\/wp-json\/wp\/v2\/users\/15"}],"replies":[{"embeddable":true,"href":"https:\/\/www.culmia.com\/es\/wp-json\/wp\/v2\/comments?post=27034"}],"version-history":[{"count":8,"href":"https:\/\/www.culmia.com\/es\/wp-json\/wp\/v2\/posts\/27034\/revisions"}],"predecessor-version":[{"id":31839,"href":"https:\/\/www.culmia.com\/es\/wp-json\/wp\/v2\/posts\/27034\/revisions\/31839"}],"wp:featuredmedia":[{"embeddable":true,"href":"https:\/\/www.culmia.com\/es\/wp-json\/wp\/v2\/media\/27038"}],"wp:attachment":[{"href":"https:\/\/www.culmia.com\/es\/wp-json\/wp\/v2\/media?parent=27034"}],"wp:term":[{"taxonomy":"category","embeddable":true,"href":"https:\/\/www.culmia.com\/es\/wp-json\/wp\/v2\/categories?post=27034"},{"taxonomy":"post_tag","embeddable":true,"href":"https:\/\/www.culmia.com\/es\/wp-json\/wp\/v2\/tags?post=27034"}],"curies":[{"name":"wp","href":"https:\/\/api.w.org\/{rel}","templated":true}]}}