{"id":25705,"date":"2025-09-25T08:45:47","date_gmt":"2025-09-25T06:45:47","guid":{"rendered":"https:\/\/culmia.dev.emood.es\/?p=25705"},"modified":"2025-11-17T10:50:48","modified_gmt":"2025-11-17T09:50:48","slug":"culmia-cierra-venta-edifici-marina-building","status":"publish","type":"post","link":"https:\/\/www.culmia.com\/es\/blog\/culmia-cierra-venta-edifici-marina-building\/","title":{"rendered":"Culmia ya ha cerrado la venta del 75% del EDIFICI 6\u00d3 Marina Building, referente de oficinas sostenibles en Barcelona"},"content":{"rendered":"<ul> <li>El inmueble, con seis de sus ocho plantas ya vendidas, se afianza como un polo de atracci\u00f3n para compa\u00f1\u00edas de referencia en los sectores tecnol\u00f3gico, sanitario e industrial.<\/li> <li>En el \u00faltimo a\u00f1o ha incorporado a Farmacia Motors, Grupo Empresas Masiques, ASUS Spain SLU y Grupo ETASA.<\/li> <li>El edificio mantiene disponibles sus dos \u00faltimas plantas en Passeig de la Zona Franca 19, en pleno enclave estrat\u00e9gico de Barcelona.<\/li> <\/ul> <p><img decoding=\"async\" class=\"aligncenter wp-image-25707\" src=\"https:\/\/www.culmia.com\/wp-content\/uploads\/2025\/09\/GO_8899-300x241.jpg\" alt=\" EDIFICI 6\u00d3 Marina Building\" width=\"644\" height=\"517\" title=\"\" srcset=\"https:\/\/www.culmia.com\/wp-content\/uploads\/2025\/09\/GO_8899-200x161.jpg 200w, https:\/\/www.culmia.com\/wp-content\/uploads\/2025\/09\/GO_8899-300x241.jpg 300w, https:\/\/www.culmia.com\/wp-content\/uploads\/2025\/09\/GO_8899-400x321.jpg 400w, https:\/\/www.culmia.com\/wp-content\/uploads\/2025\/09\/GO_8899-600x482.jpg 600w, https:\/\/www.culmia.com\/wp-content\/uploads\/2025\/09\/GO_8899-768x617.jpg 768w, https:\/\/www.culmia.com\/wp-content\/uploads\/2025\/09\/GO_8899-800x642.jpg 800w, https:\/\/www.culmia.com\/wp-content\/uploads\/2025\/09\/GO_8899-1024x822.jpg 1024w, https:\/\/www.culmia.com\/wp-content\/uploads\/2025\/09\/GO_8899-1200x963.jpg 1200w, https:\/\/www.culmia.com\/wp-content\/uploads\/2025\/09\/GO_8899-1536x1233.jpg 1536w\" sizes=\"(max-width: 644px) 100vw, 644px\" \/><\/p> <p><strong>23 de septiembre de 2025<\/strong> - Culmia, la plataforma inmobiliaria que concentra \u00edntegramente las soluciones de vivienda del mercado, avanza en la consolidaci\u00f3n del EDIFICI 6\u00d3 Marina Building, <strong>su edificio de oficinas en el distrito de La Marina del Prat Vermell de Barcelona, donde ya ha cerrado la venta de seis de sus ocho plantas.<\/strong><\/p> <p>En septiembre de 2024, el edificio incorpor\u00f3 a sus primeros ocupantes: Farmacia Motors, que inaugur\u00f3 su local en la planta baja, y el Grupo de Empresas Masiques, que traslad\u00f3 su sede corporativa a las dos plantas superiores (7\u00aa y 8\u00aa).<\/p> <p>Adem\u00e1s, durante el verano de 2025, Culmia formaliz\u00f3 la escritura p\u00fablica de compraventa con las multinacionales ASUSTek Computer Inc. (ASUS Spain SLU), que adquiri\u00f3 las plantas 1\u00aa, 2\u00aa y 3\u00aa, y Grupo ETASA, que compr\u00f3 la 6\u00aa planta.<\/p> <p>De esta forma, <strong>el EDIFICI 6\u00d3 Marina Building de Culmia se posiciona como uno de los proyectos de referencia en el segmento de oficinas del enclave estrat\u00e9gico de Barcelona,<\/strong> donde todav\u00eda dispone de dos plantas libres (4\u00aa y 5\u00aa) de 700 m2 cada una.<\/p> <p>Con una superficie de 5.472,5 m\u00b2 distribuidos en planta baja m\u00e1s ocho alturas, el edificio se sit\u00faa en el Passeig de la Zona Franca 19, esquina con la calle Cal Cis\u00f3, en un entorno que se est\u00e1 consolidando como nuevo distrito de negocios de Barcelona.<\/p> <p>Asimismo, en l\u00ednea con la <strong><a href=\"https:\/\/www.culmia.com\/es\/destino-culmia\/#sostenibilidad-y-salud\">apuesta de Culmia por la sostenibilidad,<\/a> cuenta con certificaci\u00f3n LEED GOLD, certificaci\u00f3n WELL GOLD y calificaci\u00f3n energ\u00e9tica A<\/strong>, est\u00e1 conectado a la red DHC de Ecoenergies con subestaci\u00f3n de frio y calor, y cuenta con plazas de parking de coche con cargadores el\u00e9ctricos.<\/p> <p>Seg\u00fan apunta Josep Mar\u00eda Cases, director territorial de Catalu\u00f1a y Este en Culmia, \u201cla consolidaci\u00f3n de nuestro EDIFICI 6\u00d3 Marina Building como sede de empresas l\u00edderes en sus respectivos sectores demuestra la capacidad del proyecto para atraer actividad econ\u00f3mica al nuevo distrito de negocios de La Marina. Al mismo tiempo, reforzamos la posici\u00f3n de Culmia como promotora de referencia en el segmento de oficinas sostenibles en Barcelona\u201d.<\/p> <p>Desde 2013, Culmia ya ha entregado m\u00e1s de 8.000 viviendas en m\u00e1s de 126 promociones.<\/p> <p>Te recomendamos leer esta nota de prensa escuchando nuestra playlist \u2018Destino, Catalu\u00f1a\u2019<\/p> <p><a href=\"https:\/\/www.culmia.com\/wp-content\/uploads\/2025\/09\/NdP.-Culmia-ya-ha-cerrado-la-venta-del-75-del-EDIFICI-6O-Marina-Building-referente-de-oficinas-sostenibles-en-Barcelona.pdf\" target=\"_blank\" rel=\"noopener\">Descarga la nota de prensa aqu\u00ed<\/a><\/p>","protected":false},"excerpt":{"rendered":"<p>El inmueble, con seis de sus ocho plantas ya vendidas, &#8230;<\/p>\n","protected":false},"author":15,"featured_media":25707,"comment_status":"open","ping_status":"open","sticky":false,"template":"","format":"standard","meta":{"_acf_changed":false,"footnotes":""},"categories":[121,1306,123],"tags":[1947],"class_list":["post-25705","post","type-post","status-publish","format-standard","has-post-thumbnail","hentry","category-actualidad","category-culmia","category-entrega","tag-edifici-6o-marina-building"],"acf":[],"_links":{"self":[{"href":"https:\/\/www.culmia.com\/es\/wp-json\/wp\/v2\/posts\/25705","targetHints":{"allow":["GET"]}}],"collection":[{"href":"https:\/\/www.culmia.com\/es\/wp-json\/wp\/v2\/posts"}],"about":[{"href":"https:\/\/www.culmia.com\/es\/wp-json\/wp\/v2\/types\/post"}],"author":[{"embeddable":true,"href":"https:\/\/www.culmia.com\/es\/wp-json\/wp\/v2\/users\/15"}],"replies":[{"embeddable":true,"href":"https:\/\/www.culmia.com\/es\/wp-json\/wp\/v2\/comments?post=25705"}],"version-history":[{"count":5,"href":"https:\/\/www.culmia.com\/es\/wp-json\/wp\/v2\/posts\/25705\/revisions"}],"predecessor-version":[{"id":28171,"href":"https:\/\/www.culmia.com\/es\/wp-json\/wp\/v2\/posts\/25705\/revisions\/28171"}],"wp:featuredmedia":[{"embeddable":true,"href":"https:\/\/www.culmia.com\/es\/wp-json\/wp\/v2\/media\/25707"}],"wp:attachment":[{"href":"https:\/\/www.culmia.com\/es\/wp-json\/wp\/v2\/media?parent=25705"}],"wp:term":[{"taxonomy":"category","embeddable":true,"href":"https:\/\/www.culmia.com\/es\/wp-json\/wp\/v2\/categories?post=25705"},{"taxonomy":"post_tag","embeddable":true,"href":"https:\/\/www.culmia.com\/es\/wp-json\/wp\/v2\/tags?post=25705"}],"curies":[{"name":"wp","href":"https:\/\/api.w.org\/{rel}","templated":true}]}}