{"id":19094,"date":"2021-05-03T12:28:15","date_gmt":"2021-05-03T10:28:15","guid":{"rendered":"https:\/\/culmia.dev.emood.es\/?p=19094"},"modified":"2025-09-15T12:30:04","modified_gmt":"2025-09-15T10:30:04","slug":"culmia-incorpora-a-jaime-jordana-como-nuevo-director-de-personas-y-organizacion","status":"publish","type":"post","link":"https:\/\/www.culmia.com\/es\/blog\/culmia-incorpora-a-jaime-jordana-como-nuevo-director-de-personas-y-organizacion\/","title":{"rendered":"Culmia incorpora a Jaime Jordana como nuevo Director de Personas y Organizaci\u00f3n"},"content":{"rendered":"<p><em>Jordana cuenta con m\u00e1s de dos d\u00e9cadas de experiencia gestionando el talento de compa\u00f1\u00edas como Pernod Ricard o Codere<\/em><\/p> <p><img decoding=\"async\" class=\"alignnone size-full wp-image-19095\" src=\"https:\/\/www.culmia.com\/wp-content\/uploads\/2025\/09\/th_jordana.jpg\" alt=\"\" width=\"1920\" height=\"905\" title=\"\" srcset=\"https:\/\/www.culmia.com\/wp-content\/uploads\/2025\/09\/th_jordana-200x94.jpg 200w, https:\/\/www.culmia.com\/wp-content\/uploads\/2025\/09\/th_jordana-300x141.jpg 300w, https:\/\/www.culmia.com\/wp-content\/uploads\/2025\/09\/th_jordana-400x189.jpg 400w, https:\/\/www.culmia.com\/wp-content\/uploads\/2025\/09\/th_jordana-600x283.jpg 600w, https:\/\/www.culmia.com\/wp-content\/uploads\/2025\/09\/th_jordana-768x362.jpg 768w, https:\/\/www.culmia.com\/wp-content\/uploads\/2025\/09\/th_jordana-800x377.jpg 800w, https:\/\/www.culmia.com\/wp-content\/uploads\/2025\/09\/th_jordana-1024x483.jpg 1024w, https:\/\/www.culmia.com\/wp-content\/uploads\/2025\/09\/th_jordana-1200x566.jpg 1200w, https:\/\/www.culmia.com\/wp-content\/uploads\/2025\/09\/th_jordana-1536x724.jpg 1536w, https:\/\/www.culmia.com\/wp-content\/uploads\/2025\/09\/th_jordana.jpg 1920w\" sizes=\"(max-width: 1920px) 100vw, 1920px\" \/><\/p> <p><strong>23 de marzo de 2021.-\u00a0<\/strong>Culmia, una de las principales promotoras inmobiliarias de Espa\u00f1a, anuncia el nombramiento de Jaime Jordana como nuevo Director de Personas y Organizaci\u00f3n. Con m\u00e1s de dos d\u00e9cadas de experiencia en la gesti\u00f3n de personas y talento, Jordana se integrar\u00e1 en el Comit\u00e9 de Direcci\u00f3n de la compa\u00f1\u00eda.<\/p> <p>Con car\u00e1cter previo a su incorporaci\u00f3n a Culmia, Jaime Jordana trabaj\u00f3 en Pernod Ricard, donde fue Director de Recursos Humanos de Espa\u00f1a y Portugal, y despu\u00e9s Director Corporativo de Talento para todo el Grupo \u2013compa\u00f1\u00eda para la que trabaj\u00f3 durante 19 a\u00f1os\u2013 o Codere, en la que desempe\u00f1aba el rol de Director de Recursos Humanos para Europa desde 2018. Jordana, que inici\u00f3 su trayectoria en PwC como consultor, cuenta asimismo con experiencia como\u00a0<em>coach<\/em>\u00a0ejecutivo.<\/p> <p>El nuevo director de Personas y Organizaci\u00f3n de Culmia ha liderado procesos de transformaci\u00f3n internos con la definici\u00f3n y ejecuci\u00f3n de estrategias de la gesti\u00f3n del talento para entornos competitivos. Ha ayudado tambi\u00e9n a las organizaciones en su desarrollo competencial con la implementaci\u00f3n de proyectos estrat\u00e9gicos centrados en la transformaci\u00f3n cultural y el cambio.<\/p> <p>En palabras de Francisco P\u00e9rez, Consejero Delegado de Culmia,\u00a0<em>\u201cla experiencia de Jaime en empresas de distintos sectores y liderando procesos de transformaci\u00f3n internos nos permitir\u00e1 fortalecer nuestra cultura corporativa y redoblar nuestro compromiso con la retenci\u00f3n y atracci\u00f3n del mejor talento\u201d<\/em>.<\/p> <p>Por su parte, el nuevo director de Personas y Organizaci\u00f3n de Culmia ha afirmado que\u00a0<em>\u201cpoder formar parte de un grupo que acaba de iniciar una nueva e ilusionante etapa bajo una marca renovada es un gran est\u00edmulo y un reto apasionante. Estoy expectante ante la perspectiva de generar una s\u00f3lida cultura interna y un gran orgullo de pertenencia entre los m\u00e1s de 100 profesionales que integramos la compa\u00f1\u00eda\u201d<\/em>.<\/p> <p>Licenciado en Derecho por la Universidad Complutense de Madrid y con un Programa de Direcci\u00f3n de Coaching Ejecutivo por IE, Jordana tambi\u00e9n es miembro de la IECA (International Executive Coaching Association) y evaluador certificado en metodolog\u00eda de AssessmentCenter.<\/p>","protected":false},"excerpt":{"rendered":"<p>Jordana cuenta con m\u00e1s de dos d\u00e9cadas de experiencia gestionando &#8230;<\/p>\n","protected":false},"author":15,"featured_media":19095,"comment_status":"open","ping_status":"open","sticky":false,"template":"","format":"standard","meta":{"_acf_changed":false,"footnotes":""},"categories":[121,1306],"tags":[],"class_list":["post-19094","post","type-post","status-publish","format-standard","has-post-thumbnail","hentry","category-actualidad","category-culmia"],"acf":[],"_links":{"self":[{"href":"https:\/\/www.culmia.com\/es\/wp-json\/wp\/v2\/posts\/19094","targetHints":{"allow":["GET"]}}],"collection":[{"href":"https:\/\/www.culmia.com\/es\/wp-json\/wp\/v2\/posts"}],"about":[{"href":"https:\/\/www.culmia.com\/es\/wp-json\/wp\/v2\/types\/post"}],"author":[{"embeddable":true,"href":"https:\/\/www.culmia.com\/es\/wp-json\/wp\/v2\/users\/15"}],"replies":[{"embeddable":true,"href":"https:\/\/www.culmia.com\/es\/wp-json\/wp\/v2\/comments?post=19094"}],"version-history":[{"count":1,"href":"https:\/\/www.culmia.com\/es\/wp-json\/wp\/v2\/posts\/19094\/revisions"}],"predecessor-version":[{"id":19098,"href":"https:\/\/www.culmia.com\/es\/wp-json\/wp\/v2\/posts\/19094\/revisions\/19098"}],"wp:featuredmedia":[{"embeddable":true,"href":"https:\/\/www.culmia.com\/es\/wp-json\/wp\/v2\/media\/19095"}],"wp:attachment":[{"href":"https:\/\/www.culmia.com\/es\/wp-json\/wp\/v2\/media?parent=19094"}],"wp:term":[{"taxonomy":"category","embeddable":true,"href":"https:\/\/www.culmia.com\/es\/wp-json\/wp\/v2\/categories?post=19094"},{"taxonomy":"post_tag","embeddable":true,"href":"https:\/\/www.culmia.com\/es\/wp-json\/wp\/v2\/tags?post=19094"}],"curies":[{"name":"wp","href":"https:\/\/api.w.org\/{rel}","templated":true}]}}