{"id":19061,"date":"2021-05-26T12:22:55","date_gmt":"2021-05-26T10:22:55","guid":{"rendered":"https:\/\/culmia.dev.emood.es\/?p=19061"},"modified":"2026-03-17T15:38:46","modified_gmt":"2026-03-17T14:38:46","slug":"culmia-lanza-una-nueva-promocion-en-la-playa-del-arbeyal-de-gijon","status":"publish","type":"post","link":"https:\/\/www.culmia.com\/es\/blog\/culmia-lanza-una-nueva-promocion-en-la-playa-del-arbeyal-de-gijon\/","title":{"rendered":"Culmia lanza una nueva promoci\u00f3n en la playa del Arbeyal de Gij\u00f3n"},"content":{"rendered":"<ul> <li><em>Est\u00e1 compuesta por 48 viviendas plurifamiliares de 2, 3 y 4 dormitorios en las que todas sus terrazas cuentan con orientaci\u00f3n al<\/em><\/li> <\/ul> <ul> <li><em>La promoci\u00f3n, adaptada al entorno, dispone de una instalaci\u00f3n de alta eficiencia energ\u00e9tica y cuenta con una calificaci\u00f3n energ\u00e9tica<\/em><\/li> <\/ul> <ul> <li><em>La promotora Culmia suma ya en el Principado m\u00e1s de 350 viviendas distribuidas en 7<\/em><\/li> <\/ul> <p><em> <img decoding=\"async\" class=\"alignnone size-full wp-image-19062\" src=\"https:\/\/www.culmia.com\/wp-content\/uploads\/2025\/09\/th_Culmia-Arbeyal.jpg\" alt=\"\" width=\"1920\" height=\"905\" title=\"\" srcset=\"https:\/\/www.culmia.com\/wp-content\/uploads\/2025\/09\/th_Culmia-Arbeyal-200x94.jpg 200w, https:\/\/www.culmia.com\/wp-content\/uploads\/2025\/09\/th_Culmia-Arbeyal-300x141.jpg 300w, https:\/\/www.culmia.com\/wp-content\/uploads\/2025\/09\/th_Culmia-Arbeyal-400x189.jpg 400w, https:\/\/www.culmia.com\/wp-content\/uploads\/2025\/09\/th_Culmia-Arbeyal-600x283.jpg 600w, https:\/\/www.culmia.com\/wp-content\/uploads\/2025\/09\/th_Culmia-Arbeyal-768x362.jpg 768w, https:\/\/www.culmia.com\/wp-content\/uploads\/2025\/09\/th_Culmia-Arbeyal-800x377.jpg 800w, https:\/\/www.culmia.com\/wp-content\/uploads\/2025\/09\/th_Culmia-Arbeyal-1024x483.jpg 1024w, https:\/\/www.culmia.com\/wp-content\/uploads\/2025\/09\/th_Culmia-Arbeyal-1200x566.jpg 1200w, https:\/\/www.culmia.com\/wp-content\/uploads\/2025\/09\/th_Culmia-Arbeyal-1536x724.jpg 1536w, https:\/\/www.culmia.com\/wp-content\/uploads\/2025\/09\/th_Culmia-Arbeyal.jpg 1920w\" sizes=\"(max-width: 1920px) 100vw, 1920px\" \/><\/em><\/p> <p><strong>26<\/strong>\u00a0<strong>de<\/strong>\u00a0<strong>mayo<\/strong>\u00a0<strong>de<\/strong>\u00a0<strong>2021<\/strong>\u00a0<strong>.\u2013<\/strong>\u00a0Culmia, una de las principales promotoras inmobiliarias de Espa\u00f1a, lanza la promoci\u00f3n<a href=\"https:\/\/www.culmia.com\/es\/promociones\/asturias\/gijon\/culmia-arbeyal-gijon\" target=\"_blank\" rel=\"noopener\">\u00a0Culmia Arbeyal Gij\u00f3n<\/a>, situada en la playa del mismo nombre y entre los barrios de La Calzada y Natahoyo. El proyecto consta de 48 viviendas plurifamiliares de 2, 3 y 4 dormitorios, con una superficie que var\u00eda entre los 91 m\u00b2 y los 170m\u00b2, 60 plazas de garaje y 50 trasteros.<\/p> <p>Todas las viviendas cuentan con amplias terrazas con orientaci\u00f3n al mar. La promoci\u00f3n dispone de Espacios Comunes Interiores como el Espacio Club Social y de zona de juegos infantiles, para familias que precisen de espacios de sociabilizaci\u00f3n en un entorno privilegiado cercano a la conocida playa del Arbeyal.<\/p> <p>Culmia cuenta ya en el <a href=\"https:\/\/youtu.be\/H_EgkhiFh3E\" rel=\"nofollow noopener\" target=\"_blank\">Principado de Asturias<\/a> con un parque para m\u00e1s de 350 viviendas distribuidas en 7 proyectos.<\/p> <p>Culmia Arbeyal Gij\u00f3n destaca por su marcado car\u00e1cter sostenible avalado por la calificaci\u00f3n energ\u00e9tica A, la m\u00e1s alta. Todas las viviendas de la promoci\u00f3n est\u00e1n construidas y equipadas con materiales de primera calidad y con un aislamiento de fachada que permite controlar la temperatura en el interior del edificio. Su instalaci\u00f3n de alta eficiencia energ\u00e9tica hace uso de calderas comunitarias de alto rendimiento que producen agua caliente sanitaria y calefacci\u00f3n. Asimismo, el edificio dispone de contadores de consumo individuales y adaptados que permiten reducir el gasto energ\u00e9tico.<\/p> <p>Seg\u00fan Javier del Castillo, Director Territorial Centro y Norte de Culmia, \u201cse trata de una zona que en los \u00faltimos a\u00f1os ha protagonizado una gran transformaci\u00f3n debido al desplazamiento de la industria hacia la periferia, aumentando durante los \u00faltimos a\u00f1os su oferta de servicios y espacios verdes\u201d.<\/p> <p>&nbsp;<\/p>","protected":false},"excerpt":{"rendered":"<p>Est\u00e1 compuesta por 48 viviendas plurifamiliares de 2, 3 y &#8230;<\/p>\n","protected":false},"author":15,"featured_media":19062,"comment_status":"open","ping_status":"open","sticky":false,"template":"","format":"standard","meta":{"_acf_changed":false,"footnotes":""},"categories":[121,1306],"tags":[],"class_list":["post-19061","post","type-post","status-publish","format-standard","has-post-thumbnail","hentry","category-actualidad","category-culmia"],"acf":[],"_links":{"self":[{"href":"https:\/\/www.culmia.com\/es\/wp-json\/wp\/v2\/posts\/19061","targetHints":{"allow":["GET"]}}],"collection":[{"href":"https:\/\/www.culmia.com\/es\/wp-json\/wp\/v2\/posts"}],"about":[{"href":"https:\/\/www.culmia.com\/es\/wp-json\/wp\/v2\/types\/post"}],"author":[{"embeddable":true,"href":"https:\/\/www.culmia.com\/es\/wp-json\/wp\/v2\/users\/15"}],"replies":[{"embeddable":true,"href":"https:\/\/www.culmia.com\/es\/wp-json\/wp\/v2\/comments?post=19061"}],"version-history":[{"count":3,"href":"https:\/\/www.culmia.com\/es\/wp-json\/wp\/v2\/posts\/19061\/revisions"}],"predecessor-version":[{"id":31844,"href":"https:\/\/www.culmia.com\/es\/wp-json\/wp\/v2\/posts\/19061\/revisions\/31844"}],"wp:featuredmedia":[{"embeddable":true,"href":"https:\/\/www.culmia.com\/es\/wp-json\/wp\/v2\/media\/19062"}],"wp:attachment":[{"href":"https:\/\/www.culmia.com\/es\/wp-json\/wp\/v2\/media?parent=19061"}],"wp:term":[{"taxonomy":"category","embeddable":true,"href":"https:\/\/www.culmia.com\/es\/wp-json\/wp\/v2\/categories?post=19061"},{"taxonomy":"post_tag","embeddable":true,"href":"https:\/\/www.culmia.com\/es\/wp-json\/wp\/v2\/tags?post=19061"}],"curies":[{"name":"wp","href":"https:\/\/api.w.org\/{rel}","templated":true}]}}