{"id":19052,"date":"2021-05-28T12:19:56","date_gmt":"2021-05-28T10:19:56","guid":{"rendered":"https:\/\/culmia.dev.emood.es\/?p=19052"},"modified":"2025-09-15T12:21:06","modified_gmt":"2025-09-15T10:21:06","slug":"culmia-se-estrena-en-el-salon-inmobiliario-de-madrid-2021","status":"publish","type":"post","link":"https:\/\/www.culmia.com\/es\/blog\/culmia-se-estrena-en-el-salon-inmobiliario-de-madrid-2021\/","title":{"rendered":"Culmia se estrena en el Sal\u00f3n Inmobiliario de Madrid 2021"},"content":{"rendered":"<p><img decoding=\"async\" class=\"alignnone size-full wp-image-19053\" src=\"https:\/\/www.culmia.com\/wp-content\/uploads\/2025\/09\/th_culmia-sima.jpg\" alt=\"\" width=\"1920\" height=\"905\" title=\"\" srcset=\"https:\/\/www.culmia.com\/wp-content\/uploads\/2025\/09\/th_culmia-sima-200x94.jpg 200w, https:\/\/www.culmia.com\/wp-content\/uploads\/2025\/09\/th_culmia-sima-300x141.jpg 300w, https:\/\/www.culmia.com\/wp-content\/uploads\/2025\/09\/th_culmia-sima-400x189.jpg 400w, https:\/\/www.culmia.com\/wp-content\/uploads\/2025\/09\/th_culmia-sima-600x283.jpg 600w, https:\/\/www.culmia.com\/wp-content\/uploads\/2025\/09\/th_culmia-sima-768x362.jpg 768w, https:\/\/www.culmia.com\/wp-content\/uploads\/2025\/09\/th_culmia-sima-800x377.jpg 800w, https:\/\/www.culmia.com\/wp-content\/uploads\/2025\/09\/th_culmia-sima-1024x483.jpg 1024w, https:\/\/www.culmia.com\/wp-content\/uploads\/2025\/09\/th_culmia-sima-1200x566.jpg 1200w, https:\/\/www.culmia.com\/wp-content\/uploads\/2025\/09\/th_culmia-sima-1536x724.jpg 1536w, https:\/\/www.culmia.com\/wp-content\/uploads\/2025\/09\/th_culmia-sima.jpg 1920w\" sizes=\"(max-width: 1920px) 100vw, 1920px\" \/><\/p> <p>SIMA, la feria inmobiliaria con mayor oferta de viviendas y servicios abre sus puertas desde este jueves 27 en IFEMA, Madrid. Se trata del mayor evento inmobiliario de Espa\u00f1a y una de las citas m\u00e1s importantes en el panorama inmobiliario residencial, un punto de encuentro importante para el sector y para detectar oportunidades de inversi\u00f3n y negocio.<\/p> <p>Este a\u00f1o, con muchas ganas, sentimos verdaderamente que volvemos. El covid ha impedido muchos eventos sociales y el SIMA se presenta como un reencuentro para el sector en el que Culmia estar\u00e1 presente con un impresionante stand donde muestra su amplia oferta residencial de obra nueva en la Comunidad de Madrid y la Costa Blanca.<\/p> <p>&nbsp;<\/p> <h2><strong>\u00bfQu\u00e9 promociones podr\u00e1s encontrar en el stand?<\/strong><\/h2> <p>&nbsp;<\/p> <p>Dicen que los sue\u00f1os no est\u00e1n para ser cumplidos, est\u00e1n para ser vividos. Por ello, cuando visites nuestro stand sentir\u00e1s que formas parte de un viaje en el que iremos de la mano contigo para que el destino sea que encuentres el hogar que buscas.<\/p> <p>Como estamos seguros de que alguna de nuestras promociones te gustar\u00e1 queremos acercarte ya un poco m\u00e1s a vivir un sue\u00f1o con nuestras promociones:<\/p> <p>&nbsp;<\/p> <h2><strong>Comunidad de Madrid:<\/strong><\/h2> <p><strong>\u00a0<\/strong><\/p> <p><strong>Culmia Alcal\u00e1 Ciudadela:<\/strong>\u00a0es una promoci\u00f3n de 70 viviendas de 2, 3 y 4 dormitorios distribuidas desde una planta baja con patio hasta una sexta altura formada por \u00e1ticos. Cuenta con Espacios Comunes como Piscina, Zona Infantil, Pista de P\u00e1del y Zonas Ajardinadas<\/p> <p><strong>Culmia Altos de Villaverde:\u00a0<\/strong>es un complejo residencial de obra nueva compuesto por 89 viviendas plurifamiliares de 2, 3 y 4 dormitorios. Adem\u00e1s, las viviendas cuentan con al menos una plaza de garaje y trastero propio. Cuenta con Espacios Comunes como Zonas Ajardinadas, Piscina Comunitaria, Zona Infantil y Espacio Club Social.<\/p> <p><strong>Culmia East Village:<\/strong>\u00a0est\u00e1 formada por 73 chalets unifamiliares de 4 dormitorios. Amplias viviendas con jard\u00edn, terrazas y sol\u00e1rium. En la planta s\u00f3tano se encuentran el lavadero, el s\u00f3tano y las 2 plazas de aparcamiento.<\/p> <p><strong>Culmia Innova Torrej\u00f3n:\u00a0<\/strong>es una urbanizaci\u00f3n privada y exclusiva formada por 92 viviendas plurifamiliares y \u00e1ticos de 2, 3, 4 y 5 dormitorios con trastero y plaza de garaje. \u00a0Cuenta con espacios comunes como Piscina Comunitaria, Zonas Ajardinadas y Pista de P\u00e1del.<\/p> <p><strong>Culmia Dehesa de Guadarrama:\u00a0<\/strong>est\u00e1 formada por 42 viviendas plurifamiliares de 3 y 4 dormitorios.\u00a0 Todas las viviendas cuentan con terraza y plazas de garaje en plantas s\u00f3tano. Cuenta con Espacios Comunes como Piscina, Zona Infantil y Zonas Ajardinadas.<\/p> <p>&nbsp;<\/p> <h2><strong>Costa Blanca:<\/strong><\/h2> <p><strong>Culmia El Fort\u00ed de Denia:<\/strong>\u00a0consta de 35 viviendas plurifamiliaresy 35 plazas de garaje en planta s\u00f3tano. Viviendas exteriores de 2 y 3 dormitorios con terraza. Las plantas bajas disponen de su propio jard\u00edn privado. Cuenta con Espacios Comunes como Piscina y Solarium.<\/p> <p><strong>Culmia San Juan Torre V:\u00a0<\/strong>est\u00e1 formada por 79 viviendas distribuidas en un edificio de 9 plantas con espectaculares espacios comunes. \u00a0Cuenta con viviendas exteriores de 3 y 4 dormitorios con amplias terrazas. Pisos de obra nueva a 5 minutos de la playa. Cuenta con Espacios Comunes como Piscina, Zona Infantil, Piscina de P\u00e1del, Zonas Ajardinadas, Espacio Gym y Espacio Club Social.<\/p> <p>&nbsp;<\/p> <p>Tambi\u00e9n, podr\u00e1s informarte de promociones que lanzaremos pr\u00f3ximamente:\u00a0<strong>Culmia Pozuelo de Alarc\u00f3n, Culmia Retamar Alcorc\u00f3n y Culmia Abantos El Escorial.<\/strong><\/p> <p><strong>\u00a0<\/strong><\/p> <p>El 27, 28 y 29 de 11:00 a 20:00 horas; y 30 de mayo de 11:00 a 15:00 horas estaremos all\u00ed para acompa\u00f1arte en el proceso de b\u00fasqueda de tu nuevo hogar. Te esperamos.<\/p> <p>&nbsp;<\/p>","protected":false},"excerpt":{"rendered":"<p>SIMA, la feria inmobiliaria con mayor oferta de viviendas y &#8230;<\/p>\n","protected":false},"author":15,"featured_media":19053,"comment_status":"open","ping_status":"open","sticky":false,"template":"","format":"standard","meta":{"_acf_changed":false,"footnotes":""},"categories":[121,1306],"tags":[],"class_list":["post-19052","post","type-post","status-publish","format-standard","has-post-thumbnail","hentry","category-actualidad","category-culmia"],"acf":[],"_links":{"self":[{"href":"https:\/\/www.culmia.com\/es\/wp-json\/wp\/v2\/posts\/19052","targetHints":{"allow":["GET"]}}],"collection":[{"href":"https:\/\/www.culmia.com\/es\/wp-json\/wp\/v2\/posts"}],"about":[{"href":"https:\/\/www.culmia.com\/es\/wp-json\/wp\/v2\/types\/post"}],"author":[{"embeddable":true,"href":"https:\/\/www.culmia.com\/es\/wp-json\/wp\/v2\/users\/15"}],"replies":[{"embeddable":true,"href":"https:\/\/www.culmia.com\/es\/wp-json\/wp\/v2\/comments?post=19052"}],"version-history":[{"count":2,"href":"https:\/\/www.culmia.com\/es\/wp-json\/wp\/v2\/posts\/19052\/revisions"}],"predecessor-version":[{"id":19056,"href":"https:\/\/www.culmia.com\/es\/wp-json\/wp\/v2\/posts\/19052\/revisions\/19056"}],"wp:featuredmedia":[{"embeddable":true,"href":"https:\/\/www.culmia.com\/es\/wp-json\/wp\/v2\/media\/19053"}],"wp:attachment":[{"href":"https:\/\/www.culmia.com\/es\/wp-json\/wp\/v2\/media?parent=19052"}],"wp:term":[{"taxonomy":"category","embeddable":true,"href":"https:\/\/www.culmia.com\/es\/wp-json\/wp\/v2\/categories?post=19052"},{"taxonomy":"post_tag","embeddable":true,"href":"https:\/\/www.culmia.com\/es\/wp-json\/wp\/v2\/tags?post=19052"}],"curies":[{"name":"wp","href":"https:\/\/api.w.org\/{rel}","templated":true}]}}