{"id":19029,"date":"2021-06-18T11:58:24","date_gmt":"2021-06-18T09:58:24","guid":{"rendered":"https:\/\/culmia.dev.emood.es\/?p=19029"},"modified":"2025-09-15T11:58:59","modified_gmt":"2025-09-15T09:58:59","slug":"desde-capital-radio-analizamos-junto-a-neinor-habitat-y-viveme-nuestra-experiencia-en-sima-2021","status":"publish","type":"post","link":"https:\/\/www.culmia.com\/es\/blog\/desde-capital-radio-analizamos-junto-a-neinor-habitat-y-viveme-nuestra-experiencia-en-sima-2021\/","title":{"rendered":"Desde Capital Radio analizamos junto a Neinor, Habitat y V\u00edveme nuestra experiencia en SIMA 2021"},"content":{"rendered":"<p><img decoding=\"async\" class=\"alignnone size-full wp-image-19030\" src=\"https:\/\/www.culmia.com\/wp-content\/uploads\/2025\/09\/th_debate-sima.png\" alt=\"\" width=\"1920\" height=\"905\" title=\"\" srcset=\"https:\/\/www.culmia.com\/wp-content\/uploads\/2025\/09\/th_debate-sima-200x94.png 200w, https:\/\/www.culmia.com\/wp-content\/uploads\/2025\/09\/th_debate-sima-300x141.png 300w, https:\/\/www.culmia.com\/wp-content\/uploads\/2025\/09\/th_debate-sima-400x189.png 400w, https:\/\/www.culmia.com\/wp-content\/uploads\/2025\/09\/th_debate-sima-600x283.png 600w, https:\/\/www.culmia.com\/wp-content\/uploads\/2025\/09\/th_debate-sima-768x362.png 768w, https:\/\/www.culmia.com\/wp-content\/uploads\/2025\/09\/th_debate-sima-800x377.png 800w, https:\/\/www.culmia.com\/wp-content\/uploads\/2025\/09\/th_debate-sima-1024x483.png 1024w, https:\/\/www.culmia.com\/wp-content\/uploads\/2025\/09\/th_debate-sima-1200x566.png 1200w, https:\/\/www.culmia.com\/wp-content\/uploads\/2025\/09\/th_debate-sima-1536x724.png 1536w, https:\/\/www.culmia.com\/wp-content\/uploads\/2025\/09\/th_debate-sima.png 1920w\" sizes=\"(max-width: 1920px) 100vw, 1920px\" \/><\/p> <p>Ayer, en Capital Radio, Cristina Ontoso directora comercial y de marketing de CULMIA ha participado junto a Silvia \u00c1lvarez, directora de marketing en Neinor Homes, Carmen Rom\u00e1n, directora Comercial en Habitat Inmobiliaria y Mariam Mart\u00edn, presidenta de V\u00edveme en el debate de Inversi\u00f3n Inmobiliaria dirigido por Meli Torres para analizar SIMA 2021.<\/p> <p>Desde CULMIA hemos llevado un producto muy variado, desde promociones de primera residencia en Madrid y sus alrededores, hasta promociones de costa, concretamente en Alicante y Denia, explicaba Cristina.<\/p> <p>Las promociones que hemos ofrecido en el SIMA han sido 10, 5 de ellas en comercializaci\u00f3n en Madrid como son<a href=\"https:\/\/www.culmia.com\/es\/promociones\/madrid\/madrid\/culmia-altos-de-villaverde\" target=\"_blank\" rel=\"noopener\">\u00a0Culmia Altos Villaverde<\/a>, Culmia East Village M\u00f3stoles, Culmia Innova Torrej\u00f3n,\u00a0<a href=\"https:\/\/www.culmia.com\/es\/promociones\/madrid\/guadarrama\" target=\"_blank\" rel=\"noopener\">Culmia Dehesa Guadarrama<\/a>\u00a0y<a href=\"https:\/\/www.culmia.com\/es\/promociones\/madrid\/alcala-de-henares\/culmia-alcala-ciudadela-ii\" target=\"_blank\" rel=\"noopener\">\u00a0Culmia Alcal\u00e1 Ciudadela\u00a0<\/a>en Alcal\u00e1 de Henares, 2 de ellas en comercializaci\u00f3n en costa como son Culmia San Juan Torre V en Alicante y\u00a0<a href=\"https:\/\/www.culmia.com\/es\/promociones\/alicante\/denia\/culmia-el-forti-de-denia\" target=\"_blank\" rel=\"noopener\">Culmia El Fort\u00ed de Denia<\/a>\u00a0y 3 de ellas en pr\u00f3ximos lanzamientos como son Culmia Abantos El Escorial, Culmia Retamar de la Huerta y Culmia Pozuelo.<\/p> <p>CULMIA ha llevado un stand diferente a lo que habitualmente se ve en este tipo de ferias. Se trata de un espacio de dise\u00f1o muy innovador pero muy pr\u00e1ctico que permit\u00eda informar a los clientes de una forma segura y acceder con facilidad, adem\u00e1s de contar con una gran pantalla donde se ha proyectado un video con todas las promociones y servicios. Cada una de las promociones ha estado representada con un icono de ubicaci\u00f3n y el viaje que hace el cliente cuando compra una vivienda hasta llegar a su Destino, su hogar.<\/p> <p>Desde CULMIA hemos ofrecido a nuestros clientes:<\/p> <ul> <li>La apuesta por la innovaci\u00f3n en materia medioambiental, buscando que nuestras viviendas dispongan de una calificaci\u00f3n energ\u00e9tica A.<\/li> <li>El dise\u00f1o y comodidad del interior de las viviendas CULMIA que buscan satisfacer las necesidades de los futuros propietarios.<\/li> <li>La personalizaci\u00f3n de la vivienda, el cliente puede disponer de distintas alternativas, acordes a sus gustos y necesidades. De esta manera el cliente podr\u00e1 elegir entre diferentes materiales, colores y texturas que le ofrecemos para las paredes, suelos, armarios y cocina.<\/li> <\/ul> <p>A los clientes del stand les hemos entregado un pasaporte que era el viaje por 10 paradas que representaban las distintas promociones, donde pod\u00edan encontrar la informaci\u00f3n de cada una de ellas e ir sellando cada promoci\u00f3n a medida que eran informados por nuestro equipo comercial Nuestro objetivo ha sido ir de la mano de nuestros clientes con el fin que su destino sea encontrar su nuevo hogar.<\/p> <p>Gracias a este tipo de ferias se da a conocer al cliente las distintas promociones que en este momento est\u00e1n en el mercado inmobiliario. En el caso de CULMIA resulta un magnifico escaparate para dar a conocer nuestra marca y nuestros productos.<\/p> <p>Cristina, conclu\u00eda el debate explicando el inter\u00e9s y demanda por la vivienda nueva en Espa\u00f1a y que esto demostraba la fortaleza del sector que est\u00e1 preparado para ofrecer novedosas soluciones durante los pr\u00f3ximos a\u00f1os. Estamos en un momento muy bueno para potenciales compradores y seguro que superaremos ampliamente los resultados de a\u00f1os anteriores.<\/p>","protected":false},"excerpt":{"rendered":"<p>Ayer, en Capital Radio, Cristina Ontoso directora comercial y de &#8230;<\/p>\n","protected":false},"author":15,"featured_media":19030,"comment_status":"open","ping_status":"open","sticky":false,"template":"","format":"standard","meta":{"_acf_changed":false,"footnotes":""},"categories":[121,1306],"tags":[],"class_list":["post-19029","post","type-post","status-publish","format-standard","has-post-thumbnail","hentry","category-actualidad","category-culmia"],"acf":[],"_links":{"self":[{"href":"https:\/\/www.culmia.com\/es\/wp-json\/wp\/v2\/posts\/19029","targetHints":{"allow":["GET"]}}],"collection":[{"href":"https:\/\/www.culmia.com\/es\/wp-json\/wp\/v2\/posts"}],"about":[{"href":"https:\/\/www.culmia.com\/es\/wp-json\/wp\/v2\/types\/post"}],"author":[{"embeddable":true,"href":"https:\/\/www.culmia.com\/es\/wp-json\/wp\/v2\/users\/15"}],"replies":[{"embeddable":true,"href":"https:\/\/www.culmia.com\/es\/wp-json\/wp\/v2\/comments?post=19029"}],"version-history":[{"count":2,"href":"https:\/\/www.culmia.com\/es\/wp-json\/wp\/v2\/posts\/19029\/revisions"}],"predecessor-version":[{"id":19033,"href":"https:\/\/www.culmia.com\/es\/wp-json\/wp\/v2\/posts\/19029\/revisions\/19033"}],"wp:featuredmedia":[{"embeddable":true,"href":"https:\/\/www.culmia.com\/es\/wp-json\/wp\/v2\/media\/19030"}],"wp:attachment":[{"href":"https:\/\/www.culmia.com\/es\/wp-json\/wp\/v2\/media?parent=19029"}],"wp:term":[{"taxonomy":"category","embeddable":true,"href":"https:\/\/www.culmia.com\/es\/wp-json\/wp\/v2\/categories?post=19029"},{"taxonomy":"post_tag","embeddable":true,"href":"https:\/\/www.culmia.com\/es\/wp-json\/wp\/v2\/tags?post=19029"}],"curies":[{"name":"wp","href":"https:\/\/api.w.org\/{rel}","templated":true}]}}