{"id":19024,"date":"2021-06-21T11:57:39","date_gmt":"2021-06-21T09:57:39","guid":{"rendered":"https:\/\/culmia.dev.emood.es\/?p=19024"},"modified":"2025-09-15T11:58:15","modified_gmt":"2025-09-15T09:58:15","slug":"culmia-lanza-en-mataro-la-promocion-de-vivienda-de-proteccion-oficial-culmia-monturiol-mar","status":"publish","type":"post","link":"https:\/\/www.culmia.com\/es\/blog\/culmia-lanza-en-mataro-la-promocion-de-vivienda-de-proteccion-oficial-culmia-monturiol-mar\/","title":{"rendered":"Culmia lanza en Matar\u00f3 la promoci\u00f3n de Vivienda de Protecci\u00f3n Oficial Culmia Monturiol Mar"},"content":{"rendered":"<ul> <li>El residencial est\u00e1 formado por 83 viviendas de 2, 3 y 4 dormitorios m\u00e1s plazas de garaje, trasteros y 4 locales<\/li> <\/ul> <p>&nbsp;<\/p> <ul> <li>La promoci\u00f3n cuenta con la calificaci\u00f3n energ\u00e9tica A y todas las viviendas ser\u00e1n de Protecci\u00f3n Oficial: 55 viviendas de r\u00e9gimen general y 28 viviendas de r\u00e9gimen<\/li> <\/ul> <p><img decoding=\"async\" class=\"alignnone size-full wp-image-19025\" src=\"https:\/\/www.culmia.com\/wp-content\/uploads\/2025\/09\/th_Monturiol.png\" alt=\"\" width=\"1920\" height=\"905\" title=\"\" srcset=\"https:\/\/www.culmia.com\/wp-content\/uploads\/2025\/09\/th_Monturiol-200x94.png 200w, https:\/\/www.culmia.com\/wp-content\/uploads\/2025\/09\/th_Monturiol-300x141.png 300w, https:\/\/www.culmia.com\/wp-content\/uploads\/2025\/09\/th_Monturiol-400x189.png 400w, https:\/\/www.culmia.com\/wp-content\/uploads\/2025\/09\/th_Monturiol-600x283.png 600w, https:\/\/www.culmia.com\/wp-content\/uploads\/2025\/09\/th_Monturiol-768x362.png 768w, https:\/\/www.culmia.com\/wp-content\/uploads\/2025\/09\/th_Monturiol-800x377.png 800w, https:\/\/www.culmia.com\/wp-content\/uploads\/2025\/09\/th_Monturiol-1024x483.png 1024w, https:\/\/www.culmia.com\/wp-content\/uploads\/2025\/09\/th_Monturiol-1200x566.png 1200w, https:\/\/www.culmia.com\/wp-content\/uploads\/2025\/09\/th_Monturiol-1536x724.png 1536w, https:\/\/www.culmia.com\/wp-content\/uploads\/2025\/09\/th_Monturiol.png 1920w\" sizes=\"(max-width: 1920px) 100vw, 1920px\" \/><\/p> <p><strong>21 junio de 2021 .\u2013\u00a0<\/strong>Culmia, una de las principales promotoras inmobiliarias de Espa\u00f1a, inicia el lanzamiento de la promoci\u00f3n Culmia Monturiol Mar, un complejo residencial de Protecci\u00f3n Oficial situado en el municipio de Matar\u00f3 formado por 83 viviendas m\u00e1s plazas de garaje, trasteros y 4 locales comerciales, y muy pr\u00f3ximo al puerto deportivo de la ciudad.<\/p> <p>Culmia Monturiol Mar comprende un edificio de 6 alturas que dispone de viviendas plurifamiliares de 2, 3 y 4 dormitorios cuya superficie oscila entre los 65 m\u00b2 y los 90 m\u00b2. Las viviendas cuentan con amplias terrazas y con el valor a\u00f1adido de tener vistas al mar. Adem\u00e1s, la distribuci\u00f3n de los hogares ha sido pensada para proporcionar el m\u00e1ximo bienestar de las familias.<\/p> <p>Tras este lanzamiento, Culmia dispone ya de 38 proyectos en Catalu\u00f1a, que suponen cerca de 1.700 viviendas.<\/p> <p>Esta promoci\u00f3n de\u00a0<a href=\"https:\/\/www.culmia.com\/es\/promociones\/barcelona\/mataro\" target=\"_blank\" rel=\"noopener\">obra nueva en Matar\u00f3<\/a>\u00a0destaca por su calificaci\u00f3n energ\u00e9tica A debido a, entre otros aspectos enfocados en el ahorro energ\u00e9tico y la sostenibilidad, un sistema de aislamiento continuo de la fachada que envuelve al edificio para evitar la p\u00e9rdida o el incremento de temperatura en el interior de los hogares.<\/p> <p>En palabras de Josep Mar\u00eda Cases, Director Territorial de Catalu\u00f1a, \u201cCulmia Monturiol Mar es una opci\u00f3n de vivienda ideal para todo tipo de familias por las posibilidades que ofrece de vivir en una ciudad como Matar\u00f3, dispone de todos los servicios necesarios y situada a escasos 30km de la capital catalana y donde adem\u00e1s es posible disfrutar de la cercan\u00eda del mar\u201d.<\/p> <p>Ubicada muy cerca del puerto deportivo de Matar\u00f3 y del centro universitario Tecno Campus, Culmia Monturiol Mar se encuentra a escasa distancia del centro de la ciudad donde est\u00e1n localizados todos los servicios y espacios para el ocio y deporte. Adem\u00e1s, cuenta con buenas conexiones tanto de transporte p\u00fablico, con la estaci\u00f3n de Renfe Cercan\u00edas muy pr\u00f3xima, como excelentes comunicaciones con autov\u00edas y autopistas como la C-32 y la C-60 que conectan con Barcelona.<\/p> <p>Desde 2013, Culmia ha entregado ma\u0301s de 5.000 viviendas en toda Espa\u00f1a y cuenta con una cartera en comercializacio\u0301n de 80 promociones y 4.000 viviendas y con suelo para desarrollar 11.000 viviendas m\u00e1s.<\/p>","protected":false},"excerpt":{"rendered":"<p>El residencial est\u00e1 formado por 83 viviendas de 2, 3 &#8230;<\/p>\n","protected":false},"author":15,"featured_media":19025,"comment_status":"open","ping_status":"open","sticky":false,"template":"","format":"standard","meta":{"_acf_changed":false,"footnotes":""},"categories":[121,1306],"tags":[],"class_list":["post-19024","post","type-post","status-publish","format-standard","has-post-thumbnail","hentry","category-actualidad","category-culmia"],"acf":[],"_links":{"self":[{"href":"https:\/\/www.culmia.com\/es\/wp-json\/wp\/v2\/posts\/19024","targetHints":{"allow":["GET"]}}],"collection":[{"href":"https:\/\/www.culmia.com\/es\/wp-json\/wp\/v2\/posts"}],"about":[{"href":"https:\/\/www.culmia.com\/es\/wp-json\/wp\/v2\/types\/post"}],"author":[{"embeddable":true,"href":"https:\/\/www.culmia.com\/es\/wp-json\/wp\/v2\/users\/15"}],"replies":[{"embeddable":true,"href":"https:\/\/www.culmia.com\/es\/wp-json\/wp\/v2\/comments?post=19024"}],"version-history":[{"count":2,"href":"https:\/\/www.culmia.com\/es\/wp-json\/wp\/v2\/posts\/19024\/revisions"}],"predecessor-version":[{"id":19028,"href":"https:\/\/www.culmia.com\/es\/wp-json\/wp\/v2\/posts\/19024\/revisions\/19028"}],"wp:featuredmedia":[{"embeddable":true,"href":"https:\/\/www.culmia.com\/es\/wp-json\/wp\/v2\/media\/19025"}],"wp:attachment":[{"href":"https:\/\/www.culmia.com\/es\/wp-json\/wp\/v2\/media?parent=19024"}],"wp:term":[{"taxonomy":"category","embeddable":true,"href":"https:\/\/www.culmia.com\/es\/wp-json\/wp\/v2\/categories?post=19024"},{"taxonomy":"post_tag","embeddable":true,"href":"https:\/\/www.culmia.com\/es\/wp-json\/wp\/v2\/tags?post=19024"}],"curies":[{"name":"wp","href":"https:\/\/api.w.org\/{rel}","templated":true}]}}