{"id":18979,"date":"2021-08-02T11:48:44","date_gmt":"2021-08-02T09:48:44","guid":{"rendered":"https:\/\/culmia.dev.emood.es\/?p=18979"},"modified":"2025-09-15T11:49:31","modified_gmt":"2025-09-15T09:49:31","slug":"agustin-cordon-nuevo-presidente-de-culmia","status":"publish","type":"post","link":"https:\/\/www.culmia.com\/es\/blog\/agustin-cordon-nuevo-presidente-de-culmia\/","title":{"rendered":"Agust\u00edn Cord\u00f3n, nuevo presidente de Culmia"},"content":{"rendered":"<ul> <li>\u00a0Ha ocupado posiciones de alta direcci\u00f3n en compa\u00f1\u00edas como Bimbo o Grupo Zeta.<\/li> <li>Culmia tambi\u00e9n incorpora a Mario Armero como vicepresidente, con experiencia ejecutiva en General Electric y en ANFAC.<\/li> <\/ul> <p><img decoding=\"async\" class=\"alignnone size-full wp-image-18980\" src=\"https:\/\/www.culmia.com\/wp-content\/uploads\/2025\/09\/th_agustin-2.png\" alt=\"\" width=\"1920\" height=\"905\" title=\"\" srcset=\"https:\/\/www.culmia.com\/wp-content\/uploads\/2025\/09\/th_agustin-2-200x94.png 200w, https:\/\/www.culmia.com\/wp-content\/uploads\/2025\/09\/th_agustin-2-300x141.png 300w, https:\/\/www.culmia.com\/wp-content\/uploads\/2025\/09\/th_agustin-2-400x189.png 400w, https:\/\/www.culmia.com\/wp-content\/uploads\/2025\/09\/th_agustin-2-600x283.png 600w, https:\/\/www.culmia.com\/wp-content\/uploads\/2025\/09\/th_agustin-2-768x362.png 768w, https:\/\/www.culmia.com\/wp-content\/uploads\/2025\/09\/th_agustin-2-800x377.png 800w, https:\/\/www.culmia.com\/wp-content\/uploads\/2025\/09\/th_agustin-2-1024x483.png 1024w, https:\/\/www.culmia.com\/wp-content\/uploads\/2025\/09\/th_agustin-2-1200x566.png 1200w, https:\/\/www.culmia.com\/wp-content\/uploads\/2025\/09\/th_agustin-2-1536x724.png 1536w, https:\/\/www.culmia.com\/wp-content\/uploads\/2025\/09\/th_agustin-2.png 1920w\" sizes=\"(max-width: 1920px) 100vw, 1920px\" \/><\/p> <p><strong>30 de julio de 2021. \u2013<\/strong>\u00a0Culmia, una de las principales promotoras inmobiliarias de Espa\u00f1a, anuncia el nombramiento de Agust\u00edn Cord\u00f3n como nuevo presidente de la compa\u00f1\u00eda.<\/p> <p>Con una dilatada trayectoria de m\u00e1s de tres d\u00e9cadas en roles de alta direcci\u00f3n, Cord\u00f3n ha ocupado la vicepresidencia y direcci\u00f3n financiera del grupo Bimbo en Espa\u00f1a (1997-2002), ha sido consejero delegado tanto de Fira de Barcelona (2004- 2015) como de la Mobile World Capital (2012-2015), y, entre 2015 y 2019, fue CEO del Grupo Zeta.<\/p> <p>El nuevo presidente de Culmia ha simultaneado estos y otros roles ejecutivos con su participaci\u00f3n en los consejos asesores de compa\u00f1\u00edas como Simon o GSMA o en entidades como la AED (Asociaci\u00f3n Espa\u00f1ola de Directivos) o la APD (Asociaci\u00f3n para el Progreso de la Direcci\u00f3n). Cord\u00f3n llega a Culmia como actual socio fundador de la consultora Anantara Ventures.<\/p> <p>Licenciado en Ciencias Econ\u00f3micas y Empresariales por la Universidad de Barcelona, cuenta con estudios de posgrado en la Universidad Polit\u00e9cnica de Catalu\u00f1a, en IESE y en la estadounidense The Wharton School.<\/p> <p>Como presidente no ejecutivo de Culmia, encabezar\u00e1 la compa\u00f1\u00eda y el despliegue de su actual plan de negocio, en virtud del cual prev\u00e9 invertir 450 millones de euros en los pr\u00f3ximos 4 a\u00f1os para sumar a su actual cartera m\u00e1s de 7.200 nuevas viviendas y ocupar una posici\u00f3n de liderazgo en el segmento emergente de la vivienda asequible, en que ya es una de las finalistas del Plan Vive en Madrid.<\/p> <p>En palabras de Agust\u00edn Cord\u00f3n, \u201casumo este nuevo rol con un enorme sentido de la responsabilidad y con ganas de aportar valor a un equipo directivo de primer nivel encabezado por nuestro consejero delegado, Francisco P\u00e9rez. El \u00e1mbito de la promoci\u00f3n inmobiliaria ha experimentado una gran profesionalizaci\u00f3n en Espa\u00f1a en los \u00faltimos a\u00f1os, pero estoy convencido de que Culmia re\u00fane todos los fundamentales para ponerse a la vanguardia del mismo y seguir innovando en materia de producto, operaciones y sostenibilidad no solo en el que ha sido su core business, la vivienda de compraventa prime, sino tambi\u00e9n en los segmentos del residencial de alquiler o de la vivienda asequible\u201d.<\/p> <h3><strong>Mario Armero, nuevo vicepresidente de Culmia<\/strong><\/h3> <p>El nombramiento de Agust\u00edn Cord\u00f3n se ha producido en el contexto de una renovaci\u00f3n del Consejo de Administraci\u00f3n de Culmia de la que tambi\u00e9n deriva la incorporaci\u00f3n de Mario Armero como vicepresidente no ejecutivo.<\/p> <p>Armero ha ocupado diversos roles ejecutivos durante las tres \u00faltimas d\u00e9cadas en compa\u00f1\u00edas como General Electric, de la que fue presidente para Espa\u00f1a y Portugal entre 2001 y 2008, Corporaci\u00f3n Llorente (2008-2010) o Ezentis (2010- 2011). Entre 2012 y 2019, ocup\u00f3 la vicepresidencia de la Asociaci\u00f3n Espa\u00f1ola de Fabricantes de Autom\u00f3viles y Camiones (ANFAC), y, con car\u00e1cter previo a su incorporaci\u00f3n a Culmia, presidi\u00f3 la empresa de renovables Enso y ejerci\u00f3 de consejero de Bankinter Consumer Finance y de la multinacional belga UMICORE.<\/p> <p>Al hilo de su nombramiento, Armero ha declarado que est\u00e1 \u201cmuy ilusionado de formar parte de Culmia en una etapa en que la compa\u00f1\u00eda presenta un potencial ilimitado, gracias a un s\u00f3lido posicionamiento de mercado y a un equipo ejecutivo de primer nivel\u201d.<\/p> <p>Para Francisco P\u00e9rez, CEO de Culmia, \u201clas incorporaciones de Agust\u00edn y Mario refuerzan nuestra gobernanza y a\u00f1aden valor al proyecto de Culmia dos profesionales de reconocida trayectoria que nos ayudar\u00e1n a desplegar nuestro actual plan de negocio\u201d.<\/p> <p>Adem\u00e1s de Cord\u00f3n y Armero, el nuevo Consejo de Administraci\u00f3n de Culmia est\u00e1 formado por el consejero delegado de la compa\u00f1\u00eda, Francisco P\u00e9rez, y por Charles Blackburn, Alejandro Cano y Antoni Musolas.<\/p>","protected":false},"excerpt":{"rendered":"<p>\u00a0Ha ocupado posiciones de alta direcci\u00f3n en compa\u00f1\u00edas como Bimbo &#8230;<\/p>\n","protected":false},"author":15,"featured_media":18980,"comment_status":"open","ping_status":"open","sticky":false,"template":"","format":"standard","meta":{"_acf_changed":false,"footnotes":""},"categories":[121,1306],"tags":[],"class_list":["post-18979","post","type-post","status-publish","format-standard","has-post-thumbnail","hentry","category-actualidad","category-culmia"],"acf":[],"_links":{"self":[{"href":"https:\/\/www.culmia.com\/es\/wp-json\/wp\/v2\/posts\/18979","targetHints":{"allow":["GET"]}}],"collection":[{"href":"https:\/\/www.culmia.com\/es\/wp-json\/wp\/v2\/posts"}],"about":[{"href":"https:\/\/www.culmia.com\/es\/wp-json\/wp\/v2\/types\/post"}],"author":[{"embeddable":true,"href":"https:\/\/www.culmia.com\/es\/wp-json\/wp\/v2\/users\/15"}],"replies":[{"embeddable":true,"href":"https:\/\/www.culmia.com\/es\/wp-json\/wp\/v2\/comments?post=18979"}],"version-history":[{"count":2,"href":"https:\/\/www.culmia.com\/es\/wp-json\/wp\/v2\/posts\/18979\/revisions"}],"predecessor-version":[{"id":18983,"href":"https:\/\/www.culmia.com\/es\/wp-json\/wp\/v2\/posts\/18979\/revisions\/18983"}],"wp:featuredmedia":[{"embeddable":true,"href":"https:\/\/www.culmia.com\/es\/wp-json\/wp\/v2\/media\/18980"}],"wp:attachment":[{"href":"https:\/\/www.culmia.com\/es\/wp-json\/wp\/v2\/media?parent=18979"}],"wp:term":[{"taxonomy":"category","embeddable":true,"href":"https:\/\/www.culmia.com\/es\/wp-json\/wp\/v2\/categories?post=18979"},{"taxonomy":"post_tag","embeddable":true,"href":"https:\/\/www.culmia.com\/es\/wp-json\/wp\/v2\/tags?post=18979"}],"curies":[{"name":"wp","href":"https:\/\/api.w.org\/{rel}","templated":true}]}}