{"id":18840,"date":"2022-02-15T10:55:55","date_gmt":"2022-02-15T09:55:55","guid":{"rendered":"https:\/\/culmia.dev.emood.es\/?p=18840"},"modified":"2025-09-15T10:56:33","modified_gmt":"2025-09-15T08:56:33","slug":"culmia-entrega-la-promocion-mirador-del-maresme-en-mataro-la-unica-ubicada-en-primera-linea-de-mar-y-en-el-centro-de-la-ciudad","status":"publish","type":"post","link":"https:\/\/www.culmia.com\/es\/blog\/culmia-entrega-la-promocion-mirador-del-maresme-en-mataro-la-unica-ubicada-en-primera-linea-de-mar-y-en-el-centro-de-la-ciudad\/","title":{"rendered":"Culmia entrega la promoci\u00f3n Mirador del Maresme en Matar\u00f3, la \u00fanica ubicada en primera l\u00ednea de mar y en el centro de la ciudad"},"content":{"rendered":"<ul> <li>La promoci\u00f3n de obra nueva est\u00e1 compuesta por viviendas con entrega inmediata, de 2, 3 y 4 dormitorios, m\u00e1s plazas de aparcamiento y trasteros. Adem\u00e1s, dispone de locales comerciales y oficinas.<\/li> <li>Localizada en el centro de Matar\u00f3, a primera l\u00ednea y con vistas al mar, Culmia Mirador del Maresme cuenta con excelentes acabados y con espacios comunes como el Espacio Gym o el Espacio Club Social.<\/li> <li>Las viviendas han sido dise\u00f1adas por el reconocido despacho de arquitectura Joan Pascual y presentan una calificaci\u00f3n energ\u00e9tica B, tanto en consumo de energ\u00eda como en emisiones. Entre otras particularidades, cuentan con paneles solares comunitarios para la producci\u00f3n de agua caliente sanitaria.<\/li> <\/ul> <p><img decoding=\"async\" class=\"alignnone size-full wp-image-18841\" src=\"https:\/\/www.culmia.com\/wp-content\/uploads\/2025\/09\/th_Culmia-Miradordelmaresme.jpg\" alt=\"\" width=\"1920\" height=\"905\" title=\"\" srcset=\"https:\/\/www.culmia.com\/wp-content\/uploads\/2025\/09\/th_Culmia-Miradordelmaresme-200x94.jpg 200w, https:\/\/www.culmia.com\/wp-content\/uploads\/2025\/09\/th_Culmia-Miradordelmaresme-300x141.jpg 300w, https:\/\/www.culmia.com\/wp-content\/uploads\/2025\/09\/th_Culmia-Miradordelmaresme-400x189.jpg 400w, https:\/\/www.culmia.com\/wp-content\/uploads\/2025\/09\/th_Culmia-Miradordelmaresme-600x283.jpg 600w, https:\/\/www.culmia.com\/wp-content\/uploads\/2025\/09\/th_Culmia-Miradordelmaresme-768x362.jpg 768w, https:\/\/www.culmia.com\/wp-content\/uploads\/2025\/09\/th_Culmia-Miradordelmaresme-800x377.jpg 800w, https:\/\/www.culmia.com\/wp-content\/uploads\/2025\/09\/th_Culmia-Miradordelmaresme-1024x483.jpg 1024w, https:\/\/www.culmia.com\/wp-content\/uploads\/2025\/09\/th_Culmia-Miradordelmaresme-1200x566.jpg 1200w, https:\/\/www.culmia.com\/wp-content\/uploads\/2025\/09\/th_Culmia-Miradordelmaresme-1536x724.jpg 1536w, https:\/\/www.culmia.com\/wp-content\/uploads\/2025\/09\/th_Culmia-Miradordelmaresme.jpg 1920w\" sizes=\"(max-width: 1920px) 100vw, 1920px\" \/><\/p> <p><strong>15 febrero de 2022.<\/strong>\u00a0Culmia, una de las principales promotoras inmobiliarias de Espa\u00f1a, ha puesto a la venta sus \u00faltimas viviendas con entrega inmediata de su promoci\u00f3n Culmia Mirador del Maresme. Un residencial distinguido por su excelente localizaci\u00f3n frente al mar y en el centro de Matar\u00f3, muy pr\u00f3ximo a la estaci\u00f3n de Cercan\u00edas y al puerto deportivo.<\/p> <p>La promoci\u00f3n de obra nueva est\u00e1 formada por viviendas de primera calidad distribuidas en superficies de entre 61 m\u00b2 y 155 m\u00b2 con opciones de 2, 3 y 4 dormitorios y con \u00e1ticos d\u00faplex con amplias terrazas. Adem\u00e1s, cuenta con trasteros y plazas de garaje en el s\u00f3tano. La promoci\u00f3n dispone tambi\u00e9n de locales comerciales y oficinas.<\/p> <p>De ella destaca sobre todo su situaci\u00f3n, en primera l\u00ednea de mar y en el centro de Matar\u00f3, y tambi\u00e9n la calidad de sus espacios comunes como son el Espacio Gym o el Espacio Club Social pensando para celebraciones privadas.<\/p> <p>Adem\u00e1s, en cuanto a su dise\u00f1o y construcci\u00f3n se ha estudiado especialmente la calidad de los materiales y acabados, as\u00ed como la distribuci\u00f3n de estas viviendas para proporcionar el m\u00e1ximo bienestar y calidad de vida, donde la doble orientaci\u00f3n aporta gran luminosidad y confort al hogar.<\/p> <p>Un hogar aislado tanto ac\u00fastica como t\u00e9rmicamente gracias al acristalamiento. Y donde los edificios cuentan con paneles solares comunitarios para la producci\u00f3n de agua caliente sanitaria, reduciendo as\u00ed el consumo en t\u00e9rminos de medio ambiente pero tambi\u00e9n econ\u00f3micos. Por ello, las viviendas presentan una calificaci\u00f3n energ\u00e9tica B, tanto en consumo de energ\u00eda como en emisiones.<\/p> <p>La compa\u00f1\u00eda dispone de 27 proyectos en marcha en la provincia de Barcelona y 3 en la ciudad de Matar\u00f3: Culmia Monturiol Mar, Culmia Ernest Lluch y Culmia Mirador del Maresme.<\/p> <p>Para Josep Mar\u00eda Cases, director territorial de Catalu\u00f1a, \u201cCulmia Mirador del Maresme es una promoci\u00f3n sobresaliente en varios aspectos. Su localizaci\u00f3n frente al mar, y a la vez en el centro de la ciudad, hacen que sea una opci\u00f3n ideal para las familias. La cercan\u00eda al puerto deportivo, la playa y su paseo mar\u00edtimo permiten disfrutar del mar y su buena conexi\u00f3n con Barcelona por tren hacen de este proyecto un sitio ideal para familias que hagan vida en la propia ciudad o para aquellos que trabajen en Barcelona, que se encuentra muy cercana y bien conectada. Gracias a su atractivo y localizaci\u00f3n, no es de extra\u00f1ar que el litoral de Matar\u00f3 se est\u00e9 convirtiendo en un polo de atracci\u00f3n para compradores e inversores\u201d.<\/p> <p>La promoci\u00f3n se encuentra a 33 kil\u00f3metros de Barcelona y cuenta con muy buenas conexiones tanto por transporte p\u00fablico como en coche. Est\u00e1 situada junto a la estaci\u00f3n de Cercan\u00edas de la ciudad y tiene un f\u00e1cil acceso a la autopista A-7, N-II, C-31 y C-60. Asimismo, Culmia Mirador del Maresme presume de una localizaci\u00f3n a escasos metros de la playa del Varador y del puerto deportivo y est\u00e1 junto al Vapor de Gordils i Dalmau, el primer Vapor de Matar\u00f3, donde a\u00fan se puede ver su nave y la chimenea. A la vez est\u00e1 ubicada en el propio centro de la ciudad contando con todos los servicios necesarios al alcance y destaca su cercan\u00eda al Tecnocampus universitario.<\/p> <p>Para m\u00e1s informaci\u00f3n, se dispone de dos pisos amueblados ubicados en la misma promoci\u00f3n donde poder visitar el showroom.<\/p> <p>Desde 2013, Culmia ha entregado m\u00e1s de 5.000 viviendas en toda Espa\u00f1a y cuenta con una cartera en comercializaci\u00f3n de 80 promociones y 4.000 viviendas y con suelo para desarrollar 15.000 viviendas m\u00e1s.<\/p>","protected":false},"excerpt":{"rendered":"<p>La promoci\u00f3n de obra nueva est\u00e1 compuesta por viviendas con &#8230;<\/p>\n","protected":false},"author":15,"featured_media":18841,"comment_status":"open","ping_status":"open","sticky":false,"template":"","format":"standard","meta":{"_acf_changed":false,"footnotes":""},"categories":[121,1306],"tags":[],"class_list":["post-18840","post","type-post","status-publish","format-standard","has-post-thumbnail","hentry","category-actualidad","category-culmia"],"acf":[],"_links":{"self":[{"href":"https:\/\/www.culmia.com\/es\/wp-json\/wp\/v2\/posts\/18840","targetHints":{"allow":["GET"]}}],"collection":[{"href":"https:\/\/www.culmia.com\/es\/wp-json\/wp\/v2\/posts"}],"about":[{"href":"https:\/\/www.culmia.com\/es\/wp-json\/wp\/v2\/types\/post"}],"author":[{"embeddable":true,"href":"https:\/\/www.culmia.com\/es\/wp-json\/wp\/v2\/users\/15"}],"replies":[{"embeddable":true,"href":"https:\/\/www.culmia.com\/es\/wp-json\/wp\/v2\/comments?post=18840"}],"version-history":[{"count":2,"href":"https:\/\/www.culmia.com\/es\/wp-json\/wp\/v2\/posts\/18840\/revisions"}],"predecessor-version":[{"id":18844,"href":"https:\/\/www.culmia.com\/es\/wp-json\/wp\/v2\/posts\/18840\/revisions\/18844"}],"wp:featuredmedia":[{"embeddable":true,"href":"https:\/\/www.culmia.com\/es\/wp-json\/wp\/v2\/media\/18841"}],"wp:attachment":[{"href":"https:\/\/www.culmia.com\/es\/wp-json\/wp\/v2\/media?parent=18840"}],"wp:term":[{"taxonomy":"category","embeddable":true,"href":"https:\/\/www.culmia.com\/es\/wp-json\/wp\/v2\/categories?post=18840"},{"taxonomy":"post_tag","embeddable":true,"href":"https:\/\/www.culmia.com\/es\/wp-json\/wp\/v2\/tags?post=18840"}],"curies":[{"name":"wp","href":"https:\/\/api.w.org\/{rel}","templated":true}]}}