{"id":18821,"date":"2022-03-16T10:51:54","date_gmt":"2022-03-16T09:51:54","guid":{"rendered":"https:\/\/culmia.dev.emood.es\/?p=18821"},"modified":"2026-04-07T16:42:18","modified_gmt":"2026-04-07T14:42:18","slug":"culmia-entrega-su-primera-promocion-build-to-rent-que-incluye-68-viviendas-y-cerca-de-5-000-m%c2%b2-de-zonas-comerciales","status":"publish","type":"post","link":"https:\/\/www.culmia.com\/es\/blog\/culmia-entrega-su-primera-promocion-build-to-rent-que-incluye-68-viviendas-y-cerca-de-5-000-m%c2%b2-de-zonas-comerciales\/","title":{"rendered":"Culmia entrega su primera promoci\u00f3n build to rent que incluye 68 viviendas y cerca de 5.000 m\u00b2 de zonas comerciales"},"content":{"rendered":"<ul> <li>La promotora acaba de hacer entrega de la primera fase del proyecto y prev\u00e9 concluir la segunda a finales del tercer trimestre del a\u00f1o.<\/li> <li>El proyecto, ubicado en La Marina del Prat Vermell (Barcelona), destaca por la amplia variedad de espacios comunes como son el gimnasio, la piscina o la sala homeworking, y por su compromiso con la eficiencia energ\u00e9tica. Por ello est\u00e1 reconocido con la calificaci\u00f3n BREEAM \u2018Muy bueno\u2019, y se trata del primer edificio residencial en conseguir esta calificaci\u00f3n en Espa\u00f1a tras la actualizaci\u00f3n de los requisitos por parte de la entidad de certificaci\u00f3n.<\/li> <\/ul> <p><img decoding=\"async\" class=\"alignnone size-full wp-image-18822\" src=\"https:\/\/www.culmia.com\/wp-content\/uploads\/2025\/09\/th_Culmia-Lamarina.jpg\" alt=\"\" width=\"1920\" height=\"905\" title=\"\" srcset=\"https:\/\/www.culmia.com\/wp-content\/uploads\/2025\/09\/th_Culmia-Lamarina-200x94.jpg 200w, https:\/\/www.culmia.com\/wp-content\/uploads\/2025\/09\/th_Culmia-Lamarina-300x141.jpg 300w, https:\/\/www.culmia.com\/wp-content\/uploads\/2025\/09\/th_Culmia-Lamarina-400x189.jpg 400w, https:\/\/www.culmia.com\/wp-content\/uploads\/2025\/09\/th_Culmia-Lamarina-600x283.jpg 600w, https:\/\/www.culmia.com\/wp-content\/uploads\/2025\/09\/th_Culmia-Lamarina-768x362.jpg 768w, https:\/\/www.culmia.com\/wp-content\/uploads\/2025\/09\/th_Culmia-Lamarina-800x377.jpg 800w, https:\/\/www.culmia.com\/wp-content\/uploads\/2025\/09\/th_Culmia-Lamarina-1024x483.jpg 1024w, https:\/\/www.culmia.com\/wp-content\/uploads\/2025\/09\/th_Culmia-Lamarina-1200x566.jpg 1200w, https:\/\/www.culmia.com\/wp-content\/uploads\/2025\/09\/th_Culmia-Lamarina-1536x724.jpg 1536w, https:\/\/www.culmia.com\/wp-content\/uploads\/2025\/09\/th_Culmia-Lamarina.jpg 1920w\" sizes=\"(max-width: 1920px) 100vw, 1920px\" \/><\/p> <p><strong>15 de marzo de 2022<\/strong>\u00a0\u2013\u00a0<strong>Culmia<\/strong>, una de las principales promotoras inmobiliarias de Espa\u00f1a,\u00a0<strong>entrega su primera promoci\u00f3n residencial del segmento build to rent<\/strong>. Se trata de la primera fase de la promoci\u00f3n ubicada en el barrio de la Marina del Prat Vermell, zona en plena ebullici\u00f3n en la capital catalana, que incluye un edificio de 9 plantas formado por 68 viviendas m\u00e1s cerca de 5.000 m\u00b2 de zonas comerciales, plazas de aparcamiento y trasteros.<\/p> <p>La promoci\u00f3n, que se comercializa bajo el nombre de\u00a0<strong>Vila Bonaplata<\/strong>, ofrece diferentes tipolog\u00edas de viviendas que van desde las\u00a0<strong>2 hasta las 4 habitaciones<\/strong>\u00a0y con unas superficies entre los 80m\u00b2 y los 159m\u00b2. Todas las viviendas cuentan con plazas de parking, amplias terrazas y opci\u00f3n a trastero.<\/p> <p>El conjunto residencial est\u00e1 concebido para que\u00a0<strong>los usuarios puedan compartir tiempo en los espacios comunes<\/strong>, ya que cuenta con gran variedad de amenities. Las familias pueden disfrutar de la piscina, de la zona exterior ajardinada, del gimnasio y de los espacios de coworking como son la meeting room, la Sala \u00c1gora o el amplio hall.<\/p> <p>La promoci\u00f3n ha estado construida cuidando todos los detalles, con materiales de gran calidad y bajo altos est\u00e1ndares de eficiencia energ\u00e9tica, lo que\u00a0<strong>permite rebajar considerablemente\u00a0el gasto energ\u00e9tico<\/strong>. Se han instalado placas fotovoltaicas para el consumo de la electricidad autogenerada en los espacios comunitarios y la climatizaci\u00f3n de las viviendas se realiza mediante su conexi\u00f3n a la red de District Heating. La promoci\u00f3n cuenta con un sistema de monitorizaci\u00f3n de los consumos, electrodom\u00e9sticos de m\u00e1xima eficiencia y\u00a0cargadores para veh\u00edculos el\u00e9ctricos. Por todo ello est\u00e1\u00a0<strong>reconocida con la calificaci\u00f3n BREEAM Muy bueno<\/strong>\u00a0y se trata del primer edificio residencial de Espa\u00f1a en conseguir esta calificaci\u00f3n tras la actualizaci\u00f3n de los requisitos por parte de la entidad certificadora.<\/p> <p><strong>Para Jaume Borr\u00e0s, Director de Negocio de Culmia<\/strong>, \u201cestamos orgullosos de hacer entrega de nuestro primer proyecto residencial build to rent. Se trata de una promoci\u00f3n que lo tiene todo: viviendas de alta calidad, eficientes y sostenibles y que disponen de una gran variedad de espacios complementarios para compartir, para desconectar y para cuidarse sin alejarse de casa. Una opci\u00f3n perfecta para vivir en Barcelona\u201d.<\/p> <p><strong>Desde 2013 Culmia ha entregado m\u00e1s de 5.000 viviendas en toda Espa\u00f1a y cuenta con una cartera en comercializaci\u00f3n de 80 promociones y 4.000 viviendas y con suelo para desarrollar 15.000 viviendas m\u00e1s.<\/strong><\/p> <p>&nbsp;<\/p>","protected":false},"excerpt":{"rendered":"<p>La promotora acaba de hacer entrega de la primera fase &#8230;<\/p>\n","protected":false},"author":15,"featured_media":18822,"comment_status":"open","ping_status":"open","sticky":false,"template":"","format":"standard","meta":{"_acf_changed":false,"footnotes":""},"categories":[121,1306],"tags":[],"class_list":["post-18821","post","type-post","status-publish","format-standard","has-post-thumbnail","hentry","category-actualidad","category-culmia"],"acf":[],"_links":{"self":[{"href":"https:\/\/www.culmia.com\/es\/wp-json\/wp\/v2\/posts\/18821","targetHints":{"allow":["GET"]}}],"collection":[{"href":"https:\/\/www.culmia.com\/es\/wp-json\/wp\/v2\/posts"}],"about":[{"href":"https:\/\/www.culmia.com\/es\/wp-json\/wp\/v2\/types\/post"}],"author":[{"embeddable":true,"href":"https:\/\/www.culmia.com\/es\/wp-json\/wp\/v2\/users\/15"}],"replies":[{"embeddable":true,"href":"https:\/\/www.culmia.com\/es\/wp-json\/wp\/v2\/comments?post=18821"}],"version-history":[{"count":3,"href":"https:\/\/www.culmia.com\/es\/wp-json\/wp\/v2\/posts\/18821\/revisions"}],"predecessor-version":[{"id":32266,"href":"https:\/\/www.culmia.com\/es\/wp-json\/wp\/v2\/posts\/18821\/revisions\/32266"}],"wp:featuredmedia":[{"embeddable":true,"href":"https:\/\/www.culmia.com\/es\/wp-json\/wp\/v2\/media\/18822"}],"wp:attachment":[{"href":"https:\/\/www.culmia.com\/es\/wp-json\/wp\/v2\/media?parent=18821"}],"wp:term":[{"taxonomy":"category","embeddable":true,"href":"https:\/\/www.culmia.com\/es\/wp-json\/wp\/v2\/categories?post=18821"},{"taxonomy":"post_tag","embeddable":true,"href":"https:\/\/www.culmia.com\/es\/wp-json\/wp\/v2\/tags?post=18821"}],"curies":[{"name":"wp","href":"https:\/\/api.w.org\/{rel}","templated":true}]}}