{"id":18705,"date":"2022-09-06T10:16:06","date_gmt":"2022-09-06T08:16:06","guid":{"rendered":"https:\/\/culmia.dev.emood.es\/?p=18705"},"modified":"2025-09-15T10:16:43","modified_gmt":"2025-09-15T08:16:43","slug":"culmia-entrega-su-promocion-dehesa-de-guadarrama-ii-42-viviendas-junto-al-parque-nacional-de-la-sierra","status":"publish","type":"post","link":"https:\/\/www.culmia.com\/es\/blog\/culmia-entrega-su-promocion-dehesa-de-guadarrama-ii-42-viviendas-junto-al-parque-nacional-de-la-sierra\/","title":{"rendered":"Culmia entrega su promoci\u00f3n Dehesa de Guadarrama II, 42 viviendas junto al Parque Nacional de la Sierra"},"content":{"rendered":"<ul> <li>Se trata de luminosas viviendas de 2, 3 y 4 dormitorios con terrazas, patios, plazas de parking, piscina comunitaria y zona infantil.<\/li> <li>La promoci\u00f3n est\u00e1 ubicada junto al Parque Natural del Guadarrama y ofrece tambi\u00e9n diferentes oportunidades de ocio y servicios como colegios, supermercados y hospitales.<\/li> <\/ul> <p><img decoding=\"async\" class=\"alignnone size-full wp-image-18706\" src=\"https:\/\/www.culmia.com\/wp-content\/uploads\/2025\/09\/th_Culmia-DehesaGuadarramaII.jpg\" alt=\"\" width=\"1920\" height=\"905\" title=\"\" srcset=\"https:\/\/www.culmia.com\/wp-content\/uploads\/2025\/09\/th_Culmia-DehesaGuadarramaII-200x94.jpg 200w, https:\/\/www.culmia.com\/wp-content\/uploads\/2025\/09\/th_Culmia-DehesaGuadarramaII-300x141.jpg 300w, https:\/\/www.culmia.com\/wp-content\/uploads\/2025\/09\/th_Culmia-DehesaGuadarramaII-400x189.jpg 400w, https:\/\/www.culmia.com\/wp-content\/uploads\/2025\/09\/th_Culmia-DehesaGuadarramaII-600x283.jpg 600w, https:\/\/www.culmia.com\/wp-content\/uploads\/2025\/09\/th_Culmia-DehesaGuadarramaII-768x362.jpg 768w, https:\/\/www.culmia.com\/wp-content\/uploads\/2025\/09\/th_Culmia-DehesaGuadarramaII-800x377.jpg 800w, https:\/\/www.culmia.com\/wp-content\/uploads\/2025\/09\/th_Culmia-DehesaGuadarramaII-1024x483.jpg 1024w, https:\/\/www.culmia.com\/wp-content\/uploads\/2025\/09\/th_Culmia-DehesaGuadarramaII-1200x566.jpg 1200w, https:\/\/www.culmia.com\/wp-content\/uploads\/2025\/09\/th_Culmia-DehesaGuadarramaII-1536x724.jpg 1536w, https:\/\/www.culmia.com\/wp-content\/uploads\/2025\/09\/th_Culmia-DehesaGuadarramaII.jpg 1920w\" sizes=\"(max-width: 1920px) 100vw, 1920px\" \/><\/p> <p><strong>6 de septiembre de 2022\u00a0<\/strong>\u2013 Culmia, una de las principales promotoras inmobiliarias de Espa\u00f1a, entrega su promoci\u00f3n\u00a0<a href=\"https:\/\/www.culmia.com\/es\/promociones\/madrid\/guadarrama\/culmia-dehesa-guadarrama-ii\" target=\"_blank\" rel=\"noopener\">Culmia Dehesa de Guadarrama II<\/a>, un complejo residencial situado en el municipio del mismo nombre, a 45 minutos de la ciudad de Madrid, y junto al Parque Nacional de la Sierra de Guadarrama.<\/p> <p>La promoci\u00f3n est\u00e1 formada por 42 viviendas plurifamiliares de 2, 3 y 4 dormitorios que van desde los 83 m\u00b2 a los 133 m\u00b2 y es la segunda fase de un complejo inmobiliario de un total de 72 viviendas. Distribuidas en seis portales, las viviendas de la planta primera disponen adem\u00e1s de patio interior y todas las cuentan con terraza o balc\u00f3n adem\u00e1s de plaza de garaje en plantas s\u00f3tano, as\u00ed como una zona de urbanizaci\u00f3n interior, piscina comunitaria y zona de recreo infantil. La promoci\u00f3n consta adem\u00e1s de locales comerciales en la planta baja.<\/p> <p>Ubicada junto al Parque Natural de Guadarrama, la zona ofrece diferentes oportunidades ocio y servicio, desde colegios y supermercados hasta centro de salud y hospitales. Adem\u00e1s, dispone de conexiones de transporte p\u00fablico, as\u00ed como r\u00e1pido acceso a la M-50 o la autov\u00eda A-6 de Madrid.<\/p> <p>Las viviendas se caracterizan por unos grandes ventanales que permiten la entrada de luz natural a todas las estancias. A ello se le suma que las fachadas de los edificios est\u00e1n dotadas de un aislamiento continuo que evita la p\u00e9rdida o incremento de la temperatura interior.<\/p> <p>Los dos edificios de la promoci\u00f3n disponen de una instalaci\u00f3n de calefacci\u00f3n y agua caliente sanitaria basada en calderas individuales de alto rendimiento y apoyo en paneles solares. Las viviendas cuentan con una calificaci\u00f3n energ\u00e9tica B, tanto en consumo como en emisiones.<\/p> <p>En palabras de Javier del Castillo, director territorial norte y centro de Culmia, \u201cesta nueva promoci\u00f3n constituye una excelente opci\u00f3n para aquellos que quieran disfrutar de un paraje natural \u00fanico donde estar en contacto con la naturaleza y practicar deportes al aire libre. Y todo sin tener que renunciar a una oferta amplia de ocio y servicios\u201d.<\/p> <p>&nbsp;<\/p>","protected":false},"excerpt":{"rendered":"<p>Se trata de luminosas viviendas de 2, 3 y 4 &#8230;<\/p>\n","protected":false},"author":15,"featured_media":18706,"comment_status":"open","ping_status":"open","sticky":false,"template":"","format":"standard","meta":{"_acf_changed":false,"footnotes":""},"categories":[1306,121],"tags":[],"class_list":["post-18705","post","type-post","status-publish","format-standard","has-post-thumbnail","hentry","category-culmia","category-actualidad"],"acf":[],"_links":{"self":[{"href":"https:\/\/www.culmia.com\/es\/wp-json\/wp\/v2\/posts\/18705","targetHints":{"allow":["GET"]}}],"collection":[{"href":"https:\/\/www.culmia.com\/es\/wp-json\/wp\/v2\/posts"}],"about":[{"href":"https:\/\/www.culmia.com\/es\/wp-json\/wp\/v2\/types\/post"}],"author":[{"embeddable":true,"href":"https:\/\/www.culmia.com\/es\/wp-json\/wp\/v2\/users\/15"}],"replies":[{"embeddable":true,"href":"https:\/\/www.culmia.com\/es\/wp-json\/wp\/v2\/comments?post=18705"}],"version-history":[{"count":2,"href":"https:\/\/www.culmia.com\/es\/wp-json\/wp\/v2\/posts\/18705\/revisions"}],"predecessor-version":[{"id":18709,"href":"https:\/\/www.culmia.com\/es\/wp-json\/wp\/v2\/posts\/18705\/revisions\/18709"}],"wp:featuredmedia":[{"embeddable":true,"href":"https:\/\/www.culmia.com\/es\/wp-json\/wp\/v2\/media\/18706"}],"wp:attachment":[{"href":"https:\/\/www.culmia.com\/es\/wp-json\/wp\/v2\/media?parent=18705"}],"wp:term":[{"taxonomy":"category","embeddable":true,"href":"https:\/\/www.culmia.com\/es\/wp-json\/wp\/v2\/categories?post=18705"},{"taxonomy":"post_tag","embeddable":true,"href":"https:\/\/www.culmia.com\/es\/wp-json\/wp\/v2\/tags?post=18705"}],"curies":[{"name":"wp","href":"https:\/\/api.w.org\/{rel}","templated":true}]}}