{"id":18695,"date":"2022-09-26T10:13:37","date_gmt":"2022-09-26T08:13:37","guid":{"rendered":"https:\/\/culmia.dev.emood.es\/?p=18695"},"modified":"2025-09-15T10:14:24","modified_gmt":"2025-09-15T08:14:24","slug":"francisco-perez-ceo-de-culmia-participa-en-el-iii-congreso-nacional-de-vivienda-de-valencia","status":"publish","type":"post","link":"https:\/\/www.culmia.com\/es\/blog\/francisco-perez-ceo-de-culmia-participa-en-el-iii-congreso-nacional-de-vivienda-de-valencia\/","title":{"rendered":"Francisco P\u00e9rez, CEO de Culmia participa en el III Congreso Nacional de Vivienda de Valencia"},"content":{"rendered":"<p><img decoding=\"async\" class=\"alignnone size-full wp-image-18696\" src=\"https:\/\/www.culmia.com\/wp-content\/uploads\/2025\/09\/th_Culmia-PacoAPCE.jpg\" alt=\"\" width=\"1920\" height=\"905\" title=\"\" srcset=\"https:\/\/www.culmia.com\/wp-content\/uploads\/2025\/09\/th_Culmia-PacoAPCE-200x94.jpg 200w, https:\/\/www.culmia.com\/wp-content\/uploads\/2025\/09\/th_Culmia-PacoAPCE-300x141.jpg 300w, https:\/\/www.culmia.com\/wp-content\/uploads\/2025\/09\/th_Culmia-PacoAPCE-400x189.jpg 400w, https:\/\/www.culmia.com\/wp-content\/uploads\/2025\/09\/th_Culmia-PacoAPCE-600x283.jpg 600w, https:\/\/www.culmia.com\/wp-content\/uploads\/2025\/09\/th_Culmia-PacoAPCE-768x362.jpg 768w, https:\/\/www.culmia.com\/wp-content\/uploads\/2025\/09\/th_Culmia-PacoAPCE-800x377.jpg 800w, https:\/\/www.culmia.com\/wp-content\/uploads\/2025\/09\/th_Culmia-PacoAPCE-1024x483.jpg 1024w, https:\/\/www.culmia.com\/wp-content\/uploads\/2025\/09\/th_Culmia-PacoAPCE-1200x566.jpg 1200w, https:\/\/www.culmia.com\/wp-content\/uploads\/2025\/09\/th_Culmia-PacoAPCE-1536x724.jpg 1536w, https:\/\/www.culmia.com\/wp-content\/uploads\/2025\/09\/th_Culmia-PacoAPCE.jpg 1920w\" sizes=\"(max-width: 1920px) 100vw, 1920px\" \/><\/p> <p>El 20 de septiembre, nuestro\u00a0<strong>CEO Francisco P\u00e9rez Medina<\/strong>\u00a0particip\u00f3 en el\u00a0<strong>III Congreso Nacional de Vivienda de Valencia<\/strong>\u00a0organizado por\u00a0<a title=\"APCEspa\u00f1a\" href=\"https:\/\/apce.es\/\" target=\"_blank\" rel=\"noopener nofollow\">APCEspa\u00f1a<\/a><strong>.<\/strong><\/p> <p>El objetivo principal de esta nueva edici\u00f3n nacional era<strong>\u00a0definir los retos de la sociedad actual<\/strong>\u00a0para as\u00ed poder satisfacer el\u00a0<strong>derecho constitucional del acceso a la vivienda y los obst\u00e1culos que se encuentran actualmente<\/strong>\u00a0para que las generaciones m\u00e1s j\u00f3venes accedan a una vivienda digna. Adem\u00e1s, se abordaron temas que surgir\u00e1n en los pr\u00f3ximos meses a ra\u00edz de los \u201cFondos Europeos de Recuperaci\u00f3n\u201d y las nuevas leyes previstas que afectar\u00e1n al sector de la vivienda.<\/p> <p>La participaci\u00f3n por parte de nuestro CEO sirvi\u00f3 para dar su opini\u00f3n acerca de diferentes cuestiones como;<\/p> <ul> <li>La\u00a0<strong>carencia de suelo<\/strong>\u00a0y como se est\u00e1 gestionando desde el punto de vista promotor para poder desbloquear diferentes desarrollos urban\u00edsticos.<\/li> <li>Las\u00a0<strong>trabas burocr\u00e1ticas<\/strong>\u00a0y las consecuencias por los retrasos en la concesi\u00f3n de licencias que nos encontramos durante el proyecto de una vivienda<\/li> <li>La\u00a0<strong>necesidad de continuar con la colaboraci\u00f3n p\u00fablico-privada<\/strong>\u00a0para as\u00ed dar la posibilidad de acceder a una vivienda asequible y digna a todas aquellas generaciones de j\u00f3venes y solucionar el d\u00e9ficit existente.<\/li> <li>En qu\u00e9 situaci\u00f3n se encuentra la\u00a0<strong>digitalizaci\u00f3n en el secto<\/strong>r y los diferentes tipos de financiaci\u00f3n.<\/li> <\/ul> <p>Adem\u00e1s, Francisco P\u00e9rez tambi\u00e9n quiso mencionar los\u00a0<strong>planes de contingencia que se est\u00e1n realizando en la compa\u00f1\u00eda para anticiparse al mercad<\/strong>o\u00a0<em>\u201cEstamos valorando cada promoci\u00f3n y seguiremos con los proyectos que son rentables\u201d.<\/em><\/p> <p>Este congreso, que fue retrasado el pasado febrero debido a la imposibilidad de celebrarlo por el aumento de positivos en la ciudad valenciana y que se celebra por primera vez fuera de la capital espa\u00f1ola, super\u00f3 todas las expectativas con m\u00e1s de 400 invitados, los cuales disfrutaron del debate presenciado por expertos, urbanistas, arquitectos, representantes del sector inmobiliario de Espa\u00f1a y de la administraci\u00f3n p\u00fablica.<\/p> <p>&nbsp;<\/p>","protected":false},"excerpt":{"rendered":"<p>El 20 de septiembre, nuestro\u00a0CEO Francisco P\u00e9rez Medina\u00a0particip\u00f3 en el\u00a0III &#8230;<\/p>\n","protected":false},"author":15,"featured_media":18696,"comment_status":"open","ping_status":"open","sticky":false,"template":"","format":"standard","meta":{"_acf_changed":false,"footnotes":""},"categories":[121,1306],"tags":[],"class_list":["post-18695","post","type-post","status-publish","format-standard","has-post-thumbnail","hentry","category-actualidad","category-culmia"],"acf":[],"_links":{"self":[{"href":"https:\/\/www.culmia.com\/es\/wp-json\/wp\/v2\/posts\/18695","targetHints":{"allow":["GET"]}}],"collection":[{"href":"https:\/\/www.culmia.com\/es\/wp-json\/wp\/v2\/posts"}],"about":[{"href":"https:\/\/www.culmia.com\/es\/wp-json\/wp\/v2\/types\/post"}],"author":[{"embeddable":true,"href":"https:\/\/www.culmia.com\/es\/wp-json\/wp\/v2\/users\/15"}],"replies":[{"embeddable":true,"href":"https:\/\/www.culmia.com\/es\/wp-json\/wp\/v2\/comments?post=18695"}],"version-history":[{"count":2,"href":"https:\/\/www.culmia.com\/es\/wp-json\/wp\/v2\/posts\/18695\/revisions"}],"predecessor-version":[{"id":18699,"href":"https:\/\/www.culmia.com\/es\/wp-json\/wp\/v2\/posts\/18695\/revisions\/18699"}],"wp:featuredmedia":[{"embeddable":true,"href":"https:\/\/www.culmia.com\/es\/wp-json\/wp\/v2\/media\/18696"}],"wp:attachment":[{"href":"https:\/\/www.culmia.com\/es\/wp-json\/wp\/v2\/media?parent=18695"}],"wp:term":[{"taxonomy":"category","embeddable":true,"href":"https:\/\/www.culmia.com\/es\/wp-json\/wp\/v2\/categories?post=18695"},{"taxonomy":"post_tag","embeddable":true,"href":"https:\/\/www.culmia.com\/es\/wp-json\/wp\/v2\/tags?post=18695"}],"curies":[{"name":"wp","href":"https:\/\/api.w.org\/{rel}","templated":true}]}}