{"id":18622,"date":"2022-12-22T09:56:38","date_gmt":"2022-12-22T08:56:38","guid":{"rendered":"https:\/\/culmia.dev.emood.es\/?p=18622"},"modified":"2025-09-15T09:57:34","modified_gmt":"2025-09-15T07:57:34","slug":"culmia-incorpora-a-almudena-corbella-como-nueva-directora-de-personas-y-organizacion","status":"publish","type":"post","link":"https:\/\/www.culmia.com\/es\/blog\/culmia-incorpora-a-almudena-corbella-como-nueva-directora-de-personas-y-organizacion\/","title":{"rendered":"Culmia incorpora a Almudena Corbella como nueva directora de personas y organizaci\u00f3n"},"content":{"rendered":"<ul> <li>Almudena formar\u00e1 parte del Comit\u00e9 de Direcci\u00f3n de la compa\u00f1\u00eda.<\/li> <li>Cuenta con m\u00e1s de 20 a\u00f1os de experiencia profesional en entornos multinacionales de diversos sectores: tecnolog\u00eda de viajes, IT, retail e industria a\u00e9rea.<\/li> <\/ul> <p><img decoding=\"async\" class=\"alignnone size-full wp-image-18623\" src=\"https:\/\/www.culmia.com\/wp-content\/uploads\/2025\/09\/th_Nombramiento-Almudena-2.png\" alt=\"\" width=\"1920\" height=\"905\" title=\"\" srcset=\"https:\/\/www.culmia.com\/wp-content\/uploads\/2025\/09\/th_Nombramiento-Almudena-2-200x94.png 200w, https:\/\/www.culmia.com\/wp-content\/uploads\/2025\/09\/th_Nombramiento-Almudena-2-300x141.png 300w, https:\/\/www.culmia.com\/wp-content\/uploads\/2025\/09\/th_Nombramiento-Almudena-2-400x189.png 400w, https:\/\/www.culmia.com\/wp-content\/uploads\/2025\/09\/th_Nombramiento-Almudena-2-600x283.png 600w, https:\/\/www.culmia.com\/wp-content\/uploads\/2025\/09\/th_Nombramiento-Almudena-2-768x362.png 768w, https:\/\/www.culmia.com\/wp-content\/uploads\/2025\/09\/th_Nombramiento-Almudena-2-800x377.png 800w, https:\/\/www.culmia.com\/wp-content\/uploads\/2025\/09\/th_Nombramiento-Almudena-2-1024x483.png 1024w, https:\/\/www.culmia.com\/wp-content\/uploads\/2025\/09\/th_Nombramiento-Almudena-2-1200x566.png 1200w, https:\/\/www.culmia.com\/wp-content\/uploads\/2025\/09\/th_Nombramiento-Almudena-2-1536x724.png 1536w, https:\/\/www.culmia.com\/wp-content\/uploads\/2025\/09\/th_Nombramiento-Almudena-2.png 1920w\" sizes=\"(max-width: 1920px) 100vw, 1920px\" \/><\/p> <p><strong>22 de diciembre de 2022<\/strong>\u00a0- Culmia, una de las principales promotoras inmobiliarias de Espa\u00f1a, anuncia el nombramiento de Almudena Corbella como nueva directora de personas y organizaci\u00f3n. Corbella, que suma m\u00e1s de 20 a\u00f1os de experiencia nacional e internacional en el segmento de los recursos humanos, se integrar\u00e1 en el Comit\u00e9 de Direcci\u00f3n de la compa\u00f1\u00eda.<\/p> <p>Almudena Corbella cuenta con una amplia trayectoria en las \u00e1reas recursos humanos en compa\u00f1\u00edas que comprenden diversos sectores empresariales en las que ha aportado su formaci\u00f3n y experiencia en visi\u00f3n estrat\u00e9gica, desarrollo organizacional, gesti\u00f3n del cambio y adquisici\u00f3n de talento.<\/p> <p>Con car\u00e1cter previo a su incorporaci\u00f3n a Culmia, Almudena ha desempe\u00f1ado el mismo rol en la compa\u00f1\u00eda a\u00e9rea Volotea durante tres a\u00f1os. Tambi\u00e9n, en el mismo sector, ocup\u00f3 el cargo de HR director en Latam Airlines entre los a\u00f1os 2014 y 2019 donde lider\u00f3 la direcci\u00f3n de recursos humanos para las operaciones europeas logrando los hitos fijados de desarrollo del talento para la regi\u00f3n, creaci\u00f3n de una cantera de talentos, reorganizaci\u00f3n y gesti\u00f3n del cambio hacia un modelo \u00e1gil, integraci\u00f3n cultural y de procesos para la regi\u00f3n y negociaciones sindicales en toda Europa. Asimismo, ha ocupado cargos de alta responsabilidad en las \u00e1reas de recursos humanos en empresas como Est\u00e9e Lauder, Software AG o Amadeus.<\/p> <p>En palabras de Francisco P\u00e9rez, CEO de Culmia,\u201d la incorporaci\u00f3n de Almudena llega para asumir una responsabilidad fundamental en nuestra compa\u00f1\u00eda: la gesti\u00f3n de las personas que formamos Culmia. Un rol que desempe\u00f1ar\u00e1 junto con las responsabilidades en organizaci\u00f3n y su participaci\u00f3n en el Comit\u00e9 de Direcci\u00f3n. A tenor de su trayectoria profesional estamos seguros de que nos aportar\u00e1 un gran valor a\u00f1adido.\u201d<\/p> <p>Para Almudena Corbella, \u201dresulta muy ilusionante poder incorporarme a Culmia, una compa\u00f1\u00eda con un gran potencial y donde sus profesionales son una prioridad en todo el recorrido que le queda por hacer. Espero contribuir en todos esos \u00e9xitos profesionales aportando mi experiencia en organizaci\u00f3n y gesti\u00f3n de los recursos humanos.\u201d<\/p> <p>Licenciada en Derecho por el Real Colegio Universitario Mar\u00eda Cristina, Almudena cuenta, adem\u00e1s, con un M\u00e1ster en Bussiness Law por el IE Business School de Madrid.<\/p>","protected":false},"excerpt":{"rendered":"<p>Almudena formar\u00e1 parte del Comit\u00e9 de Direcci\u00f3n de la compa\u00f1\u00eda. &#8230;<\/p>\n","protected":false},"author":15,"featured_media":18623,"comment_status":"open","ping_status":"open","sticky":false,"template":"","format":"standard","meta":{"_acf_changed":false,"footnotes":""},"categories":[121,1306],"tags":[],"class_list":["post-18622","post","type-post","status-publish","format-standard","has-post-thumbnail","hentry","category-actualidad","category-culmia"],"acf":[],"_links":{"self":[{"href":"https:\/\/www.culmia.com\/es\/wp-json\/wp\/v2\/posts\/18622","targetHints":{"allow":["GET"]}}],"collection":[{"href":"https:\/\/www.culmia.com\/es\/wp-json\/wp\/v2\/posts"}],"about":[{"href":"https:\/\/www.culmia.com\/es\/wp-json\/wp\/v2\/types\/post"}],"author":[{"embeddable":true,"href":"https:\/\/www.culmia.com\/es\/wp-json\/wp\/v2\/users\/15"}],"replies":[{"embeddable":true,"href":"https:\/\/www.culmia.com\/es\/wp-json\/wp\/v2\/comments?post=18622"}],"version-history":[{"count":2,"href":"https:\/\/www.culmia.com\/es\/wp-json\/wp\/v2\/posts\/18622\/revisions"}],"predecessor-version":[{"id":18626,"href":"https:\/\/www.culmia.com\/es\/wp-json\/wp\/v2\/posts\/18622\/revisions\/18626"}],"wp:featuredmedia":[{"embeddable":true,"href":"https:\/\/www.culmia.com\/es\/wp-json\/wp\/v2\/media\/18623"}],"wp:attachment":[{"href":"https:\/\/www.culmia.com\/es\/wp-json\/wp\/v2\/media?parent=18622"}],"wp:term":[{"taxonomy":"category","embeddable":true,"href":"https:\/\/www.culmia.com\/es\/wp-json\/wp\/v2\/categories?post=18622"},{"taxonomy":"post_tag","embeddable":true,"href":"https:\/\/www.culmia.com\/es\/wp-json\/wp\/v2\/tags?post=18622"}],"curies":[{"name":"wp","href":"https:\/\/api.w.org\/{rel}","templated":true}]}}