{"id":18570,"date":"2023-03-17T09:10:53","date_gmt":"2023-03-17T08:10:53","guid":{"rendered":"https:\/\/culmia.dev.emood.es\/?p=18570"},"modified":"2025-09-15T09:11:38","modified_gmt":"2025-09-15T07:11:38","slug":"culmia-celebra-la-ii-edicion-de-los-premios-seguridad-y-salud-y-galardona-las-mejores-practicas-en-sus-promociones","status":"publish","type":"post","link":"https:\/\/www.culmia.com\/es\/blog\/culmia-celebra-la-ii-edicion-de-los-premios-seguridad-y-salud-y-galardona-las-mejores-practicas-en-sus-promociones\/","title":{"rendered":"Culmia celebra la II Edici\u00f3n de los Premios Seguridad y Salud y galardona las mejores pr\u00e1cticas en sus promociones"},"content":{"rendered":"<ul> <li>La jornada, acogida en el Colegio de Arquitectos T\u00e9cnicos y Aparejadores de Madrid, tuvo como objetivo incidir en los nuevos desaf\u00edos del sector en estas materias y la importancia de establecer protocolos de seguridad y salud en las compa\u00f1\u00edas.<\/li> <li>El evento cont\u00f3 con la participaci\u00f3n de\u00a0<strong>grandes expertos en este campo y galardon\u00f3 a las mejores pr\u00e1cticas<\/strong>\u00a0llevadas a cabo en las\u00a0<a href=\"https:\/\/www.culmia.com\/es\/promociones\">promociones de Culmia<\/a>.<\/li> <\/ul> <p><img decoding=\"async\" class=\"alignnone size-full wp-image-18571\" src=\"https:\/\/www.culmia.com\/wp-content\/uploads\/2025\/09\/th_Culmia_PremiosSS_MEDIA-2.jpg\" alt=\"\" width=\"1920\" height=\"905\" title=\"\" srcset=\"https:\/\/www.culmia.com\/wp-content\/uploads\/2025\/09\/th_Culmia_PremiosSS_MEDIA-2-200x94.jpg 200w, https:\/\/www.culmia.com\/wp-content\/uploads\/2025\/09\/th_Culmia_PremiosSS_MEDIA-2-300x141.jpg 300w, https:\/\/www.culmia.com\/wp-content\/uploads\/2025\/09\/th_Culmia_PremiosSS_MEDIA-2-400x189.jpg 400w, https:\/\/www.culmia.com\/wp-content\/uploads\/2025\/09\/th_Culmia_PremiosSS_MEDIA-2-600x283.jpg 600w, https:\/\/www.culmia.com\/wp-content\/uploads\/2025\/09\/th_Culmia_PremiosSS_MEDIA-2-768x362.jpg 768w, https:\/\/www.culmia.com\/wp-content\/uploads\/2025\/09\/th_Culmia_PremiosSS_MEDIA-2-800x377.jpg 800w, https:\/\/www.culmia.com\/wp-content\/uploads\/2025\/09\/th_Culmia_PremiosSS_MEDIA-2-1024x483.jpg 1024w, https:\/\/www.culmia.com\/wp-content\/uploads\/2025\/09\/th_Culmia_PremiosSS_MEDIA-2-1200x566.jpg 1200w, https:\/\/www.culmia.com\/wp-content\/uploads\/2025\/09\/th_Culmia_PremiosSS_MEDIA-2-1536x724.jpg 1536w, https:\/\/www.culmia.com\/wp-content\/uploads\/2025\/09\/th_Culmia_PremiosSS_MEDIA-2.jpg 1920w\" sizes=\"(max-width: 1920px) 100vw, 1920px\" \/><\/p> <p>17 de marzo de 2023 \u2013 Culmia, la plataforma residencial de gesti\u00f3n de proyectos inmobiliarios l\u00edder en Espa\u00f1a, ha celebrado la\u00a0<strong>II Edici\u00f3n de los Premios Seguridad y Salud<\/strong>\u00a0en el Colegio de Arquitectos T\u00e9cnicos y Aparejadores de Madrid. La jornada, que ha contado con la participaci\u00f3n de grandes expertos en este campo, ha estado dedicada a los nuevos desaf\u00edos en el sector promotor en este campo y ha galardonado las mejores pr\u00e1cticas en sus promociones. El evento, adem\u00e1s, cont\u00f3 con la presencia de\u00a0<a href=\"https:\/\/www.jammingweb.com\/\" target=\"_blank\" rel=\"noopener nofollow\">Jamming Show<\/a>: un grupo teatral que ameniz\u00f3 la jornada actuando como maestros de ceremonia y que llev\u00f3 a cabo un espect\u00e1culo de improvisaci\u00f3n sobre la tem\u00e1tica del evento.<\/p> <p>La velada comenz\u00f3 con una apertura institucional a cargo de\u00a0<em>Jes\u00fas Esteban, miembro de la Junta Directiva del Colegio de Arquitectos T\u00e9cnicos y Aparejadores de Madri<\/em>d, que dio paso a la primera ponencia del evento\u00a0<strong>\u2018Conversaciones de Seguridad y Salud\u2019<\/strong>, liderada por los expertos en la materia\u00a0<em>Cristina G\u00f3mez, responsable de PRL de Culmia y F\u00e9lix Sanz Herrero, miembro de PRL Innovaci\u00f3n<\/em>. Posteriormente,\u00a0<em>Jos\u00e9 Mar\u00eda Ruiz, director t\u00e9cnico de Qsafety<\/em>, dirigi\u00f3 una intervenci\u00f3n sobre las mejores pr\u00e1cticas en Seguridad y Salud en el sector, con especial foco a la prevenci\u00f3n de incendios en obras.<\/p> <p>Entre las\u00a0<strong>principales conclusiones e ideas compartidas durante el evento<\/strong>, destacan\u00a0<strong>la importancia de introducir protocolos de seguridad y salud en las compa\u00f1\u00edas de una manera transversal<\/strong>\u00a0y c\u00f3mo estos pueden fortalecer el liderazgo, formar parte de la cultura preventiva de las empresas y ser palanca de cambio a todos los niveles organizacionales. Los coloquios, adem\u00e1s, incluyeron\u00a0<strong>casos pr\u00e1cticos y reales<\/strong>\u00a0que pusieron de manifiesto c\u00f3mo la correcta aplicaci\u00f3n de protocolos de seguridad y salud han contribuido a la disminuci\u00f3n del riesgo en las obras.<\/p> <p>Posteriormente,\u00a0<em>Francisco P\u00e9rez, CEO de Culmia<\/em>, quiso compartir con los asistentes un barrido hist\u00f3rico por momentos de su trayectoria profesional donde las buenas pr\u00e1cticas en estas materias han sido de vital importancia; al mismo tiempo que destac\u00f3 el impacto que la correcta implantaci\u00f3n de estos protocolos pueden tener en una compa\u00f1\u00eda, especialmente en aquellas que desempe\u00f1an su actividad profesional en el sector inmobiliario.<\/p> <h2><strong>Un reconocimiento a las mejores pr\u00e1cticas en el sector<\/strong><\/h2> <p>En el \u00faltimo tramo del evento,\u00a0<em>Juan Manuel Borr\u00e1s, director de Operaciones de Culmia<\/em>, fue el encargado de otorgar los\u00a0<strong>premios a los ganadores y finalistas de las diferentes categor\u00edas establecidas por la compa\u00f1\u00eda<\/strong>, pensadas para tener en cuenta la labor de los profesionales que participan desde el inicio hasta el final del proceso de construcci\u00f3n de una promoci\u00f3n.<\/p> <p>En la\u00a0<strong>categor\u00eda de \u2018Coordinador de seguridad y salud\u2019<\/strong>, Francisco Javier S\u00e1nchez Flores recibi\u00f3 el primer premio, mientras que el segundo finalista fue Jes\u00fas Clemente Fern\u00e1ndez Hij\u00f3n, ambos de BUREAU VERITAS.<\/p> <p>Por parte de la\u00a0<strong>categor\u00eda de \u2018Gerente de promoci\u00f3n\u2019<\/strong>, la primera finalista ha sido Beatriz Horcajo Guerrero, de la Direcci\u00f3n Territorial de Catalu\u00f1a de Culmia, mientras que el segundo finalista fue Juan Luis Justicia Mart\u00edn, de la Direcci\u00f3n Territorial Este de Culmia. Cabe destacar en esta categor\u00eda la Menci\u00f3n Especial por trabajo en equipo a Eva Luquero Ramos, Juan Rubio Montes, Javier Lozano Colmenarejo por su desempe\u00f1o en el Plan Vive de la Comunidad de Madrid.<\/p> <p>En \u00faltimo lugar, en la\u00a0<strong>categor\u00eda \u2018Constructora \u2013 Obra\u201d<\/strong>, han resultado galardonados como primeros finalistas Sara Potas, Manuel Uceda y Joan Retamal, de Obres T\u00e8cniques Lloret, por su trabajo en las obras de CULMIA Alba del Vall\u00e8s II en Sant Fost de Campsentelles (Barcelona). Por otro lado, como segundos finalistas han resultado Daniel Navas y Mar\u00eda Rosa Jim\u00e9nez, de SAN JOS\u00c9 Constructora, por su desempe\u00f1o en CULMIA Ciencias Park (Sevilla).<\/p> <p>Te recomendamos leer esta nota de prensa escuchando nuestra\u00a0<a href=\"https:\/\/open.spotify.com\/playlist\/4wukveevnYd398HBQ94TpF\" target=\"_blank\" rel=\"noopener nofollow\">playlist \u2018Destino, tu hogar\u2019<\/a><\/p>","protected":false},"excerpt":{"rendered":"<p>La jornada, acogida en el Colegio de Arquitectos T\u00e9cnicos y &#8230;<\/p>\n","protected":false},"author":15,"featured_media":18571,"comment_status":"open","ping_status":"open","sticky":false,"template":"","format":"standard","meta":{"_acf_changed":false,"footnotes":""},"categories":[121,1306],"tags":[],"class_list":["post-18570","post","type-post","status-publish","format-standard","has-post-thumbnail","hentry","category-actualidad","category-culmia"],"acf":[],"_links":{"self":[{"href":"https:\/\/www.culmia.com\/es\/wp-json\/wp\/v2\/posts\/18570","targetHints":{"allow":["GET"]}}],"collection":[{"href":"https:\/\/www.culmia.com\/es\/wp-json\/wp\/v2\/posts"}],"about":[{"href":"https:\/\/www.culmia.com\/es\/wp-json\/wp\/v2\/types\/post"}],"author":[{"embeddable":true,"href":"https:\/\/www.culmia.com\/es\/wp-json\/wp\/v2\/users\/15"}],"replies":[{"embeddable":true,"href":"https:\/\/www.culmia.com\/es\/wp-json\/wp\/v2\/comments?post=18570"}],"version-history":[{"count":1,"href":"https:\/\/www.culmia.com\/es\/wp-json\/wp\/v2\/posts\/18570\/revisions"}],"predecessor-version":[{"id":18573,"href":"https:\/\/www.culmia.com\/es\/wp-json\/wp\/v2\/posts\/18570\/revisions\/18573"}],"wp:featuredmedia":[{"embeddable":true,"href":"https:\/\/www.culmia.com\/es\/wp-json\/wp\/v2\/media\/18571"}],"wp:attachment":[{"href":"https:\/\/www.culmia.com\/es\/wp-json\/wp\/v2\/media?parent=18570"}],"wp:term":[{"taxonomy":"category","embeddable":true,"href":"https:\/\/www.culmia.com\/es\/wp-json\/wp\/v2\/categories?post=18570"},{"taxonomy":"post_tag","embeddable":true,"href":"https:\/\/www.culmia.com\/es\/wp-json\/wp\/v2\/tags?post=18570"}],"curies":[{"name":"wp","href":"https:\/\/api.w.org\/{rel}","templated":true}]}}