{"id":18372,"date":"2023-08-03T11:39:06","date_gmt":"2023-08-03T09:39:06","guid":{"rendered":"https:\/\/culmia.dev.emood.es\/?p=18372"},"modified":"2025-09-12T11:39:42","modified_gmt":"2025-09-12T09:39:42","slug":"culmia-inicia-las-obras-de-su-primera-promocion-en-mallorca-culmia-can-mare","status":"publish","type":"post","link":"https:\/\/www.culmia.com\/es\/blog\/culmia-inicia-las-obras-de-su-primera-promocion-en-mallorca-culmia-can-mare\/","title":{"rendered":"Culmia inicia las obras de su primera promoci\u00f3n en Mallorca, Culmia Can Mare"},"content":{"rendered":"<ul> <li>La promoci\u00f3n cuenta con\u00a0<strong>88 viviendas de 2, 3 y 4 dormitorios<\/strong>, con piscina comunitaria, garaje, trastero, Espacio Cardioprotegido,\u00a0<strong>jard\u00edn privado<\/strong>\u00a0en viviendas de planta baja y\u00a0<strong>amplias terrazas con sol\u00e1rium<\/strong>\u00a0en viviendas de cuarta planta.<\/li> <li>La promoci\u00f3n cuenta con una\u00a0<strong>calificaci\u00f3n energ\u00e9tica B<\/strong>\u00a0y los edificios disponen de instalaci\u00f3n de aerotermia, reduciendo as\u00ed el gasto energ\u00e9tico y ayudando al medio ambiente.<\/li> <\/ul> <p><img decoding=\"async\" class=\"alignnone size-full wp-image-18373\" src=\"https:\/\/www.culmia.com\/wp-content\/uploads\/2025\/09\/th_Culmia_Can_Mare.jpg\" alt=\"\" width=\"1920\" height=\"905\" title=\"\" srcset=\"https:\/\/www.culmia.com\/wp-content\/uploads\/2025\/09\/th_Culmia_Can_Mare-200x94.jpg 200w, https:\/\/www.culmia.com\/wp-content\/uploads\/2025\/09\/th_Culmia_Can_Mare-300x141.jpg 300w, https:\/\/www.culmia.com\/wp-content\/uploads\/2025\/09\/th_Culmia_Can_Mare-400x189.jpg 400w, https:\/\/www.culmia.com\/wp-content\/uploads\/2025\/09\/th_Culmia_Can_Mare-600x283.jpg 600w, https:\/\/www.culmia.com\/wp-content\/uploads\/2025\/09\/th_Culmia_Can_Mare-768x362.jpg 768w, https:\/\/www.culmia.com\/wp-content\/uploads\/2025\/09\/th_Culmia_Can_Mare-800x377.jpg 800w, https:\/\/www.culmia.com\/wp-content\/uploads\/2025\/09\/th_Culmia_Can_Mare-1024x483.jpg 1024w, https:\/\/www.culmia.com\/wp-content\/uploads\/2025\/09\/th_Culmia_Can_Mare-1200x566.jpg 1200w, https:\/\/www.culmia.com\/wp-content\/uploads\/2025\/09\/th_Culmia_Can_Mare-1536x724.jpg 1536w, https:\/\/www.culmia.com\/wp-content\/uploads\/2025\/09\/th_Culmia_Can_Mare.jpg 1920w\" sizes=\"(max-width: 1920px) 100vw, 1920px\" \/><\/p> <p>3 de agosto de 2023 - Culmia, la plataforma residencial de gesti\u00f3n de proyectos inmobiliarios l\u00edder en Espa\u00f1a, inicia las obras de su primera promoci\u00f3n en Mallorca,\u00a0<a href=\"https:\/\/www.culmia.com\/es\/promociones\/islas-baleares\/palma-de-mallorca\/culmia-can-mare\" target=\"_blank\" rel=\"noopener\">Culmia Can Mare<\/a>. La promoci\u00f3n est\u00e1 compuesta por<strong>\u00a088 viviendas de 2, 3 y 4 dormitorios, que van de los 78 m\u00b2 a los 136 m\u00b2<\/strong>, y cuenta con piscina comunitaria, tanto infantil como de adultos, garaje, trasteros, Espacio Cardioprotegido, jard\u00edn privado en viviendas de planta baja y amplias terrazas con sol\u00e1rium en viviendas de cuarta planta.<\/p> <p>La promoci\u00f3n cuenta con una\u00a0<strong>calificaci\u00f3n energ\u00e9tica B<\/strong>\u00a0y los edificios disponen de instalaci\u00f3n de\u00a0<a href=\"https:\/\/www.culmia.com\/blog\/que-es-aerotermia\/\">aerotermia<\/a>\u00a0para la producci\u00f3n de agua caliente sanitaria reduciendo as\u00ed el gasto energ\u00e9tico y ayudando al medio ambiente. De igual forma,\u00a0<strong>las viviendas cuentan con un sistema de aislamiento<\/strong>\u00a0que garantiza el confort t\u00e9rmico y ac\u00fastico.<\/p> <p>Las zonas comunes constituyen uno de los puntos fuertes de la promoci\u00f3n, ya que en esta zona de la capital balear no existe oferta de\u00a0<a href=\"https:\/\/www.culmia.com\/es\/promociones\">vivienda de obra nueva<\/a>\u00a0cuyas promociones destaquen por ofrecer zonas y servicios comunes. As\u00ed,\u00a0<strong>Culmia Can Mare dispone de zonas ajardinadas, sol\u00e1rium y piscina comunitaria<\/strong>\u00a0tanto infantil como de adultos.<\/p> <p>La promoci\u00f3n,\u00a0<strong>perfecta para familias y personas que quieren aprovechar la oferta de ocio, est\u00e1 perfectamente comunicada<\/strong>\u00a0tanto con el centro de Palma por la Calle Arag\u00f3n como con el resto de la ciudad a trav\u00e9s de la V\u00eda Cintura. Adem\u00e1s, se encuentra ubicada en una zona residencial consolidada que cuenta con todos los servicios necesarios y que dispone de gran variedad de zonas verdes como el Parc de Nelson Mandela.<\/p> <p>Para\u00a0<em><strong>Jos\u00e9 March<\/strong>, director territorial Este de Culmia<\/em>, \u201cel inicio de obras de nuestra primera promoci\u00f3n en Baleares, Can Mare, supone un paso adelante por aumentar la oferta de vivienda de obra nueva en Mallorca y cubrir la necesidad de primera vivienda y de reposici\u00f3n patente entre el p\u00fablico local\u201d.<\/p> <p>Desde 2013, Culmia ha entregado m\u00e1s de 6.800 viviendas en m\u00e1s de 100 promociones en toda Espa\u00f1a. Actualmente, dispone de 86 promociones activas -de las cuales m\u00e1s de 50 se encuentran en fase de comercializaci\u00f3n-, y que comprende m\u00e1s de 6.000 viviendas repartidas por Catalu\u00f1a, Comunidad de Madrid, Pa\u00eds Vasco, Asturias, Galicia, Baleares, Comunidad Valenciana, Murcia y Andaluc\u00eda.<\/p> <p><strong>Te recomendamos<\/strong>\u00a0leer esta nota de prensa escuchando\u00a0<a href=\"https:\/\/open.spotify.com\/playlist\/2EiNr3mQcQJaSZMCcwRCRD?si=c661a9244e004d23&amp&nd=1\" target=\"_blank\" rel=\"noopener nofollow\">nuestra playlist \u2018Destino, Baleares\u2019.<\/a><\/p>","protected":false},"excerpt":{"rendered":"<p>La promoci\u00f3n cuenta con\u00a088 viviendas de 2, 3 y 4 &#8230;<\/p>\n","protected":false},"author":15,"featured_media":18373,"comment_status":"open","ping_status":"open","sticky":false,"template":"","format":"standard","meta":{"_acf_changed":false,"footnotes":""},"categories":[121,1306],"tags":[],"class_list":["post-18372","post","type-post","status-publish","format-standard","has-post-thumbnail","hentry","category-actualidad","category-culmia"],"acf":[],"_links":{"self":[{"href":"https:\/\/www.culmia.com\/es\/wp-json\/wp\/v2\/posts\/18372","targetHints":{"allow":["GET"]}}],"collection":[{"href":"https:\/\/www.culmia.com\/es\/wp-json\/wp\/v2\/posts"}],"about":[{"href":"https:\/\/www.culmia.com\/es\/wp-json\/wp\/v2\/types\/post"}],"author":[{"embeddable":true,"href":"https:\/\/www.culmia.com\/es\/wp-json\/wp\/v2\/users\/15"}],"replies":[{"embeddable":true,"href":"https:\/\/www.culmia.com\/es\/wp-json\/wp\/v2\/comments?post=18372"}],"version-history":[{"count":2,"href":"https:\/\/www.culmia.com\/es\/wp-json\/wp\/v2\/posts\/18372\/revisions"}],"predecessor-version":[{"id":18376,"href":"https:\/\/www.culmia.com\/es\/wp-json\/wp\/v2\/posts\/18372\/revisions\/18376"}],"wp:featuredmedia":[{"embeddable":true,"href":"https:\/\/www.culmia.com\/es\/wp-json\/wp\/v2\/media\/18373"}],"wp:attachment":[{"href":"https:\/\/www.culmia.com\/es\/wp-json\/wp\/v2\/media?parent=18372"}],"wp:term":[{"taxonomy":"category","embeddable":true,"href":"https:\/\/www.culmia.com\/es\/wp-json\/wp\/v2\/categories?post=18372"},{"taxonomy":"post_tag","embeddable":true,"href":"https:\/\/www.culmia.com\/es\/wp-json\/wp\/v2\/tags?post=18372"}],"curies":[{"name":"wp","href":"https:\/\/api.w.org\/{rel}","templated":true}]}}