{"id":18351,"date":"2023-09-19T11:23:15","date_gmt":"2023-09-19T09:23:15","guid":{"rendered":"https:\/\/culmia.dev.emood.es\/?p=18351"},"modified":"2025-09-12T11:34:16","modified_gmt":"2025-09-12T09:34:16","slug":"culmia-inicia-la-comercializacion-de-las-primeras-viviendas-del-plan-vive-de-la-comunidad-de-madrid-en-alcorcon","status":"publish","type":"post","link":"https:\/\/www.culmia.com\/es\/blog\/culmia-inicia-la-comercializacion-de-las-primeras-viviendas-del-plan-vive-de-la-comunidad-de-madrid-en-alcorcon\/","title":{"rendered":"Culmia inicia la comercializaci\u00f3n de las primeras viviendas del Plan VIVE de la Comunidad de Madrid en Alcorc\u00f3n"},"content":{"rendered":"<ul> <li>La comercializaci\u00f3n da comienzo con las\u00a0<strong>274 viviendas del Plan VIVE en Alcorc\u00f3n,<\/strong>\u00a0cuya primera adjudicaci\u00f3n se producir\u00e1 a primeros de diciembre.<\/li> <li>Hasta la fecha m\u00e1s de 850 familias se han interesado por estas viviendas.<\/li> <li>Conforme el calendario establecido no ser\u00e1 hasta el 19 de octubre cuando se inicie el periodo de registro de inscripciones formales de interesados.<\/li> <\/ul> <p><img decoding=\"async\" class=\"alignnone size-full wp-image-18354\" src=\"https:\/\/www.culmia.com\/wp-content\/uploads\/2025\/09\/th_Alcorcon-RQIbqSkeLGXZETTdsrac80H-758x531@abc.jpg\" alt=\"\" width=\"1920\" height=\"905\" title=\"\" srcset=\"https:\/\/www.culmia.com\/wp-content\/uploads\/2025\/09\/th_Alcorcon-RQIbqSkeLGXZETTdsrac80H-758x531@abc-200x94.jpg 200w, https:\/\/www.culmia.com\/wp-content\/uploads\/2025\/09\/th_Alcorcon-RQIbqSkeLGXZETTdsrac80H-758x531@abc-300x141.jpg 300w, https:\/\/www.culmia.com\/wp-content\/uploads\/2025\/09\/th_Alcorcon-RQIbqSkeLGXZETTdsrac80H-758x531@abc-400x189.jpg 400w, https:\/\/www.culmia.com\/wp-content\/uploads\/2025\/09\/th_Alcorcon-RQIbqSkeLGXZETTdsrac80H-758x531@abc-600x283.jpg 600w, https:\/\/www.culmia.com\/wp-content\/uploads\/2025\/09\/th_Alcorcon-RQIbqSkeLGXZETTdsrac80H-758x531@abc-768x362.jpg 768w, https:\/\/www.culmia.com\/wp-content\/uploads\/2025\/09\/th_Alcorcon-RQIbqSkeLGXZETTdsrac80H-758x531@abc-800x377.jpg 800w, https:\/\/www.culmia.com\/wp-content\/uploads\/2025\/09\/th_Alcorcon-RQIbqSkeLGXZETTdsrac80H-758x531@abc-1024x483.jpg 1024w, https:\/\/www.culmia.com\/wp-content\/uploads\/2025\/09\/th_Alcorcon-RQIbqSkeLGXZETTdsrac80H-758x531@abc-1200x566.jpg 1200w, https:\/\/www.culmia.com\/wp-content\/uploads\/2025\/09\/th_Alcorcon-RQIbqSkeLGXZETTdsrac80H-758x531@abc-1536x724.jpg 1536w, https:\/\/www.culmia.com\/wp-content\/uploads\/2025\/09\/th_Alcorcon-RQIbqSkeLGXZETTdsrac80H-758x531@abc.jpg 1920w\" sizes=\"(max-width: 1920px) 100vw, 1920px\" \/><\/p> <p><strong>19 de septiembre de 2023<\/strong>\u00a0- Culmia, la plataforma residencial de gesti\u00f3n de proyectos inmobiliarios l\u00edder en Espa\u00f1a, inicia la\u00a0<strong>comercializaci\u00f3n de las primeras viviendas del Plan VIVE de la Comunidad de Madrid<\/strong>. En concreto, esta fase da comienzo con las\u00a0<strong>274 viviendas localizadas en Alcorc\u00f3n.<\/strong><\/p> <p>A pesar de que el proceso de inscripci\u00f3n formal de los interesados en las viviendas no se abre hasta el pr\u00f3ximo 19 de octubre, a trav\u00e9s de la p\u00e1gina web convivemadridalquila.com, los responsables del proyecto ya han recibido m\u00e1s de 850 solicitudes para optar a estas primeras viviendas.<\/p> <p>Se estima que a finales de a\u00f1o se completar\u00e1 el procedimiento de adjudicaci\u00f3n. Este ser\u00e1 por estricto orden cronol\u00f3gico de inscripci\u00f3n, siempre que se cumplan todos los requisitos de acceso. Los potenciales adjudicatarios debe ser mayores de edad, contar con nacionalidad espa\u00f1ola o residir legalmente en el pa\u00eds, cumplir con los l\u00edmites de ingresos establecidos para cada tipolog\u00eda de vivienda, la cantidad que la unidad de convivencia destinar\u00e1 al pago de la renta total anual no deber\u00e1 superar el 35% de sus ingresos netos anuales, deber\u00e1n estar empadronados y\/o tener el centro de trabajo en el municipio al que se opta con una antig\u00fcedad m\u00ednima de tres a\u00f1os y deber\u00e1n destinar la vivienda a su residencia habitual, careciendo de una vivienda en propiedad en el territorio nacional.<\/p> <p>La\u00a0<strong>promoci\u00f3n de Alcorc\u00f3n<\/strong>, enmarcada dentro del Lote 3 del Plan VIVE I de la Comunidad de Madrid,<strong>\u00a0cuenta con 30 pisos de un dormitorio, 192 de dos dormitorios y 52 viviendas de tres dormitorios.<\/strong>\u00a0Cuenta adem\u00e1s con plazas de garaje, trasteros, piscinas y gimnasios comunitarios, vestuarios, pista multi-deporte equipada, garita de control de accesos con servicio de porter\u00eda, sala coworking y zonas verdes y de ocio infantil.<\/p> <p>Asimismo, estas viviendas cuentan con la\u00a0<strong>precalificaci\u00f3n de\u00a0<a href=\"https:\/\/www.culmia.com\/es\/destino-sostenible\">sostenibilidad BREEAM Excelente<\/a>\u00a0-calificaci\u00f3n en fase de proyecto-<\/strong>. Esta certificaci\u00f3n acredita que las promociones cumplen los est\u00e1ndares de sostenibilidad m\u00e1s altos y plantean un consumo racional y eficiente de energ\u00eda.<\/p> <p>Conforme al calendario previsto,\u00a0<strong>la primera adjudicaci\u00f3n de las viviendas del Plan VIVE en Alcorc\u00f3n se realizar\u00e1 a primeros del mes de diciembre.<\/strong>\u00a0Las siguientes promociones de las que se iniciar\u00e1 la fase de comercializaci\u00f3n ser\u00e1n las ubicadas en Tres Cantos y Alcal\u00e1 de Henares.<\/p> <p>En palabras de Jaume Borr\u00e0s, director de negocio de Culmia, \u201cdar inicio a esta fase de comercializaci\u00f3n de las primeras viviendas del Plan VIVE de la CAM nos enorgullece y supone seguir cumpliendo con la hoja de ruta que nos fijamos, y a la vez consolida nuestro trabajo para seguir avanzando en el proyecto. En estos meses hemos visto el inter\u00e9s que ha despertado el Plan VIVE, tanto en el sector como en la ciudadan\u00eda, y alcanzar \u00e9ste hito supone materializarlo y aportar, por tanto, soluciones reales al problema del acceso a la vivienda\u201d.<\/p> <p>El\u00a0<strong><a href=\"https:\/\/www.culmia.com\/es\/vivienda-asequible\">Plan VIVE<\/a>\u00a0es el proyecto impulsado por la Comunidad de Madrid<\/strong>\u00a0bajo un modelo de concesiones administrativas que contempla la construcci\u00f3n de viviendas de alquiler asequible. Culmia ha sido adjudicataria del Lote 3 de su primera fase y del lote \u00fanico de la segunda. El Lote 3 est\u00e1 compuesto por 12 parcelas y 1.763 viviendas y tiene suelos en San Sebasti\u00e1n de los Reyes, Tres Cantos, Alcorc\u00f3n, Alcal\u00e1 de Henares y Getafe. El Plan VIVE II est\u00e1 formado por 1.137 viviendas ubicadas en cinco parcelas en los municipios de Boadilla del Monte, Pinto y Colmenar Viejo.<\/p> <p>Te recomendamos leer esta nota de prensa escuchando\u00a0<a href=\"https:\/\/open.spotify.com\/playlist\/4wukveevnYd398HBQ94TpF?si=05b36fa693a142d3\" target=\"_blank\" rel=\"noopener nofollow\">nuestra playlist \u2018Destino, tu hogar\u2019.\u00a0<\/a><\/p>","protected":false},"excerpt":{"rendered":"<p>La comercializaci\u00f3n da comienzo con las\u00a0274 viviendas del Plan VIVE &#8230;<\/p>\n","protected":false},"author":15,"featured_media":18354,"comment_status":"open","ping_status":"open","sticky":false,"template":"","format":"standard","meta":{"_acf_changed":false,"footnotes":""},"categories":[121,1306],"tags":[],"class_list":["post-18351","post","type-post","status-publish","format-standard","has-post-thumbnail","hentry","category-actualidad","category-culmia"],"acf":[],"_links":{"self":[{"href":"https:\/\/www.culmia.com\/es\/wp-json\/wp\/v2\/posts\/18351","targetHints":{"allow":["GET"]}}],"collection":[{"href":"https:\/\/www.culmia.com\/es\/wp-json\/wp\/v2\/posts"}],"about":[{"href":"https:\/\/www.culmia.com\/es\/wp-json\/wp\/v2\/types\/post"}],"author":[{"embeddable":true,"href":"https:\/\/www.culmia.com\/es\/wp-json\/wp\/v2\/users\/15"}],"replies":[{"embeddable":true,"href":"https:\/\/www.culmia.com\/es\/wp-json\/wp\/v2\/comments?post=18351"}],"version-history":[{"count":2,"href":"https:\/\/www.culmia.com\/es\/wp-json\/wp\/v2\/posts\/18351\/revisions"}],"predecessor-version":[{"id":18357,"href":"https:\/\/www.culmia.com\/es\/wp-json\/wp\/v2\/posts\/18351\/revisions\/18357"}],"wp:featuredmedia":[{"embeddable":true,"href":"https:\/\/www.culmia.com\/es\/wp-json\/wp\/v2\/media\/18354"}],"wp:attachment":[{"href":"https:\/\/www.culmia.com\/es\/wp-json\/wp\/v2\/media?parent=18351"}],"wp:term":[{"taxonomy":"category","embeddable":true,"href":"https:\/\/www.culmia.com\/es\/wp-json\/wp\/v2\/categories?post=18351"},{"taxonomy":"post_tag","embeddable":true,"href":"https:\/\/www.culmia.com\/es\/wp-json\/wp\/v2\/tags?post=18351"}],"curies":[{"name":"wp","href":"https:\/\/api.w.org\/{rel}","templated":true}]}}