{"id":18322,"date":"2023-11-14T11:12:14","date_gmt":"2023-11-14T10:12:14","guid":{"rendered":"https:\/\/culmia.dev.emood.es\/?p=18322"},"modified":"2025-09-12T11:13:04","modified_gmt":"2025-09-12T09:13:04","slug":"culmia-lanza-en-la-isla-de-mallorca-su-segunda-promocion-can-mare-ii","status":"publish","type":"post","link":"https:\/\/www.culmia.com\/es\/blog\/culmia-lanza-en-la-isla-de-mallorca-su-segunda-promocion-can-mare-ii\/","title":{"rendered":"Culmia lanza en la isla de Mallorca su segunda promoci\u00f3n Can Mare II"},"content":{"rendered":"<ul> <li>La promoci\u00f3n cuenta con\u00a0<strong>99 viviendas de 2 y 3 dormitorios<\/strong>, con piscina comunitaria, garajes, trasteros, zona de juegos infantiles, jardines y parking para bicicletas.<\/li> <li>Cuenta con una\u00a0<strong>calificaci\u00f3n energ\u00e9tica B<\/strong>, utilizando sistemas de aerotermia en las viviendas para una mayor eficiencia en el ahorro energ\u00e9tico.<\/li> <li>Junto con la otra promoci\u00f3n de Culmia en Mallorca,\u00a0<a href=\"https:\/\/www.culmia.com\/es\/promociones\/islas-baleares\/palma-de-mallorca\/culmia-can-mare\">Culmia Can Mare<\/a>, se levantar\u00e1n cerca de 200 hogares en la zona.<\/li> <\/ul> <p><img decoding=\"async\" class=\"alignnone size-full wp-image-18323\" src=\"https:\/\/www.culmia.com\/wp-content\/uploads\/2025\/09\/th_Culmia-Can-Mare-2.jpg\" alt=\"\" width=\"1920\" height=\"905\" title=\"\" srcset=\"https:\/\/www.culmia.com\/wp-content\/uploads\/2025\/09\/th_Culmia-Can-Mare-2-200x94.jpg 200w, https:\/\/www.culmia.com\/wp-content\/uploads\/2025\/09\/th_Culmia-Can-Mare-2-300x141.jpg 300w, https:\/\/www.culmia.com\/wp-content\/uploads\/2025\/09\/th_Culmia-Can-Mare-2-400x189.jpg 400w, https:\/\/www.culmia.com\/wp-content\/uploads\/2025\/09\/th_Culmia-Can-Mare-2-600x283.jpg 600w, https:\/\/www.culmia.com\/wp-content\/uploads\/2025\/09\/th_Culmia-Can-Mare-2-768x362.jpg 768w, https:\/\/www.culmia.com\/wp-content\/uploads\/2025\/09\/th_Culmia-Can-Mare-2-800x377.jpg 800w, https:\/\/www.culmia.com\/wp-content\/uploads\/2025\/09\/th_Culmia-Can-Mare-2-1024x483.jpg 1024w, https:\/\/www.culmia.com\/wp-content\/uploads\/2025\/09\/th_Culmia-Can-Mare-2-1200x566.jpg 1200w, https:\/\/www.culmia.com\/wp-content\/uploads\/2025\/09\/th_Culmia-Can-Mare-2-1536x724.jpg 1536w, https:\/\/www.culmia.com\/wp-content\/uploads\/2025\/09\/th_Culmia-Can-Mare-2.jpg 1920w\" sizes=\"(max-width: 1920px) 100vw, 1920px\" \/><\/p> <p>Culmia, la plataforma inmobiliaria que concentra \u00edntegramente las soluciones de vivienda del mercado, lanza su\u00a0<strong>segunda promoci\u00f3n en Mallorca<\/strong>,\u00a0<strong><a href=\"https:\/\/www.culmia.com\/es\/promociones\/islas-baleares\/palma-de-mallorca\/culmia-can-mare-ii\">Culmia Can Mare II<\/a><\/strong>.<\/p> <p>La promoci\u00f3n est\u00e1 compuesta por tres edificios en altura de cuatro plantas con un total de\u00a0<strong>99 viviendas, con distribuciones de 2 y 3 dormitorios que van de los 63m\u00b2 a los 103m\u00b2<\/strong>. Todas las viviendas cuentan con terraza, garaje y trastero. Adem\u00e1s de piscina comunitaria, zona de juegos infantiles, jardines, parking para bicicletas y un espacio cardioprotegido para poder utilizar en caso de una emergencia cardiaca.<\/p> <p>Culmia Can Mare II cuenta con una\u00a0<strong>calificaci\u00f3n energ\u00e9tica B<\/strong>\u00a0y utiliza sistemas de aerotermia en las viviendas para una mayor eficiencia en el ahorro energ\u00e9tico. Esta certificaci\u00f3n y sus sistemas supondr\u00e1n un ahorro similar al conseguido en la promoci\u00f3n Culmia Can Mare: ahorro de CO2 equivalente a 18 \u00e1rboles\/a\u00f1o, en consumo energ\u00e9tico 13.446 kWh\/a\u00f1o y en ahorro econ\u00f3mico 1.090\u20ac\/a\u00f1o.<\/p> <p>Adem\u00e1s, la promoci\u00f3n cuenta con la tecnolog\u00eda de la aplicaci\u00f3n<a href=\"https:\/\/www.culmia.com\/es\/actualidad\/culmiahome-la-nueva-aplicacion-para-el-control-inteligente-de-las-promociones-de-culmia\"><strong>\u00a0CulmiaHome<\/strong>\u00a0<\/a>que permitir\u00e1 a los usuarios gestionar la apertura de las puertas comunitarias o controlar de forma eficiente el uso energ\u00e9tico en el interior del hogar, entre otras funciones.<\/p> <p>El residencial destaca en esta zona de la capital balear al\u00a0<strong>no existir oferta de vivienda similar<\/strong>\u00a0con esta variedad de zonas comunes, calidades y excepcional conectividad. Se encuentra ubicado en una zona consolidada, con todo tipo de servicios a su alrededor. Adem\u00e1s, est\u00e1\u00a0<strong>muy bien comunicado<\/strong>\u00a0tanto con el centro<br \/> de Palma, por la Calle Arag\u00f3n, como con el resto de la ciudad a trav\u00e9s de la V\u00eda Cintura.<\/p> <p>Asimismo, est\u00e1 muy bien situado en cuanto al transporte gracias a las m\u00faltiples l\u00edneas de autobuses cercanas y estando a solo 30 minutos a pie del centro antiguo de Palma. Su f\u00e1cil acceso a la autov\u00eda Ma-20 que rodea la ciudad, facilita su conexi\u00f3n con la carretera Ma-13 que conecta con los municipios norte de la isla o la carretera Ma-15 para moverse por los municipios del este y centro. Adem\u00e1s, est\u00e1 a tan solo 10 minutos en coche del aeropuerto de Mallorca.<\/p> <p>Para Jos\u00e9 March, director territorial Este y Sur de Culmia, \u201cel lanzamiento de nuestra segunda promoci\u00f3n en Baleares, Culmia Can Mare II, marca un\u00a0<strong>importante avance<\/strong>\u00a0para continuar ampliando la oferta de viviendas de obra nueva en Mallorca y para abordar la creciente demanda de viviendas de primera residencia en la isla\u201d.<\/p> <p>Desde 2013, Culmia ya ha entregado m\u00e1s de\u00a0<strong>7.000 viviendas en m\u00e1s de 100 promociones<\/strong>\u00a0en toda Espa\u00f1a. Actualmente cuenta con 89 promociones que suman m\u00e1s de 7.500 viviendas en fase de desarrollo. De las mismas, un total de 35 promociones, que se corresponden con 3.600 viviendas, se encuentran en fase de construcci\u00f3n y se destinar\u00e1n tanto a la venta como al alquiler.<\/p> <p><strong>Te recomendamos<\/strong>\u00a0leer esta nota de prensa escuchando\u00a0<a href=\"https:\/\/open.spotify.com\/playlist\/2EiNr3mQcQJaSZMCcwRCRD\" rel=\"nofollow noopener\" target=\"_blank\">nuestra playlist \u2018Destino, Baleares\u2019<\/a>.<\/p>","protected":false},"excerpt":{"rendered":"<p>La promoci\u00f3n cuenta con\u00a099 viviendas de 2 y 3 dormitorios, &#8230;<\/p>\n","protected":false},"author":15,"featured_media":18323,"comment_status":"open","ping_status":"open","sticky":false,"template":"","format":"standard","meta":{"_acf_changed":false,"footnotes":""},"categories":[121,1306],"tags":[],"class_list":["post-18322","post","type-post","status-publish","format-standard","has-post-thumbnail","hentry","category-actualidad","category-culmia"],"acf":[],"_links":{"self":[{"href":"https:\/\/www.culmia.com\/es\/wp-json\/wp\/v2\/posts\/18322","targetHints":{"allow":["GET"]}}],"collection":[{"href":"https:\/\/www.culmia.com\/es\/wp-json\/wp\/v2\/posts"}],"about":[{"href":"https:\/\/www.culmia.com\/es\/wp-json\/wp\/v2\/types\/post"}],"author":[{"embeddable":true,"href":"https:\/\/www.culmia.com\/es\/wp-json\/wp\/v2\/users\/15"}],"replies":[{"embeddable":true,"href":"https:\/\/www.culmia.com\/es\/wp-json\/wp\/v2\/comments?post=18322"}],"version-history":[{"count":2,"href":"https:\/\/www.culmia.com\/es\/wp-json\/wp\/v2\/posts\/18322\/revisions"}],"predecessor-version":[{"id":18326,"href":"https:\/\/www.culmia.com\/es\/wp-json\/wp\/v2\/posts\/18322\/revisions\/18326"}],"wp:featuredmedia":[{"embeddable":true,"href":"https:\/\/www.culmia.com\/es\/wp-json\/wp\/v2\/media\/18323"}],"wp:attachment":[{"href":"https:\/\/www.culmia.com\/es\/wp-json\/wp\/v2\/media?parent=18322"}],"wp:term":[{"taxonomy":"category","embeddable":true,"href":"https:\/\/www.culmia.com\/es\/wp-json\/wp\/v2\/categories?post=18322"},{"taxonomy":"post_tag","embeddable":true,"href":"https:\/\/www.culmia.com\/es\/wp-json\/wp\/v2\/tags?post=18322"}],"curies":[{"name":"wp","href":"https:\/\/api.w.org\/{rel}","templated":true}]}}