{"id":18317,"date":"2023-11-14T11:11:18","date_gmt":"2023-11-14T10:11:18","guid":{"rendered":"https:\/\/culmia.dev.emood.es\/?p=18317"},"modified":"2025-09-12T11:12:08","modified_gmt":"2025-09-12T09:12:08","slug":"culmia-inicia-la-comercializacion-de-300-viviendas-del-plan-vive-de-la-comunidad-de-madrid-en-alcala-de-henares","status":"publish","type":"post","link":"https:\/\/www.culmia.com\/es\/blog\/culmia-inicia-la-comercializacion-de-300-viviendas-del-plan-vive-de-la-comunidad-de-madrid-en-alcala-de-henares\/","title":{"rendered":"Culmia inicia la comercializaci\u00f3n de 300 viviendas del Plan VIVE de la Comunidad de Madrid en Alcal\u00e1 de Henares"},"content":{"rendered":"<ul> <li>Conforme el calendario establecido ser\u00e1 el\u00a0<strong>11 de diciembre<\/strong>\u00a0cuando se inicie el\u00a0<strong>periodo de registro<\/strong>\u00a0de inscripciones formales de interesados.<\/li> <li>Est\u00e1 prevista la\u00a0<strong>primera adjudicaci\u00f3n de las viviendas el 12 de marzo<\/strong>\u00a0y la entrada de los inquilinos en verano de 2024.<\/li> <\/ul> <p><img decoding=\"async\" class=\"alignnone size-full wp-image-18318\" src=\"https:\/\/www.culmia.com\/wp-content\/uploads\/2025\/09\/th_alcala-de-henres.jpg\" alt=\"\" width=\"1920\" height=\"905\" title=\"\" srcset=\"https:\/\/www.culmia.com\/wp-content\/uploads\/2025\/09\/th_alcala-de-henres-200x94.jpg 200w, https:\/\/www.culmia.com\/wp-content\/uploads\/2025\/09\/th_alcala-de-henres-300x141.jpg 300w, https:\/\/www.culmia.com\/wp-content\/uploads\/2025\/09\/th_alcala-de-henres-400x189.jpg 400w, https:\/\/www.culmia.com\/wp-content\/uploads\/2025\/09\/th_alcala-de-henres-600x283.jpg 600w, https:\/\/www.culmia.com\/wp-content\/uploads\/2025\/09\/th_alcala-de-henres-768x362.jpg 768w, https:\/\/www.culmia.com\/wp-content\/uploads\/2025\/09\/th_alcala-de-henres-800x377.jpg 800w, https:\/\/www.culmia.com\/wp-content\/uploads\/2025\/09\/th_alcala-de-henres-1024x483.jpg 1024w, https:\/\/www.culmia.com\/wp-content\/uploads\/2025\/09\/th_alcala-de-henres-1200x566.jpg 1200w, https:\/\/www.culmia.com\/wp-content\/uploads\/2025\/09\/th_alcala-de-henres-1536x724.jpg 1536w, https:\/\/www.culmia.com\/wp-content\/uploads\/2025\/09\/th_alcala-de-henres.jpg 1920w\" sizes=\"(max-width: 1920px) 100vw, 1920px\" \/><\/p> <p>Culmia, la plataforma residencial de gesti\u00f3n de proyectos inmobiliarios l\u00edder en Espa\u00f1a, inicia la comercializaci\u00f3n de\u00a0<strong>300 viviendas del\u00a0<a href=\"https:\/\/www.culmia.com\/es\/vivienda-asequible\">Plan VIVE de la Comunidad de Madrid<\/a><\/strong>\u00a0en Alcal\u00e1 de Henares.<\/p> <p>Las viviendas, distribuidas en\u00a0<strong>dos promociones<\/strong>\u00a0y ubicadas en el barrio de Espartales Norte de\u00a0<strong>Alcal\u00e1 de Henares<\/strong>, se enmarcan en el\u00a0<a href=\"https:\/\/www.culmia.com\/es\/vivienda-asequible-ayuntamiento\">Lote 3 del Plan VIVE I<\/a><strong>\u00a0de la Comunidad de Madrid<\/strong>. El conjunto residencial cuenta con\u00a0<strong>69 pisos de un dormitorio, 195 de dos dormitorios y 36 viviendas de tres dormitorios<\/strong>, con opciones de 1 y 2 ba\u00f1os. El\u00a0<strong>4% de las viviendas<\/strong>\u00a0de estas promociones est\u00e1n adaptadas para<strong>\u00a0personas con movilidad reducida.<\/strong><\/p> <p>Todas las viviendas cuentan con\u00a0<strong>terraza, plazas de garaje y trastero<\/strong>. Cada una de las promociones dispondr\u00e1 de su propio servicio de conserjer\u00eda,<strong>\u00a0piscina con sol\u00e1rium<\/strong>, jard\u00edn con zona de juegos infantiles, gimnasio y\u00a0<strong>espacio de coworking<\/strong>.<\/p> <p>Asimismo, estas viviendas cuentan con la precalificaci\u00f3n de\u00a0<a href=\"https:\/\/www.culmia.com\/es\/destino-sostenible\">sostenibilidad BREEAM Excelente<\/a>. Esta certificaci\u00f3n acredita que las promociones cumplen los est\u00e1ndares de sostenibilidad m\u00e1s altos y plantean un consumo racional y eficiente de energ\u00eda.<\/p> <p>A pesar de que el proceso de inscripci\u00f3n formal de los interesados en las viviendas no se abre hasta el pr\u00f3ximo 11 de diciembre, a trav\u00e9s de la\u00a0<strong>p\u00e1gina web convivemadridalquila.com<\/strong>, los responsables del proyecto ya han recibido casi\u00a0<strong>500 solicitudes<\/strong>\u00a0para optar a estas primeras viviendas.<\/p> <p>El procedimiento de adjudicaci\u00f3n ser\u00e1 por estricto\u00a0<strong>orden cronol\u00f3gico de inscripci\u00f3n<\/strong>, siempre que se cumplan todos los<strong>\u00a0requisitos de acceso<\/strong>. Los potenciales adjudicatarios deben ser mayores de edad, contar con nacionalidad espa\u00f1ola o residir legalmente en el pa\u00eds, cumplir con los l\u00edmites de ingresos establecidos para cada tipolog\u00eda de vivienda, la cantidad que la unidad de convivencia destinar\u00e1 al pago de la renta total anual no deber\u00e1 superar el 35% de sus ingresos netos anuales, deber\u00e1n estar empadronados y\/o tener el centro de trabajo en el municipio al que se opta con una antig\u00fcedad m\u00ednima de tres a\u00f1os y deber\u00e1n destinar la vivienda a su residencia habitual, careciendo de una vivienda en propiedad en el territorio nacional.<\/p> <p>El barrio de los Espartales Norte de Alcal\u00e1 de Henares es una zona que cuenta con<strong>\u00a0todos los servicios para satisfacer las necesidades<\/strong>\u00a0de sus residentes como supermercados, el Centro Comercial Alcal\u00e1 Atenea y una Ciudad Deportiva, encontr\u00e1ndose adem\u00e1s pr\u00f3ximo al Hospital Universitario Pr\u00edncipe de Asturias. Cuenta con una buena conexi\u00f3n por carretera a trav\u00e9s de la A-2 y mediante el servicio de Cercan\u00edas, y las l\u00edneas de autobuses urbanos tienen parada a 50 metros de la promoci\u00f3n. El barrio est\u00e1 bien conectado con las diversas facultades de la Universidad de Alcal\u00e1 de Henares y con el resto del municipio.<\/p> <p>Conforme al calendario previsto, la\u00a0<strong>primera adjudicaci\u00f3n de las viviendas del Plan VIVE I<\/strong>\u00a0en Alcal\u00e1 de Henares ser\u00e1 el\u00a0<strong>12 de marzo de 2024<\/strong>\u00a0y la entrada de los primeros inquilinos est\u00e1 prevista para el\u00a0<strong>verano de 2024<\/strong>. Asimismo, las siguientes promociones de las que se iniciar\u00e1 la comercializaci\u00f3n ser\u00e1n las ubicadas en Getafe.<\/p> <p>En palabras de Jaume Borr\u00e0s, director de negocio de Culmia, \u00bbnos alegramos de poder poner \u00e9ste gran proyecto a disposici\u00f3n de los ciudadanos de Alcal\u00e1 de Henares. Con ello\u00a0<strong>seguimos avanzando en nuestro desarrollo del Plan VIVE<\/strong>, ahora con estas 300 viviendas que sumamos a las ya comercializadas en Alcorc\u00f3n y Tres Cantos\u201d.<\/p> <p>El Plan VIVE es el proyecto impulsado por la Comunidad de Madrid bajo un modelo de<strong>\u00a0concesiones administrativas que contempla la construcci\u00f3n de viviendas de alquiler asequible<\/strong>. Culmia ha sido adjudicataria del Lote 3 de su primera fase y del lote \u00fanico de la segunda. El Lote 3 est\u00e1 compuesto por 12 parcelas y\u00a0<strong>1.763 viviendas<\/strong>\u00a0y tiene suelos en San Sebasti\u00e1n de los Reyes, Tres Cantos, Alcorc\u00f3n, Alcal\u00e1 de Henares y Getafe. El Plan VIVE II est\u00e1 formado por 1.137 viviendas ubicadas en cinco parcelas en los municipios de Boadilla del Monte, Pinto y Colmenar Viejo.<\/p> <p><strong>Te recomendamos<\/strong>\u00a0leer esta nota de prensa escuchando\u00a0<a href=\"https:\/\/open.spotify.com\/playlist\/4cV5fuilfN3bE0spMAzutI\" target=\"_blank\" rel=\"noopener nofollow\">nuestra playlist \u2018Destino, tu hogar\u2019<\/a>.<\/p>","protected":false},"excerpt":{"rendered":"<p>Conforme el calendario establecido ser\u00e1 el\u00a011 de diciembre\u00a0cuando se inicie &#8230;<\/p>\n","protected":false},"author":15,"featured_media":18318,"comment_status":"open","ping_status":"open","sticky":false,"template":"","format":"standard","meta":{"_acf_changed":false,"footnotes":""},"categories":[121,1306],"tags":[],"class_list":["post-18317","post","type-post","status-publish","format-standard","has-post-thumbnail","hentry","category-actualidad","category-culmia"],"acf":[],"_links":{"self":[{"href":"https:\/\/www.culmia.com\/es\/wp-json\/wp\/v2\/posts\/18317","targetHints":{"allow":["GET"]}}],"collection":[{"href":"https:\/\/www.culmia.com\/es\/wp-json\/wp\/v2\/posts"}],"about":[{"href":"https:\/\/www.culmia.com\/es\/wp-json\/wp\/v2\/types\/post"}],"author":[{"embeddable":true,"href":"https:\/\/www.culmia.com\/es\/wp-json\/wp\/v2\/users\/15"}],"replies":[{"embeddable":true,"href":"https:\/\/www.culmia.com\/es\/wp-json\/wp\/v2\/comments?post=18317"}],"version-history":[{"count":2,"href":"https:\/\/www.culmia.com\/es\/wp-json\/wp\/v2\/posts\/18317\/revisions"}],"predecessor-version":[{"id":18321,"href":"https:\/\/www.culmia.com\/es\/wp-json\/wp\/v2\/posts\/18317\/revisions\/18321"}],"wp:featuredmedia":[{"embeddable":true,"href":"https:\/\/www.culmia.com\/es\/wp-json\/wp\/v2\/media\/18318"}],"wp:attachment":[{"href":"https:\/\/www.culmia.com\/es\/wp-json\/wp\/v2\/media?parent=18317"}],"wp:term":[{"taxonomy":"category","embeddable":true,"href":"https:\/\/www.culmia.com\/es\/wp-json\/wp\/v2\/categories?post=18317"},{"taxonomy":"post_tag","embeddable":true,"href":"https:\/\/www.culmia.com\/es\/wp-json\/wp\/v2\/tags?post=18317"}],"curies":[{"name":"wp","href":"https:\/\/api.w.org\/{rel}","templated":true}]}}