{"id":18312,"date":"2023-11-16T11:10:21","date_gmt":"2023-11-16T10:10:21","guid":{"rendered":"https:\/\/culmia.dev.emood.es\/?p=18312"},"modified":"2025-09-12T11:11:10","modified_gmt":"2025-09-12T09:11:10","slug":"culmia-entrega-en-la-provincia-de-girona-su-promocion-nou-vilablareix","status":"publish","type":"post","link":"https:\/\/www.culmia.com\/es\/blog\/culmia-entrega-en-la-provincia-de-girona-su-promocion-nou-vilablareix\/","title":{"rendered":"Culmia entrega en la provincia de Girona su promoci\u00f3n Nou Vilablareix"},"content":{"rendered":"<ul> <li>Se trata de viviendas de 2, 3 y 4 habitaciones con garaje, trastero, amplias zonas comunes, piscina privada y zonas ajardinadas.<\/li> <li>En la promoci\u00f3n hay<strong>\u00a0\u00e1ticos d\u00faplex y bajos tr\u00edplex<\/strong>\u00a0que adem\u00e1s disponen de jard\u00edn.<\/li> <li>La promoci\u00f3n se encuentra en una zona residencial de obra nueva, con un\u00a0<strong>dise\u00f1o vanguardista<\/strong>\u00a0y las mejores calidades en los materiales.<\/li> <\/ul> <p><img decoding=\"async\" class=\"alignnone size-full wp-image-18313\" src=\"https:\/\/www.culmia.com\/wp-content\/uploads\/2025\/09\/th_Foto-Vilablareix.jpg\" alt=\"\" width=\"1920\" height=\"905\" title=\"\" srcset=\"https:\/\/www.culmia.com\/wp-content\/uploads\/2025\/09\/th_Foto-Vilablareix-200x94.jpg 200w, https:\/\/www.culmia.com\/wp-content\/uploads\/2025\/09\/th_Foto-Vilablareix-300x141.jpg 300w, https:\/\/www.culmia.com\/wp-content\/uploads\/2025\/09\/th_Foto-Vilablareix-400x189.jpg 400w, https:\/\/www.culmia.com\/wp-content\/uploads\/2025\/09\/th_Foto-Vilablareix-600x283.jpg 600w, https:\/\/www.culmia.com\/wp-content\/uploads\/2025\/09\/th_Foto-Vilablareix-768x362.jpg 768w, https:\/\/www.culmia.com\/wp-content\/uploads\/2025\/09\/th_Foto-Vilablareix-800x377.jpg 800w, https:\/\/www.culmia.com\/wp-content\/uploads\/2025\/09\/th_Foto-Vilablareix-1024x483.jpg 1024w, https:\/\/www.culmia.com\/wp-content\/uploads\/2025\/09\/th_Foto-Vilablareix-1200x566.jpg 1200w, https:\/\/www.culmia.com\/wp-content\/uploads\/2025\/09\/th_Foto-Vilablareix-1536x724.jpg 1536w, https:\/\/www.culmia.com\/wp-content\/uploads\/2025\/09\/th_Foto-Vilablareix.jpg 1920w\" sizes=\"(max-width: 1920px) 100vw, 1920px\" \/><\/p> <p>Culmia, la plataforma residencial de gesti\u00f3n de proyectos inmobiliarios l\u00edder en Espa\u00f1a, entrega las viviendas de su promoci\u00f3n\u00a0<a href=\"https:\/\/www.culmia.com\/es\/promociones\/girona\/vilablareix\/culmia-nou-vilablareix\">Culmia Nou Vilablareix<\/a>. Se trata de\u00a0<strong>52 viviendas exclusivas<\/strong>\u00a0con superficies que van de los 126,15 m\u00b2 a los 176,50 m\u00b2, con opciones de 2, 3 y 4 dormitorios, distribuidas en 2 edificios de 3 plantas y ubicadas en un complejo residencial de obra nueva de una zona familiar y tranquila, a unos 6 kil\u00f3metros de Girona.<\/p> <p>Culmia Nou Vilablareix destaca por sus zonas comunes ya que cuenta con<strong>\u00a0piscina comunitaria con sol\u00e1rium y amplias zonas ajardinadas<\/strong>. Y por el dise\u00f1o vanguardista y los acabados de primera calidad, gracias a los cuales, por ejemplo, se disfruta de\u00a0<strong>gran luz natural<\/strong>\u00a0que entra a trav\u00e9s de los grandes ventanales.<\/p> <p>Asimismo, los edificios cuentan con\u00a0<a href=\"https:\/\/www.culmia.com\/blog\/instalar-placas-solares-en-casa-es-rentable\">paneles solares comunitarios<\/a>\u00a0para la producci\u00f3n de agua caliente sanitaria, reduciendo as\u00ed el gasto. Adem\u00e1s, las viviendas disponen de aislamiento continuo de la fachada que envuelve el edificio, evitando la p\u00e9rdida o el incremento de temperatura en el interior.<\/p> <p>La promoci\u00f3n est\u00e1 ubicada en Vilablareix un municipio de cerca de 3.000 habitantes situado a\u00a0<strong>5 minutos de\u00a0<a href=\"https:\/\/www.culmia.com\/blog\/vivir-en-girona-ventajas-mejores-zonas\">Girona<\/a>\u00a0capital<\/strong>. Y dispone de una excelente comunicaci\u00f3n gracias a las v\u00edas AP-7, la C-65 y la NII.<\/p> <p>Cuenta con todos los servicios y equipamientos a su alrededor como centros comerciales, restaurantes, escuelas o bibliotecas y una amplia gama de instalaciones deportivas como el Campo de futbol Vilablareix. Adem\u00e1s, tambi\u00e9n tiene\u00a0<strong>espacios naturales<\/strong>\u00a0muy cerca, a pocos kil\u00f3metros se encuentra el Volc\u00e1n de la Crosa, cuyo cr\u00e1ter es uno de los m\u00e1s grandes de la Pen\u00ednsula Ib\u00e9rica.<\/p> <p><em>Josep Mar\u00eda Cases<\/em>, director territorial de Culmia en Catalu\u00f1a, comenta que \u201cestamos encantados de poner en el mercado 52 viviendas nuevas m\u00e1s en la provincia de<br \/> Girona, con una ubicaci\u00f3n excelente: estando en un municipio peque\u00f1o pero muy cercano al centro neur\u00e1lgico de una capital como Girona, con todos los servicios necesarios. Adem\u00e1s, se trata de un\u00a0<strong>proyecto ubicado en un entorno natural<\/strong>, de viviendas amplias, de grandes calidades y con el valor a\u00f1adido de sus espacios comunes como zonas ajardinadas y piscina comunitaria.\u201d<\/p> <p>Con estas, desde 2013, Culmia ya ha entregado m\u00e1s de<strong>\u00a07.000 viviendas en m\u00e1s de 100 promociones en toda Espa\u00f1a<\/strong>. Actualmente cuenta con 89 promociones que suman m\u00e1s de 7.500 viviendas en fase de desarrollo. De las mismas, un total de 35 promociones, que se corresponden con 3.600 viviendas, se encuentran en fase de construcci\u00f3n y se destinar\u00e1n tanto a la venta como al alquiler.<\/p> <p>Te recomendamos leer esta nota de prensa escuchando\u00a0<a href=\"https:\/\/open.spotify.com\/playlist\/6Apte3b4NAwNNmaLzKBZbw\" rel=\"nofollow noopener\" target=\"_blank\">nuestra playlist \u2018Destino, Catalu\u00f1a\u2019.<\/a><\/p>","protected":false},"excerpt":{"rendered":"<p>Se trata de viviendas de 2, 3 y 4 habitaciones &#8230;<\/p>\n","protected":false},"author":15,"featured_media":18313,"comment_status":"open","ping_status":"open","sticky":false,"template":"","format":"standard","meta":{"_acf_changed":false,"footnotes":""},"categories":[121,1306],"tags":[],"class_list":["post-18312","post","type-post","status-publish","format-standard","has-post-thumbnail","hentry","category-actualidad","category-culmia"],"acf":[],"_links":{"self":[{"href":"https:\/\/www.culmia.com\/es\/wp-json\/wp\/v2\/posts\/18312","targetHints":{"allow":["GET"]}}],"collection":[{"href":"https:\/\/www.culmia.com\/es\/wp-json\/wp\/v2\/posts"}],"about":[{"href":"https:\/\/www.culmia.com\/es\/wp-json\/wp\/v2\/types\/post"}],"author":[{"embeddable":true,"href":"https:\/\/www.culmia.com\/es\/wp-json\/wp\/v2\/users\/15"}],"replies":[{"embeddable":true,"href":"https:\/\/www.culmia.com\/es\/wp-json\/wp\/v2\/comments?post=18312"}],"version-history":[{"count":2,"href":"https:\/\/www.culmia.com\/es\/wp-json\/wp\/v2\/posts\/18312\/revisions"}],"predecessor-version":[{"id":18316,"href":"https:\/\/www.culmia.com\/es\/wp-json\/wp\/v2\/posts\/18312\/revisions\/18316"}],"wp:featuredmedia":[{"embeddable":true,"href":"https:\/\/www.culmia.com\/es\/wp-json\/wp\/v2\/media\/18313"}],"wp:attachment":[{"href":"https:\/\/www.culmia.com\/es\/wp-json\/wp\/v2\/media?parent=18312"}],"wp:term":[{"taxonomy":"category","embeddable":true,"href":"https:\/\/www.culmia.com\/es\/wp-json\/wp\/v2\/categories?post=18312"},{"taxonomy":"post_tag","embeddable":true,"href":"https:\/\/www.culmia.com\/es\/wp-json\/wp\/v2\/tags?post=18312"}],"curies":[{"name":"wp","href":"https:\/\/api.w.org\/{rel}","templated":true}]}}