{"id":18307,"date":"2023-11-20T11:09:23","date_gmt":"2023-11-20T10:09:23","guid":{"rendered":"https:\/\/culmia.dev.emood.es\/?p=18307"},"modified":"2025-09-12T11:10:13","modified_gmt":"2025-09-12T09:10:13","slug":"culmia-entrega-en-mataro-su-promocion-monturiol-mar","status":"publish","type":"post","link":"https:\/\/www.culmia.com\/es\/blog\/culmia-entrega-en-mataro-su-promocion-monturiol-mar\/","title":{"rendered":"Culmia entrega en Matar\u00f3 su promoci\u00f3n Monturiol Mar"},"content":{"rendered":"<ul> <li>El residencial est\u00e1 formado por viviendas de\u00a0<strong>2, 3 y 4 dormitorios<\/strong>\u00a0m\u00e1s plazas de garaje, trasteros y\u00a0<strong>4 locales comerciales<\/strong>\u00a0ubicados en dos edificios de 6 plantas.<\/li> <li>La promoci\u00f3n cuenta con la\u00a0<strong>calificaci\u00f3n energ\u00e9tica A<\/strong>. Dispone de un sistema de aislamiento continuo de la fachada que evita el incremento o la p\u00e9rdida de la temperatura interior.<\/li> <li>Se trata de viviendas con amplias terrazas y espectaculares\u00a0<strong>vistas al mar<\/strong>\u00a0y a la ciudad.<\/li> <\/ul> <p><img decoding=\"async\" class=\"alignnone size-full wp-image-18308\" src=\"https:\/\/www.culmia.com\/wp-content\/uploads\/2025\/09\/th_Culmia_Mataro-47.jpg\" alt=\"\" width=\"1920\" height=\"905\" title=\"\" srcset=\"https:\/\/www.culmia.com\/wp-content\/uploads\/2025\/09\/th_Culmia_Mataro-47-200x94.jpg 200w, https:\/\/www.culmia.com\/wp-content\/uploads\/2025\/09\/th_Culmia_Mataro-47-300x141.jpg 300w, https:\/\/www.culmia.com\/wp-content\/uploads\/2025\/09\/th_Culmia_Mataro-47-400x189.jpg 400w, https:\/\/www.culmia.com\/wp-content\/uploads\/2025\/09\/th_Culmia_Mataro-47-600x283.jpg 600w, https:\/\/www.culmia.com\/wp-content\/uploads\/2025\/09\/th_Culmia_Mataro-47-768x362.jpg 768w, https:\/\/www.culmia.com\/wp-content\/uploads\/2025\/09\/th_Culmia_Mataro-47-800x377.jpg 800w, https:\/\/www.culmia.com\/wp-content\/uploads\/2025\/09\/th_Culmia_Mataro-47-1024x483.jpg 1024w, https:\/\/www.culmia.com\/wp-content\/uploads\/2025\/09\/th_Culmia_Mataro-47-1200x566.jpg 1200w, https:\/\/www.culmia.com\/wp-content\/uploads\/2025\/09\/th_Culmia_Mataro-47-1536x724.jpg 1536w, https:\/\/www.culmia.com\/wp-content\/uploads\/2025\/09\/th_Culmia_Mataro-47.jpg 1920w\" sizes=\"(max-width: 1920px) 100vw, 1920px\" \/><\/p> <p>Culmia, la plataforma residencial de gesti\u00f3n de proyectos inmobiliarios l\u00edder en Espa\u00f1a, entrega\u00a0<strong>83 viviendas en r\u00e9gimen de VPO<\/strong>\u00a0de su promoci\u00f3n Culmia Monturiol Mar, en Matar\u00f3.<\/p> <p>Distribuidas en dos edificios de 6 plantas, las viviendas cuentan con amplias<strong>\u00a0terrazas con vistas al mar<\/strong>\u00a0y a la ciudad, est\u00e1n disponibles en tipolog\u00edas de 2, 3 y 4 dormitorios y en superficies que van desde los 87 m\u00b2 a los 130 m\u00b2. Adem\u00e1s, el residencial cuenta con\u00a0<strong>plazas de garaje, trasteros y 4 locales comerciales<\/strong>.<\/p> <p>Estas viviendas destacan por su especial foco en la<strong>\u00a0sostenibilidad<\/strong>, ya que cuentan con\u00a0<a href=\"https:\/\/www.culmia.com\/blog\/certificado-energetico-casa\">certificaci\u00f3n energ\u00e9tica A<\/a>, la m\u00e1s alta. Todas las viviendas disponen de un\u00a0<strong>sistema de aislamiento<\/strong>\u00a0continuo de la fachada que envuelve al edificio, evitando as\u00ed la p\u00e9rdida o el incremento de temperatura en el interior. Y, relativo al confort y calidad de las viviendas, en su dise\u00f1o se ha estudiado especialmente la\u00a0<strong>distribuci\u00f3n para proporcionar el m\u00e1ximo bienesta<\/strong>r.<\/p> <p><a href=\"https:\/\/www.culmia.com\/es\/promociones\/barcelona\/mataro\/culmia-monturiol-mar-fase-i\">Culmia Monturiol Mar<\/a>\u00a0tambi\u00e9n destaca por su proximidad a la<strong>\u00a0playa de Matar\u00f3<\/strong>, una de las m\u00e1s extensas del Maresme. Y junto al TecnoCampus de Matar\u00f3, centro adscrito a la Universidad Pompeu Fabra y Parque Empresarial e incubadora de empresas; al Puerto Deportivo de la ciudad y a pocos metros del centro hist\u00f3rico y comercial de la ciudad.<\/p> <p>Adem\u00e1s, la estaci\u00f3n de Cercan\u00edas de Renfe est\u00e1 a tan solo unos minutos a pie, y cuenta con excelentes comunicaciones en autob\u00fas y en transporte privado con la autopista de la Roca (C-60) y la autopista del Maresme (C-32). Y Barcelona est\u00e1 a tan solo 33km.<\/p> <p>Para Josep Mar\u00eda Cases, director territorial de Culmia en Catalu\u00f1a, \u201ccumplimos un\u00a0<strong>nuevo hito<\/strong>\u00a0al poder entregar 83 viviendas nuevas en la ciudad de Matar\u00f3, completando la oferta de vivienda nueva en el\u00a0<strong>\u00e1rea metropolitana de Barcelona<\/strong>. Esta promoci\u00f3n es una muestra del claro compromiso de Culmia con los distintos segmentos del mercado de compra de obra nueva residencial. En esta ocasi\u00f3n un\u00a0<strong>mix de VPO en r\u00e9gimen concertado y general<\/strong>\u00a0para todo tipo de familias con recursos limitados\u201d.<\/p> <p>Con estas, desde 2013, Culmia ya ha entregado m\u00e1s de\u00a0<strong>7.000 viviendas en m\u00e1s de 100 promociones en toda Espa\u00f1<\/strong>a. Actualmente cuenta con 89 promociones que suman m\u00e1s de 7.500 viviendas en fase de desarrollo. De las mismas, un total de 35 promociones, que se corresponden con 3.600 viviendas, se encuentran en fase de construcci\u00f3n y se destinar\u00e1n tanto a la venta como al alquiler.<\/p> <p><strong>Te recomendamos<\/strong>\u00a0leer esta nota de prensa escuchando nuestra playlist\u00a0<strong><a href=\"https:\/\/open.spotify.com\/playlist\/6Apte3b4NAwNNmaLzKBZbw\" rel=\"nofollow noopener\" target=\"_blank\">\u2018Destino, Catalu\u00f1a\u2019<\/a><\/strong>.<\/p>","protected":false},"excerpt":{"rendered":"<p>El residencial est\u00e1 formado por viviendas de\u00a02, 3 y 4 &#8230;<\/p>\n","protected":false},"author":15,"featured_media":18308,"comment_status":"open","ping_status":"open","sticky":false,"template":"","format":"standard","meta":{"_acf_changed":false,"footnotes":""},"categories":[121,1306],"tags":[],"class_list":["post-18307","post","type-post","status-publish","format-standard","has-post-thumbnail","hentry","category-actualidad","category-culmia"],"acf":[],"_links":{"self":[{"href":"https:\/\/www.culmia.com\/es\/wp-json\/wp\/v2\/posts\/18307","targetHints":{"allow":["GET"]}}],"collection":[{"href":"https:\/\/www.culmia.com\/es\/wp-json\/wp\/v2\/posts"}],"about":[{"href":"https:\/\/www.culmia.com\/es\/wp-json\/wp\/v2\/types\/post"}],"author":[{"embeddable":true,"href":"https:\/\/www.culmia.com\/es\/wp-json\/wp\/v2\/users\/15"}],"replies":[{"embeddable":true,"href":"https:\/\/www.culmia.com\/es\/wp-json\/wp\/v2\/comments?post=18307"}],"version-history":[{"count":2,"href":"https:\/\/www.culmia.com\/es\/wp-json\/wp\/v2\/posts\/18307\/revisions"}],"predecessor-version":[{"id":18311,"href":"https:\/\/www.culmia.com\/es\/wp-json\/wp\/v2\/posts\/18307\/revisions\/18311"}],"wp:featuredmedia":[{"embeddable":true,"href":"https:\/\/www.culmia.com\/es\/wp-json\/wp\/v2\/media\/18308"}],"wp:attachment":[{"href":"https:\/\/www.culmia.com\/es\/wp-json\/wp\/v2\/media?parent=18307"}],"wp:term":[{"taxonomy":"category","embeddable":true,"href":"https:\/\/www.culmia.com\/es\/wp-json\/wp\/v2\/categories?post=18307"},{"taxonomy":"post_tag","embeddable":true,"href":"https:\/\/www.culmia.com\/es\/wp-json\/wp\/v2\/tags?post=18307"}],"curies":[{"name":"wp","href":"https:\/\/api.w.org\/{rel}","templated":true}]}}