{"id":18292,"date":"2023-12-13T11:06:38","date_gmt":"2023-12-13T10:06:38","guid":{"rendered":"https:\/\/culmia.dev.emood.es\/?p=18292"},"modified":"2026-03-17T15:40:07","modified_gmt":"2026-03-17T14:40:07","slug":"culmia-lanza-en-la-provincia-de-gijon-su-nueva-promocion-de-viviendas-arbeyal-iii","status":"publish","type":"post","link":"https:\/\/www.culmia.com\/es\/blog\/culmia-lanza-en-la-provincia-de-gijon-su-nueva-promocion-de-viviendas-arbeyal-iii\/","title":{"rendered":"Culmia lanza en la provincia de Gij\u00f3n su nueva promoci\u00f3n de viviendas Arbeyal III"},"content":{"rendered":"<ul> <li>Culmia lanza Arbeyal III Gij\u00f3n, una promoci\u00f3n de vivienda nueva en\u00a0<strong>primera l\u00ednea de playa.\u00a0<\/strong>Se trata de viviendas de 1, 2 y 3 dormitorios con plazas de garaje, trasteros y espacio dedicado al aparcamiento de bicicletas. Adem\u00e1s, disponen de una zona de ocio privada, el Espacio Club Social y Zona Infantil de juegos.<\/li> <li>La promoci\u00f3n cuenta con\u00a0<strong>Calificaci\u00f3n Energ\u00e9tica A<\/strong>. Tambi\u00e9n con la certificaci\u00f3n Advanced de los sellos propios de Culmia Jade y Cuarzo.<\/li> <li>Culmia Arbeyal III Gij\u00f3n se suma a las promociones anteriores de la compa\u00f1\u00eda en Gij\u00f3n, de modo que incorpora a la ciudad m\u00e1s de\u00a0<strong>200 viviendas<\/strong>.<\/li> <\/ul> <p><img decoding=\"async\" class=\"alignnone size-full wp-image-18293\" src=\"https:\/\/www.culmia.com\/wp-content\/uploads\/2025\/09\/th_cam07.jpg\" alt=\"\" width=\"1920\" height=\"905\" title=\"\" srcset=\"https:\/\/www.culmia.com\/wp-content\/uploads\/2025\/09\/th_cam07-200x94.jpg 200w, https:\/\/www.culmia.com\/wp-content\/uploads\/2025\/09\/th_cam07-300x141.jpg 300w, https:\/\/www.culmia.com\/wp-content\/uploads\/2025\/09\/th_cam07-400x189.jpg 400w, https:\/\/www.culmia.com\/wp-content\/uploads\/2025\/09\/th_cam07-600x283.jpg 600w, https:\/\/www.culmia.com\/wp-content\/uploads\/2025\/09\/th_cam07-768x362.jpg 768w, https:\/\/www.culmia.com\/wp-content\/uploads\/2025\/09\/th_cam07-800x377.jpg 800w, https:\/\/www.culmia.com\/wp-content\/uploads\/2025\/09\/th_cam07-1024x483.jpg 1024w, https:\/\/www.culmia.com\/wp-content\/uploads\/2025\/09\/th_cam07-1200x566.jpg 1200w, https:\/\/www.culmia.com\/wp-content\/uploads\/2025\/09\/th_cam07-1536x724.jpg 1536w, https:\/\/www.culmia.com\/wp-content\/uploads\/2025\/09\/th_cam07.jpg 1920w\" sizes=\"(max-width: 1920px) 100vw, 1920px\" \/><br \/> Culmia, la plataforma inmobiliaria que concentra \u00edntegramente las soluciones de vivienda del mercado, lanza\u00a0<a href=\"https:\/\/www.culmia.com\/es\/promociones\/asturias\/gijon\/culmia-arbeyal-iii-gijon\">Culmia Arbeyal III<\/a>\u00a0Gij\u00f3n. La tercera fase precedida de las anteriores que ya se encuentran en comercializaci\u00f3n y construcci\u00f3n.<\/p> <p>Se trata de una promoci\u00f3n de\u00a0<strong>59 viviendas<\/strong>\u00a0distribuidas en varias tipolog\u00edas, desde 60m\u00b2 a 117 m\u00b2, que incluyen viviendas de 1, 2 y 3 dormitorios. Una promoci\u00f3n que cuenta con un gran atractivo: su ubicaci\u00f3n en primera l\u00ednea de playa que permite las vistas al mar.<\/p> <p>Todas las viviendas cuentan con amplias terrazas, lo que proporciona\u00a0<strong>luz natural<\/strong>\u00a0a trav\u00e9s de sus grandes ventanales, y cuentan adem\u00e1s con garaje y trasteros. Tambi\u00e9n disponen de aparcamiento para bicicletas, de una zona de ocio privada, el Espacio Club Social para celebraciones, y la Zona Infantil de juegos.<\/p> <p>Adem\u00e1s, la promoci\u00f3n cuenta con la tecnolog\u00eda de la aplicaci\u00f3n\u00a0<a href=\"https:\/\/www.culmia.com\/es\/actualidad\/culmiahome-la-nueva-aplicacion-para-el-control-inteligente-de-las-promociones-de-culmia\">CulmiaHome\u00a0<\/a>que permitir\u00e1 a los usuarios gestionar la apertura de las puertas comunitarias o controlar de forma eficiente el uso energ\u00e9tico en el interior del hogar, entre otras funciones.<\/p> <p>Otro de sus puntos a destacar es que se trata de una promoci\u00f3n sostenible, ya que cuenta con la\u00a0<strong>certificaci\u00f3n energ\u00e9tica m\u00e1s alta<\/strong>, la A. El confort t\u00e9rmico est\u00e1 garantizado por la\u00a0<strong>calefacci\u00f3n por suelo radiante<\/strong>, ya que ofrece una distribuci\u00f3n uniforme del calor, creando un ambiente m\u00e1s c\u00f3modo al eliminar las corrientes de aire y proporcionar una sensaci\u00f3n agradable en toda la vivienda. Adicionalmente, al no requerir de radiadores, se maximiza el espacio disponible, se mejora el amueblamiento y se ofrece una est\u00e9tica m\u00e1s limpia y moderna en la vivienda.<\/p> <p>Adem\u00e1s, la promoci\u00f3n cuenta con la\u00a0<strong>certificaci\u00f3n Advanced<\/strong>\u00a0de los sellos propios de Culmia: Jade, dedicado a la sostenibilidad y Cuarzo, a la<a href=\"https:\/\/www.culmia.com\/blog\/vivienda-saludable\">\u00a0vivienda saludable<\/a>.<\/p> <p>Culmia Arbeyal III Gij\u00f3n est\u00e1 ubicada en\u00a0<strong>pleno centro del paseo mar\u00edtimo<\/strong>\u00a0y a escasos metros del club nataci\u00f3n Santa Olaya. Una zona al oeste de Gij\u00f3n consolidada, pero adem\u00e1s en pleno crecimiento, con zonas comerciales y de todo tipo de servicios.<br \/> Adem\u00e1s, se encuentra\u00a0<a href=\"https:\/\/youtu.be\/H_EgkhiFh3E\" rel=\"nofollow noopener\" target=\"_blank\"><strong>perfectamente conectada<\/strong><\/a>\u00a0a trav\u00e9s del acceso a la autov\u00eda GJ-10 y a la autopista A-8. Cuenta con m\u00faltiples l\u00edneas de autobuses cercanas y est\u00e1 a tan solo 26 minutos andando del casco antiguo de la ciudad.<\/p> <p>Para Javier del Castillo, director territorial centro y norte de Culmia, \u201cseguimos apostando por la ciudad de\u00a0<a href=\"https:\/\/www.culmia.com\/blog\/vivir-en-gijon\">Gij\u00f3n<\/a>, esta vez con la tercera fase de nuestra promoci\u00f3n Arbeyal. Esta promoci\u00f3n es<strong>\u00a0perfecta para familias que quieren vivir en la ciudad, pero sin perder la cercan\u00eda con el mar.<\/strong>\u00a0Un residencial sostenible, con oferta de zonas comunes, bien ubicado en una zona consolidada y con buenas conexiones\u201d.<\/p> <p>Desde 2013, Culmia ya ha entregado m\u00e1s de\u00a0<strong>7.000 viviendas en m\u00e1s de 100 promociones en toda Espa\u00f1a<\/strong>. Actualmente cuenta con 89 promociones que suman m\u00e1s de 7.500 viviendas en fase de desarrollo. De las mismas, un total de 35 promociones, que se corresponden con 3.600 viviendas, se encuentran en fase de construcci\u00f3n y se destinar\u00e1n tanto a la venta como al alquiler.<br \/> Te recomendamos leer esta nota de prensa escuchando nuestra playlist \u2018<a href=\"https:\/\/open.spotify.com\/playlist\/7gKPCYQSgI2IMXJx5bxjS4\" rel=\"nofollow noopener\" target=\"_blank\">Destino, Asturias<\/a>&#8216;.<\/p>","protected":false},"excerpt":{"rendered":"<p>Culmia lanza Arbeyal III Gij\u00f3n, una promoci\u00f3n de vivienda nueva &#8230;<\/p>\n","protected":false},"author":15,"featured_media":18293,"comment_status":"open","ping_status":"open","sticky":false,"template":"","format":"standard","meta":{"_acf_changed":false,"footnotes":""},"categories":[121,1306],"tags":[],"class_list":["post-18292","post","type-post","status-publish","format-standard","has-post-thumbnail","hentry","category-actualidad","category-culmia"],"acf":[],"_links":{"self":[{"href":"https:\/\/www.culmia.com\/es\/wp-json\/wp\/v2\/posts\/18292","targetHints":{"allow":["GET"]}}],"collection":[{"href":"https:\/\/www.culmia.com\/es\/wp-json\/wp\/v2\/posts"}],"about":[{"href":"https:\/\/www.culmia.com\/es\/wp-json\/wp\/v2\/types\/post"}],"author":[{"embeddable":true,"href":"https:\/\/www.culmia.com\/es\/wp-json\/wp\/v2\/users\/15"}],"replies":[{"embeddable":true,"href":"https:\/\/www.culmia.com\/es\/wp-json\/wp\/v2\/comments?post=18292"}],"version-history":[{"count":3,"href":"https:\/\/www.culmia.com\/es\/wp-json\/wp\/v2\/posts\/18292\/revisions"}],"predecessor-version":[{"id":31845,"href":"https:\/\/www.culmia.com\/es\/wp-json\/wp\/v2\/posts\/18292\/revisions\/31845"}],"wp:featuredmedia":[{"embeddable":true,"href":"https:\/\/www.culmia.com\/es\/wp-json\/wp\/v2\/media\/18293"}],"wp:attachment":[{"href":"https:\/\/www.culmia.com\/es\/wp-json\/wp\/v2\/media?parent=18292"}],"wp:term":[{"taxonomy":"category","embeddable":true,"href":"https:\/\/www.culmia.com\/es\/wp-json\/wp\/v2\/categories?post=18292"},{"taxonomy":"post_tag","embeddable":true,"href":"https:\/\/www.culmia.com\/es\/wp-json\/wp\/v2\/tags?post=18292"}],"curies":[{"name":"wp","href":"https:\/\/api.w.org\/{rel}","templated":true}]}}