{"id":18287,"date":"2023-12-14T11:05:40","date_gmt":"2023-12-14T10:05:40","guid":{"rendered":"https:\/\/culmia.dev.emood.es\/?p=18287"},"modified":"2025-09-12T11:06:23","modified_gmt":"2025-09-12T09:06:23","slug":"el-proyecto-del-plan-vive-promovido-por-culmia-es-premiado-por-la-aedip-como-proyecto-destacado-de-2023","status":"publish","type":"post","link":"https:\/\/www.culmia.com\/es\/blog\/el-proyecto-del-plan-vive-promovido-por-culmia-es-premiado-por-la-aedip-como-proyecto-destacado-de-2023\/","title":{"rendered":"El proyecto del Plan VIVE promovido por Culmia es premiado por la AEDIP como proyecto destacado de 2023"},"content":{"rendered":"<ul> <li>La\u00a0<strong>Asociaci\u00f3n Espa\u00f1ola de Direcci\u00f3n Integrada de Proyecto (AEDIP)<\/strong>\u00a0ha reconocido al<strong>\u00a0Lote III del Plan VIVE I<\/strong>, promovido por Culmia, por la valent\u00eda de innovar y por su confianza en los servicios de Project Management.<\/li> <li>El reconocimiento, fruto de la votaci\u00f3n de sus asociados,\u00a0<strong>premia la construcci\u00f3n de este proyecto por su importante contribuci\u00f3n a la industrializaci\u00f3n del sector y por su impacto social y econ\u00f3mico.<\/strong><\/li> <\/ul> <p><img decoding=\"async\" class=\"alignnone size-full wp-image-18288\" src=\"https:\/\/www.culmia.com\/wp-content\/uploads\/2025\/09\/th_Andres-Rituerto.png\" alt=\"\" width=\"1920\" height=\"905\" title=\"\" srcset=\"https:\/\/www.culmia.com\/wp-content\/uploads\/2025\/09\/th_Andres-Rituerto-200x94.png 200w, https:\/\/www.culmia.com\/wp-content\/uploads\/2025\/09\/th_Andres-Rituerto-300x141.png 300w, https:\/\/www.culmia.com\/wp-content\/uploads\/2025\/09\/th_Andres-Rituerto-400x189.png 400w, https:\/\/www.culmia.com\/wp-content\/uploads\/2025\/09\/th_Andres-Rituerto-600x283.png 600w, https:\/\/www.culmia.com\/wp-content\/uploads\/2025\/09\/th_Andres-Rituerto-768x362.png 768w, https:\/\/www.culmia.com\/wp-content\/uploads\/2025\/09\/th_Andres-Rituerto-800x377.png 800w, https:\/\/www.culmia.com\/wp-content\/uploads\/2025\/09\/th_Andres-Rituerto-1024x483.png 1024w, https:\/\/www.culmia.com\/wp-content\/uploads\/2025\/09\/th_Andres-Rituerto-1200x566.png 1200w, https:\/\/www.culmia.com\/wp-content\/uploads\/2025\/09\/th_Andres-Rituerto-1536x724.png 1536w, https:\/\/www.culmia.com\/wp-content\/uploads\/2025\/09\/th_Andres-Rituerto.png 1920w\" sizes=\"(max-width: 1920px) 100vw, 1920px\" \/><\/p> <p><strong>Culmia<\/strong>, plataforma inmobiliaria que concentra \u00edntegramente las soluciones de vivienda del mercado, ha sido<strong>\u00a0reconocida por la Asociaci\u00f3n Espa\u00f1ola de Direcci\u00f3n Integrada de Proyecto (AEDIP) en la categor\u00eda de proyecto m\u00e1s destacado de 2023<\/strong>\u00a0gracias a su trabajo en el Lote III del\u00a0<a href=\"https:\/\/www.culmia.com\/es\/vivienda-asequible\">Plan VIVE I<\/a>.<\/p> <p>Los<strong>\u00a0asociados de AEDIP<\/strong>, patronal compuesta por 20 empresas de consultor\u00eda e ingenier\u00eda comprometidas con la promoci\u00f3n de la direcci\u00f3n integrada de proyecto Project &amp; Construction Management, han galardonado al Plan VIVE promovido por Culmia por<strong>\u00a0la valent\u00eda de innovar y por su confianza en los servicios de Project Management<\/strong>. As\u00ed como por su importante contribuci\u00f3n a la industrializaci\u00f3n del sector y por su impacto social y econ\u00f3mico.<\/p> <p>El galard\u00f3n fue entregado en una ceremonia en el marco del evento anual de AEDIP, celebrada ayer en Madrid, en el Espacio Z\u00e9nit. Al acto acudieron los asociados y numerosas personalidades del sector. Por parte de Culmia,\u00a0<strong>Andr\u00e9s Rituerto, Project Manager del Plan VIVE<\/strong>, estuvo presente representando a la compa\u00f1\u00eda y recibiendo el reconocimiento.<\/p> <p>El evento estuvo enfocado a reconocer\u00a0<strong>casos de \u00e9xito dentro del Project Management<\/strong>\u00a0y la labor de algunos de los miembros m\u00e1s influyentes del sector.<\/p> <p><strong>Andr\u00e9s Rituerto, Project Manager del Plan VIVE de Culmia<\/strong>, destaca que \u201ceste proyecto para nuestra compa\u00f1\u00eda significa mucho. Es el\u00a0<strong>inicio de nuestra incursi\u00f3n en la vivienda asequible<\/strong>, se ha convertido en un caso de \u00e9xito de<strong>\u00a0colaboraci\u00f3n p\u00fablico-privada<\/strong>\u00a0y sienta las bases, los aprendizajes y los pasos a seguir para los siguientes proyectos de vivienda asequible que est\u00e1n por venir. Nos sentimos muy orgullosos y agradecidos porque los asociados de AEDIP hayan reconocido a este proyecto, con un profundo trasfondo de impacto social y que hemos querido que incorporara aspectos innovadores como la industrializaci\u00f3n, apostando por la tecnolog\u00eda al servicio del ahorro de tiemposy de costes. Este galard\u00f3n nos anima a seguir trabajando en esta \u00e1rea para continuar formando parte de la soluci\u00f3n al reto del acceso a la vivienda en Espa\u00f1a.\u201d<\/p> <p><strong>El Plan VIVE es el proyecto impulsado por la Comunidad de Madrid<\/strong>\u00a0bajo un modelo de concesiones administrativas que\u00a0<strong>contempla la construcci\u00f3n de\u00a0<a href=\"https:\/\/www.culmia.com\/es\/vivienda-asequible-ayuntamiento\">viviendas de alquiler asequible<\/a>.<\/strong>\u00a0Culmia fue adjudicataria del\u00a0<strong>Lote III de su primera fase y del lote \u00fanico de la segunda<\/strong>. El Lote III est\u00e1 compuesto por 12 parcelas y 1.763 viviendas y tiene suelos en San Sebasti\u00e1n de los Reyes, Tres Cantos, Alcorc\u00f3n, Alcal\u00e1 de Henares y Getafe. Todas ellas en fase de construcci\u00f3n y algunas ya en comercializaci\u00f3n. Y se espera que las primeras familias puedan disfrutar de sus viviendas el pr\u00f3ximo mes de marzo.<\/p> <p>El proyecto est\u00e1 siendo realizado junto a constructora industrializada \u00c1vita y la compa\u00f1\u00eda Sogeviso se ocupar\u00e1 de la gesti\u00f3n posterior del parque de viviendas acabadas. Su principal particularidad es que las viviendas est\u00e1n siendo desarrolladas mediante la construcci\u00f3n industrializada, lo que permite acortar el periodo de construcci\u00f3n, pero tambi\u00e9n asegurar que la sostenibilidad est\u00e9 presente en todas. Al mismo tiempo,\u00a0<strong>todas las viviendas contar\u00e1n con la calificaci\u00f3n energ\u00e9tica A y con la certificaci\u00f3n de sostenibilidad BREEAM Muy Bueno o Excelente<\/strong>.<\/p> <p>&nbsp;<\/p>","protected":false},"excerpt":{"rendered":"<p>La\u00a0Asociaci\u00f3n Espa\u00f1ola de Direcci\u00f3n Integrada de Proyecto (AEDIP)\u00a0ha reconocido al\u00a0Lote &#8230;<\/p>\n","protected":false},"author":15,"featured_media":18288,"comment_status":"open","ping_status":"open","sticky":false,"template":"","format":"standard","meta":{"_acf_changed":false,"footnotes":""},"categories":[121,1306],"tags":[],"class_list":["post-18287","post","type-post","status-publish","format-standard","has-post-thumbnail","hentry","category-actualidad","category-culmia"],"acf":[],"_links":{"self":[{"href":"https:\/\/www.culmia.com\/es\/wp-json\/wp\/v2\/posts\/18287","targetHints":{"allow":["GET"]}}],"collection":[{"href":"https:\/\/www.culmia.com\/es\/wp-json\/wp\/v2\/posts"}],"about":[{"href":"https:\/\/www.culmia.com\/es\/wp-json\/wp\/v2\/types\/post"}],"author":[{"embeddable":true,"href":"https:\/\/www.culmia.com\/es\/wp-json\/wp\/v2\/users\/15"}],"replies":[{"embeddable":true,"href":"https:\/\/www.culmia.com\/es\/wp-json\/wp\/v2\/comments?post=18287"}],"version-history":[{"count":2,"href":"https:\/\/www.culmia.com\/es\/wp-json\/wp\/v2\/posts\/18287\/revisions"}],"predecessor-version":[{"id":18291,"href":"https:\/\/www.culmia.com\/es\/wp-json\/wp\/v2\/posts\/18287\/revisions\/18291"}],"wp:featuredmedia":[{"embeddable":true,"href":"https:\/\/www.culmia.com\/es\/wp-json\/wp\/v2\/media\/18288"}],"wp:attachment":[{"href":"https:\/\/www.culmia.com\/es\/wp-json\/wp\/v2\/media?parent=18287"}],"wp:term":[{"taxonomy":"category","embeddable":true,"href":"https:\/\/www.culmia.com\/es\/wp-json\/wp\/v2\/categories?post=18287"},{"taxonomy":"post_tag","embeddable":true,"href":"https:\/\/www.culmia.com\/es\/wp-json\/wp\/v2\/tags?post=18287"}],"curies":[{"name":"wp","href":"https:\/\/api.w.org\/{rel}","templated":true}]}}