{"id":18282,"date":"2023-12-14T11:05:14","date_gmt":"2023-12-14T10:05:14","guid":{"rendered":"https:\/\/culmia.dev.emood.es\/?p=18282"},"modified":"2025-09-15T08:30:07","modified_gmt":"2025-09-15T06:30:07","slug":"culmia-entrega-35-viviendas-e-inicia-las-obras-de-82-mas-en-sabadell","status":"publish","type":"post","link":"https:\/\/www.culmia.com\/es\/blog\/culmia-entrega-35-viviendas-e-inicia-las-obras-de-82-mas-en-sabadell\/","title":{"rendered":"Culmia entrega 35 viviendas e inicia las obras de 82 m\u00e1s en Sabadell"},"content":{"rendered":"<ul> <li>La compa\u00f1\u00eda\u00a0<strong>entrega 35 viviendas<\/strong>\u00a0de 2, 3 y 4 dormitorios con grandes terrazas y vistas panor\u00e1micas\u00a0<strong>en su promoci\u00f3n Culmia Eix Creu Alta<\/strong>; que incluye, adem\u00e1s, 4 locales comerciales.<\/li> <li>E\u00a0<strong>inicia las obras de las viviendas de Culmia Parc T\u00e8xtil.<\/strong>\u00a082 viviendas de 2, 3 y 4 dormitorios, con piscina comunitaria en el \u00e1tico y 158 plazas de garaje, 90 trasteros y 6 locales comerciales.<\/li> <\/ul> <p><img decoding=\"async\" class=\"alignnone size-full wp-image-18283\" src=\"https:\/\/www.culmia.com\/wp-content\/uploads\/2025\/09\/th_Foto-NDP.jpg\" alt=\"\" width=\"1920\" height=\"905\" title=\"\" srcset=\"https:\/\/www.culmia.com\/wp-content\/uploads\/2025\/09\/th_Foto-NDP-200x94.jpg 200w, https:\/\/www.culmia.com\/wp-content\/uploads\/2025\/09\/th_Foto-NDP-300x141.jpg 300w, https:\/\/www.culmia.com\/wp-content\/uploads\/2025\/09\/th_Foto-NDP-400x189.jpg 400w, https:\/\/www.culmia.com\/wp-content\/uploads\/2025\/09\/th_Foto-NDP-600x283.jpg 600w, https:\/\/www.culmia.com\/wp-content\/uploads\/2025\/09\/th_Foto-NDP-768x362.jpg 768w, https:\/\/www.culmia.com\/wp-content\/uploads\/2025\/09\/th_Foto-NDP-800x377.jpg 800w, https:\/\/www.culmia.com\/wp-content\/uploads\/2025\/09\/th_Foto-NDP-1024x483.jpg 1024w, https:\/\/www.culmia.com\/wp-content\/uploads\/2025\/09\/th_Foto-NDP-1200x566.jpg 1200w, https:\/\/www.culmia.com\/wp-content\/uploads\/2025\/09\/th_Foto-NDP-1536x724.jpg 1536w, https:\/\/www.culmia.com\/wp-content\/uploads\/2025\/09\/th_Foto-NDP.jpg 1920w\" sizes=\"(max-width: 1920px) 100vw, 1920px\" \/><\/p> <p>Culmia, la plataforma inmobiliaria que concentra \u00edntegramente las soluciones de vivienda del mercado, anuncia la entrega de 35 viviendas, y el inicio de obras de 82 m\u00e1s, en Sabadell.<\/p> <p>La compa\u00f1\u00eda<strong>\u00a0entrega su promoci\u00f3n\u00a0<a href=\"https:\/\/www.culmia.com\/es\/promociones\/barcelona\/sabadell\/culmia-eix-creu-alta\">Culmia Eix Creu Alta<\/a>\u00a0<\/strong>que est\u00e1 formada po<strong>r 35 viviendas de 2, 3 y 4 dormitorios<\/strong>\u00a0distribuidas en un edificio de 5 alturas, con plazas de garaje y trasteros en planta s\u00f3tano. Todas las viviendas son exteriores y cuentan con terraza. Y la promoci\u00f3n incluye, adem\u00e1s, 4 locales comerciales.<\/p> <p>Las viviendas destacan sobre todo por sus acabados y materiales. Y est\u00e1n dotadas de un\u00a0<strong>aislamiento continuo de la fachada<\/strong>\u00a0que envuelve el edificio, evitando as\u00ed la p\u00e9rdida o el incremento de temperatura en el interior. Cuenta con una instalaci\u00f3n de aerotermia para la producci\u00f3n de agua caliente sanitaria, reduciendo con ello el gasto y ayudando al medio ambiente. Con todo, las viviendas presentan una Calificaci\u00f3n Energ\u00e9tica B. Dicha calificaci\u00f3n permite, por ejemplo, absorber el CO2 equivalente a 24 \u00e1rboles, ahorrar 17.304kWh\/a\u00f1o en consumo de energ\u00eda y 1.381\u20ac\/a\u00f1o en ahorro econ\u00f3mico.<\/p> <p>Otro de los puntos a destacar de Culmia Eix Creu Alta es su ubicaci\u00f3n en el\u00a0<strong>barrio de La Creu Alta<\/strong>, uno de los m\u00e1s demandados de Sabadell. Muy\u00a0<strong>cercano a la zona m\u00e1s comercial de la ciudad<\/strong>\u00a0donde encontrar todo tipo de equipamientos y servicios. Y cercano a la estaci\u00f3n de Ferrocarriles Catalanes Creu Alta y a 10 minutos andando la estaci\u00f3n de Renfe.<\/p> <h2><strong>Inicio de obras de Culmia Parc T\u00e8xtil<\/strong><\/h2> <p>Adem\u00e1s de la entrega de Culmia Eix Creu Alta, la compa\u00f1\u00eda contin\u00faa apostando por el municipio de Sabadell y anuncia el inicio de las obras de su promoci\u00f3n\u00a0<a href=\"https:\/\/www.culmia.com\/es\/promociones\/barcelona\/sabadell\/culmia-parc-textil\">Culmia Parc T\u00e8xtil<\/a>:\u00a0<strong>82 viviendas, 70 en r\u00e9gimen libre y 12 de protecci\u00f3n oficial, distribuidas en 3 edificios<\/strong>. M\u00e1s 158 plazas de garajes, 90 trasteros y 6 locales comerciales.<br \/> Las viviendas de 2, 3 y 4 dormitorios destacan por sus amplias terrazas con vistas panor\u00e1micas a Sabadell. La promoci\u00f3n ofrece a sus familias una<strong>\u00a0piscina comunitaria en el \u00e1tico con unas magn\u00edficas vistas a la ciudad.<\/strong><\/p> <p>Culmia Parc T\u00e8xtil cuenta con una\u00a0<strong>calificaci\u00f3n energ\u00e9tica provisional B<\/strong>, lo que permite, por ejemplo, absorber CO2 equivalente a 24 \u00e1rboles, ahorrar 16.552kWh\/a\u00f1o en consumo de energ\u00eda y 1.342\u20ac\/a\u00f1o en ahorro econ\u00f3mico. La promoci\u00f3n tiene aislamiento continuo que envuelve el edificio, evitando as\u00ed la p\u00e9rdida o el incremento de temperatura en el interior. Y todas las viviendas tienen una<strong>\u00a0centralita individual de aerotermia<\/strong>\u00a0que controla y gestiona la calefacci\u00f3n y refrigeraci\u00f3n.<br \/> En este sentido, la promoci\u00f3n cuenta con los\u00a0<a href=\"https:\/\/www.culmia.com\/es\/destino-sostenible\">certificados propios de Culmia<\/a><strong>.<\/strong>\u00a0En Jade, el sello de Sostenibilidad, cuenta con una calificaci\u00f3n Advanced; y en Cuarzo, sello de salud Salud, una calificaci\u00f3n Essential.<\/p> <p>En lo relativo a<strong>\u00a0Jade,<\/strong>\u00a0la promoci\u00f3n destaca por su\u00a0<strong>\u2018Movilidad activa y sostenible y el transporte alternativo de bajo impacto ambienta<\/strong>l\u2019 ya que el 90% de las viviendas permiten teletrabajar con espacios para todo el mobiliario necesario y con iluminaci\u00f3n natural y ventilaci\u00f3n. Tambi\u00e9n destaca por su \u2018Parcela ecol\u00f3gica, soluciones destinadas al cuidado del medioambiente y de los seres vivos\u2019, ya que las viviendas cuentan con espacio exterior privado, con una urbanizaci\u00f3n interior con zonas verdes para actividades al aire libre, con vegetaci\u00f3n aut\u00f3ctona preservando la biodiversidad y, adem\u00e1s, se reduce la contaminaci\u00f3n lum\u00ednica nocturna. Tambi\u00e9n destaca por el \u2018uso racional del agua, el uso racional de la energ\u00eda y el compromiso con el reciclaje\u2019 ya que, por ejemplo, se reutilizan las aguas grises, se aprovecha el agua de lluvia o se cuenta con aislamiento t\u00e9rmico.<\/p> <p>En lo referente al certificado\u00a0<strong>Cuarzo<\/strong>\u00a0en Salud, la promoci\u00f3n destaca por su\u00a0<strong>\u2018dise\u00f1o activo y generaci\u00f3n de zonas comunes que fomentan la convivencia en un entorno verde y saludable<\/strong>\u2019, con zonas comunes adaptadas para personas con diversidad funcional. Tambi\u00e9n cabe se\u00f1alar la \u2018envolvente saludable\u2019, con carpinter\u00edas de aluminio, o la \u2018calidad del aire interior\u2019, ya que se han usado cer\u00e1micas con bajas emisiones radioactivas y que no est\u00e1n aditivadas con plastificantes.<br \/> Adem\u00e1s, la promoci\u00f3n destaca por su ubicaci\u00f3n, en Sabadell centro. En concreto en la calle Vidal, 50. Una zona tranquila y agradable, con todos los servicios necesarios disponibles, entre la Torre de les Aig\u00fces y la Fira de Sabadell, en el barrio de Sant Oleguer.<\/p> <p>Adem\u00e1s, la promoci\u00f3n se encuentra a pocos minutos andando de las principales estaciones de transporte p\u00fablico, desde la estaci\u00f3n de Cercan\u00edas, a la de Ferrocarriles Catalanes y la estaci\u00f3n de Autobuses interurbanos.<\/p> <p>Josep Mar\u00eda Cases, director territorial de Culmia en Catalu\u00f1a, comenta que \u201c<strong>seguimos trabajando por cubrir la demanda de viviendas en la regi\u00f3n metropolitana de Barcelona<\/strong>. En este caso entregamos 35 viviendas e iniciamos las obras de 82 m\u00e1s en la ciudad de Sabadell, algunas de ellas de protecci\u00f3n oficial. Ambas promociones est\u00e1n muy bien ubicadas y suponen una soluci\u00f3n estupenda tanto para aquellos que viven y trabajan en Sabadell como en el resto del \u00e1rea metropolitana por sus excelentes comunicaciones\u201d.<\/p> <p>Sabadell se encuentra a 28 kil\u00f3metros de Barcelona y est\u00e1 muy bien conectada con Tarragona y Girona a trav\u00e9s de la autopista AP-7.<\/p> <p>Con estas,\u00a0<strong>desde 2013, Culmia ya ha entregado m\u00e1s de 7.000 viviendas en m\u00e1s de 100 promociones en toda Espa\u00f1a<\/strong>. Actualmente cuenta con 89 promociones que suman m\u00e1s de 7.500 viviendas en fase de desarrollo. De las mismas, un total de 35 promociones, que se corresponden con 3.600 viviendas, se encuentran en fase de construcci\u00f3n y se destinar\u00e1n tanto a la venta como al alquiler.<\/p> <p>Te recomendamos leer esta nota de prensa escuchando nuestra playlist \u2018<a href=\"https:\/\/open.spotify.com\/playlist\/6Apte3b4NAwNNmaLzKBZbw\" target=\"_blank\" rel=\"noopener nofollow\">Destino, Catalu\u00f1a<\/a>\u2019.<\/p> <p>&nbsp;<\/p>","protected":false},"excerpt":{"rendered":"<p>La compa\u00f1\u00eda\u00a0entrega 35 viviendas\u00a0de 2, 3 y 4 dormitorios con &#8230;<\/p>\n","protected":false},"author":15,"featured_media":18283,"comment_status":"open","ping_status":"open","sticky":false,"template":"","format":"standard","meta":{"_acf_changed":false,"footnotes":""},"categories":[121,1306],"tags":[],"class_list":["post-18282","post","type-post","status-publish","format-standard","has-post-thumbnail","hentry","category-actualidad","category-culmia"],"acf":[],"_links":{"self":[{"href":"https:\/\/www.culmia.com\/es\/wp-json\/wp\/v2\/posts\/18282","targetHints":{"allow":["GET"]}}],"collection":[{"href":"https:\/\/www.culmia.com\/es\/wp-json\/wp\/v2\/posts"}],"about":[{"href":"https:\/\/www.culmia.com\/es\/wp-json\/wp\/v2\/types\/post"}],"author":[{"embeddable":true,"href":"https:\/\/www.culmia.com\/es\/wp-json\/wp\/v2\/users\/15"}],"replies":[{"embeddable":true,"href":"https:\/\/www.culmia.com\/es\/wp-json\/wp\/v2\/comments?post=18282"}],"version-history":[{"count":2,"href":"https:\/\/www.culmia.com\/es\/wp-json\/wp\/v2\/posts\/18282\/revisions"}],"predecessor-version":[{"id":18286,"href":"https:\/\/www.culmia.com\/es\/wp-json\/wp\/v2\/posts\/18282\/revisions\/18286"}],"wp:featuredmedia":[{"embeddable":true,"href":"https:\/\/www.culmia.com\/es\/wp-json\/wp\/v2\/media\/18283"}],"wp:attachment":[{"href":"https:\/\/www.culmia.com\/es\/wp-json\/wp\/v2\/media?parent=18282"}],"wp:term":[{"taxonomy":"category","embeddable":true,"href":"https:\/\/www.culmia.com\/es\/wp-json\/wp\/v2\/categories?post=18282"},{"taxonomy":"post_tag","embeddable":true,"href":"https:\/\/www.culmia.com\/es\/wp-json\/wp\/v2\/tags?post=18282"}],"curies":[{"name":"wp","href":"https:\/\/api.w.org\/{rel}","templated":true}]}}