{"id":18275,"date":"2023-12-27T10:59:06","date_gmt":"2023-12-27T09:59:06","guid":{"rendered":"https:\/\/culmia.dev.emood.es\/?p=18275"},"modified":"2025-09-12T11:02:12","modified_gmt":"2025-09-12T09:02:12","slug":"culmia-firma-una-alianza-con-palatino-residencial-para-el-desarrollo-de-434-viviendas-de-alquiler-asequible-en-madrid","status":"publish","type":"post","link":"https:\/\/www.culmia.com\/es\/blog\/culmia-firma-una-alianza-con-palatino-residencial-para-el-desarrollo-de-434-viviendas-de-alquiler-asequible-en-madrid\/","title":{"rendered":"Culmia firma una alianza con Palatino Residencial para el desarrollo de 434 viviendas de alquiler asequible en Madrid"},"content":{"rendered":"<ul> <li>\u00a0La compa\u00f1\u00eda acuerda con el veh\u00edculo inversor promovido por Bankinter Investment y V\u00cdA \u00c1GORA la\u00a0<strong>futura gesti\u00f3n del lote 5 del Plan de Alquiler Asequible<\/strong>\u00a0adjudicado por el Ayuntamiento de Madrid.<\/li> <li>\u00a0Las cinco promociones estar\u00e1n localizadas en los barrios de Arganzuela, Fuencarral, Carabanchel, San Blas y Villaverde.<\/li> <\/ul> <p><img decoding=\"async\" class=\"alignnone size-full wp-image-18014\" src=\"https:\/\/www.culmia.com\/wp-content\/uploads\/2025\/09\/th_Fondo-escritorio-2.png\" alt=\"\" width=\"1920\" height=\"905\" title=\"\" srcset=\"https:\/\/www.culmia.com\/wp-content\/uploads\/2025\/09\/th_Fondo-escritorio-2-200x94.png 200w, https:\/\/www.culmia.com\/wp-content\/uploads\/2025\/09\/th_Fondo-escritorio-2-300x141.png 300w, https:\/\/www.culmia.com\/wp-content\/uploads\/2025\/09\/th_Fondo-escritorio-2-400x189.png 400w, https:\/\/www.culmia.com\/wp-content\/uploads\/2025\/09\/th_Fondo-escritorio-2-600x283.png 600w, https:\/\/www.culmia.com\/wp-content\/uploads\/2025\/09\/th_Fondo-escritorio-2-768x362.png 768w, https:\/\/www.culmia.com\/wp-content\/uploads\/2025\/09\/th_Fondo-escritorio-2-800x377.png 800w, https:\/\/www.culmia.com\/wp-content\/uploads\/2025\/09\/th_Fondo-escritorio-2-1024x483.png 1024w, https:\/\/www.culmia.com\/wp-content\/uploads\/2025\/09\/th_Fondo-escritorio-2-1200x566.png 1200w, https:\/\/www.culmia.com\/wp-content\/uploads\/2025\/09\/th_Fondo-escritorio-2-1536x724.png 1536w, https:\/\/www.culmia.com\/wp-content\/uploads\/2025\/09\/th_Fondo-escritorio-2.png 1920w\" sizes=\"(max-width: 1920px) 100vw, 1920px\" \/><\/p> <p><strong>Culmia<\/strong>, plataforma inmobiliaria que concentra \u00edntegramente las soluciones de vivienda del mercado, ha firmado una\u00a0<strong>alianza estrat\u00e9gica con Palatino Residencial<\/strong>\u00a0(veh\u00edculo inversor promovido por Bankinter Investment y V\u00cdA \u00c1GORA) para el desarrollo de las\u00a0<strong>434 viviendas<\/strong>\u00a0correspondientes al lote 5 del Plan de Vivienda de Alquiler Asequible puesto en marcha por el Ayuntamiento de Madrid.<\/p> <p>Se trata de\u00a0<strong>cinco promociones<\/strong>\u00a0localizadas en los barrios de Arganzuela, Fuencarral, Carabanchel, San Blas y Villaverde, cuyo desarrollo se prev\u00e9 iniciar durante el presente mes de\u00a0<strong>diciembre<\/strong>. Todos los activos est\u00e1n situados en puntos estrat\u00e9gicos de estos barrios y en parcelas ya listas para acoger la edificaci\u00f3n.<\/p> <p>Culmia har\u00e1 entrega de estas viviendas en el\u00a0<strong>primer trimestre de 2026<\/strong>, con el objetivo de que su posterior gesti\u00f3n se realice por Palatino Residencial. Para su construcci\u00f3n y desarrollo la compa\u00f1\u00eda emplear\u00e1 los medios m\u00e1s avanzados recurriendo a\u00a0<strong>procesos de dise\u00f1o BIM<\/strong>\u00a0en entorno colaborativo y a la industrializaci\u00f3n de la construcci\u00f3n en aquellas parcelas cuyas caracter\u00edsticas lo permitan.<br \/> Se refuerza as\u00ed un\u00a0<strong>modelo de colaboraci\u00f3n p\u00fablico-privada<\/strong>\u00a0que est\u00e1 permitiendo poner en el mercado miles de viviendas asequibles con la participaci\u00f3n de actores especializados que aseguran el \u00e9xito de las diferentes etapas de estos procesos de colaboraci\u00f3n de largo recorrido en el tiempo.<\/p> <p>Culmia es tambi\u00e9n adjudicataria del\u00a0<a href=\"https:\/\/www.culmia.com\/es\/vivienda-asequible-ayuntamiento\">Lote 1 del Plan de Alquiler Asequible<\/a>\u00a0del Ayuntamiento madrile\u00f1o, que contempla el desarrollo de dos promociones con\u00a0<strong>437 viviendas en Hortaleza y Usera<\/strong>. Ya se ha iniciado la construcci\u00f3n en Valdebebas, con la previsi\u00f3n de acabar el desarrollo de la totalidad de \u00e9ste lote tambi\u00e9n a finales del primer trimestre de 2026.<\/p> <p>Asimismo, la promotora ha ganado tambi\u00e9n la licitaci\u00f3n para el desarrollo del lote \u00fanico del<strong>\u00a0Plan VIVE II de la Comunidad de Madrid<\/strong>, por el que construir\u00e1 1.137 viviendas ubicadas en los municipios de Boadilla del Monte (524 viviendas), Pinto (422 viviendas) y Colmenar Viejo (191 viviendas).<\/p> <p>En l\u00ednea con su especializaci\u00f3n en el desarrollo de vivienda asequible, con anterioridad, Culmia tambi\u00e9n ha resultado adjudicataria de un lote de la<a href=\"https:\/\/www.culmia.com\/es\/actualidad\/culmia-inicia-las-obras-del-proyecto-de-vivienda-asequible-del-ayuntamiento-de-madrid\">\u00a0primera fase del Plan VIVE<\/a>, que contempla la construcci\u00f3n y posterior explotaci\u00f3n de\u00a0<strong>1.763 viviendas<\/strong>\u00a0repartidas en 12 parcelas localizadas en los municipios de\u00a0<a href=\"https:\/\/www.culmia.com\/es\/actualidad\/culmia-presenta-los-primeros-pisos-del-plan-vive-de-la-comunidad-de-madrid\">San Sebasti\u00e1n de los Reyes<\/a>,\u00a0<a href=\"https:\/\/www.culmia.com\/es\/actualidad\/la-comunidad-de-madrid-visita-las-obras-del-plan-vive-en-tres-cantos\">Tres Cantos<\/a>, Alcorc\u00f3n,\u00a0<a href=\"https:\/\/www.culmia.com\/es\/actualidad\/culmia-comercializacion-vivendas-plan-vive-madrid-alcala-de-henares\">Alcal\u00e1 de Henares<\/a>\u00a0y\u00a0<a href=\"https:\/\/www.culmia.com\/es\/actualidad\/culmia-presenta-los-avances-del-plan-vive-en-getafe-y-alcorcon-a-la-presidenta-de-la-comunidad-de-madrid\">Getafe<\/a>. Todas estas promociones se encuentran en\u00a0<strong>fase de construcci\u00f3n<\/strong>\u00a0e incluso algunas de ellas ya cercancas a su finalizaci\u00f3n y entrada en explotaci\u00f3n.<\/p> <p>&nbsp;<\/p>","protected":false},"excerpt":{"rendered":"<p>\u00a0La compa\u00f1\u00eda acuerda con el veh\u00edculo inversor promovido por Bankinter &#8230;<\/p>\n","protected":false},"author":15,"featured_media":18014,"comment_status":"open","ping_status":"open","sticky":false,"template":"","format":"standard","meta":{"_acf_changed":false,"footnotes":""},"categories":[121,1306],"tags":[],"class_list":["post-18275","post","type-post","status-publish","format-standard","has-post-thumbnail","hentry","category-actualidad","category-culmia"],"acf":[],"_links":{"self":[{"href":"https:\/\/www.culmia.com\/es\/wp-json\/wp\/v2\/posts\/18275","targetHints":{"allow":["GET"]}}],"collection":[{"href":"https:\/\/www.culmia.com\/es\/wp-json\/wp\/v2\/posts"}],"about":[{"href":"https:\/\/www.culmia.com\/es\/wp-json\/wp\/v2\/types\/post"}],"author":[{"embeddable":true,"href":"https:\/\/www.culmia.com\/es\/wp-json\/wp\/v2\/users\/15"}],"replies":[{"embeddable":true,"href":"https:\/\/www.culmia.com\/es\/wp-json\/wp\/v2\/comments?post=18275"}],"version-history":[{"count":1,"href":"https:\/\/www.culmia.com\/es\/wp-json\/wp\/v2\/posts\/18275\/revisions"}],"predecessor-version":[{"id":18276,"href":"https:\/\/www.culmia.com\/es\/wp-json\/wp\/v2\/posts\/18275\/revisions\/18276"}],"wp:featuredmedia":[{"embeddable":true,"href":"https:\/\/www.culmia.com\/es\/wp-json\/wp\/v2\/media\/18014"}],"wp:attachment":[{"href":"https:\/\/www.culmia.com\/es\/wp-json\/wp\/v2\/media?parent=18275"}],"wp:term":[{"taxonomy":"category","embeddable":true,"href":"https:\/\/www.culmia.com\/es\/wp-json\/wp\/v2\/categories?post=18275"},{"taxonomy":"post_tag","embeddable":true,"href":"https:\/\/www.culmia.com\/es\/wp-json\/wp\/v2\/tags?post=18275"}],"curies":[{"name":"wp","href":"https:\/\/api.w.org\/{rel}","templated":true}]}}