{"id":18216,"date":"2024-03-11T10:45:12","date_gmt":"2024-03-11T09:45:12","guid":{"rendered":"https:\/\/culmia.dev.emood.es\/?p=18216"},"modified":"2025-09-12T10:45:49","modified_gmt":"2025-09-12T08:45:49","slug":"las-cuatro-primeras-promociones-de-alquiler-asequible-de-culmia-suman-mas-de-24-100-solicitudes-19-por-vivienda","status":"publish","type":"post","link":"https:\/\/www.culmia.com\/es\/blog\/las-cuatro-primeras-promociones-de-alquiler-asequible-de-culmia-suman-mas-de-24-100-solicitudes-19-por-vivienda\/","title":{"rendered":"Las cuatro primeras promociones de alquiler asequible de Culmia suman m\u00e1s de 24.100 solicitudes, 19 por vivienda"},"content":{"rendered":"<p>\u2022 Los activos del<strong>\u00a0Plan VIVE<\/strong>\u00a0de la Comunidad de Madrid que ya est\u00e1n en fase de comercializaci\u00f3n y\/o asignaci\u00f3n (Alcorc\u00f3n, Alcal\u00e1 de Henares, Getafe y Tres Cantos) contar\u00e1n con\u00a0<strong>1.275 viviendas asequibles<\/strong>.<\/p> <p>\u2022 En las pr\u00f3ximas semanas, la \u00faltima y quinta promoci\u00f3n en San Sebasti\u00e1n de los Reyes iniciar\u00e1 tambi\u00e9n su fase de comercializaci\u00f3n.<\/p> <p><img decoding=\"async\" class=\"alignnone size-full wp-image-18217\" src=\"https:\/\/www.culmia.com\/wp-content\/uploads\/2025\/09\/th_Plan-Vive-Getafe.png\" alt=\"\" width=\"1920\" height=\"905\" title=\"\" srcset=\"https:\/\/www.culmia.com\/wp-content\/uploads\/2025\/09\/th_Plan-Vive-Getafe-200x94.png 200w, https:\/\/www.culmia.com\/wp-content\/uploads\/2025\/09\/th_Plan-Vive-Getafe-300x141.png 300w, https:\/\/www.culmia.com\/wp-content\/uploads\/2025\/09\/th_Plan-Vive-Getafe-400x189.png 400w, https:\/\/www.culmia.com\/wp-content\/uploads\/2025\/09\/th_Plan-Vive-Getafe-600x283.png 600w, https:\/\/www.culmia.com\/wp-content\/uploads\/2025\/09\/th_Plan-Vive-Getafe-768x362.png 768w, https:\/\/www.culmia.com\/wp-content\/uploads\/2025\/09\/th_Plan-Vive-Getafe-800x377.png 800w, https:\/\/www.culmia.com\/wp-content\/uploads\/2025\/09\/th_Plan-Vive-Getafe-1024x483.png 1024w, https:\/\/www.culmia.com\/wp-content\/uploads\/2025\/09\/th_Plan-Vive-Getafe-1200x566.png 1200w, https:\/\/www.culmia.com\/wp-content\/uploads\/2025\/09\/th_Plan-Vive-Getafe-1536x724.png 1536w, https:\/\/www.culmia.com\/wp-content\/uploads\/2025\/09\/th_Plan-Vive-Getafe.png 1920w\" sizes=\"(max-width: 1920px) 100vw, 1920px\" \/><\/p> <p>11 de marzo de 2024 -\u00a0<strong>Culmia<\/strong>, la plataforma inmobiliaria que concentra \u00edntegramente las soluciones de vivienda del mercado, ha iniciado ya la comercializaci\u00f3n del grueso de las promociones correspondientes al Lote 3 de la primera fase del<strong>\u00a0<a href=\"https:\/\/www.culmia.com\/es\/vivienda-asequible\">Plan VIVE<\/a><\/strong>\u00a0de la Comunidad de Madrid. A pocas semanas de entregar las primeras viviendas de alquiler asequible, las promociones en fases m\u00e1s avanzadas de comercializaci\u00f3n y\/o asignaci\u00f3n, localizadas en\u00a0<strong>Alcal\u00e1 de Henares<\/strong>,\u00a0<strong>Alcorc\u00f3n<\/strong>,\u00a0<strong>Getafe<\/strong>\u00a0y\u00a0<strong>Tres Cantos<\/strong>, han recibido ya\u00a0<strong>24.111 solicitudes<\/strong>\u00a0para un total de 1.275 viviendas. Esto supone que, de media, cada vivienda de estas cuatro promociones ha recibido 19 peticiones.<\/p> <p>Por municipios, la promoci\u00f3n de Alcorc\u00f3n ha sido la que m\u00e1s solicitudes ha registrado, con un total de\u00a0<strong>11.675 familias demandantes para 274 viviendas<\/strong>. En este activo se est\u00e1 completando el proceso de asignaci\u00f3n y, a mediados de marzo, se espera hacer entrega de las primeras viviendas.<\/p> <p>Por su parte, la promoci\u00f3n de\u00a0<strong><a href=\"https:\/\/www.culmia.com\/es\/actualidad\/culmia-comercializacion-vivendas-plan-vive-madrid-alcala-de-henares\">Alcal\u00e1 de Henares<\/a><\/strong>, ha recibido\u00a0<strong>4.243 solicitudes para las 300 viviendas disponibles<\/strong>. El activo de\u00a0<strong><a href=\"https:\/\/www.culmia.com\/es\/actualidad\/la-comunidad-de-madrid-visita-las-obras-del-plan-vive-en-tres-cantos\">Tres Cantos<\/a><\/strong>\u00a0ha registrado tambi\u00e9n un alto n\u00famero de demandantes, con\u00a0<strong>3.132 peticiones para 209 viviendas<\/strong>.<\/p> <p>La promoci\u00f3n de\u00a0<strong><a href=\"https:\/\/www.culmia.com\/es\/actualidad\/culmia-presenta-los-avances-del-plan-vive-en-getafe-y-alcorcon-a-la-presidenta-de-la-comunidad-de-madrid\">Getafe<\/a><\/strong>, que tambi\u00e9n tiene el proceso de solicitudes abierto, ha recibido hasta el momento\u00a0<strong>5.061 peticiones para 492 unidades<\/strong>.<\/p> <p>La quinta y \u00faltima promoci\u00f3n que forma el total de las\u00a0<strong>1.763 viviendas<\/strong>\u00a0del lote 3 de la primera fase del Plan VIVE, la de\u00a0<strong><a href=\"https:\/\/www.culmia.com\/es\/actualidad\/culmia-presenta-los-primeros-pisos-del-plan-vive-de-la-comunidad-de-madrid\">San Sebasti\u00e1n de los Reyes<\/a><\/strong>, iniciar\u00e1 el periodo de comercializaci\u00f3n el pr\u00f3ximo\u00a0<strong>9 de abril<\/strong>.<\/p> <p><strong>Jaume Borr\u00e0s<\/strong>, Director de Negocio de Culmia, ha indicado que \u201cla buena acogida inicial de estas primeras promociones es la constataci\u00f3n de que se hace necesario continuar desarrollando proyectos de alquiler asequible en colaboraci\u00f3n p\u00fablico-privada como el Plan Vive, ya que la demanda multiplica la oferta actual de manera extraordinaria.\u201d<\/p> <p>Las viviendas promovidas por Culmia en el Plan VIVE cuentan con servicios como porter\u00eda, gimnasios equipados, piscina y zonas verdes y espacios para la comunidad, as\u00ed como elevados est\u00e1ndares de eficiencia y sostenibilidad. En este sentido, cuentan con precalificaci\u00f3n BREEAM Excelente -calificaci\u00f3n en fase de proyecto-, nivel que en promociones residenciales plurifamiliares no se hab\u00eda conseguido antes a escala nacional. Se tratar\u00e1 por tanto de las primeras promociones certificadas con el nivel Excelente conforme al nuevo manual BREEAM.<\/p> <p>Tras su construcci\u00f3n, la comercializaci\u00f3n y gesti\u00f3n posterior de estas viviendas corre a cargo de Sogeviso, uno de los principales servicers del sector inmobiliario, especializado en la gesti\u00f3n socialmente responsable y econ\u00f3micamente sostenible de carteras de inmuebles.<\/p> <p>El\u00a0<strong>procedimiento<\/strong>\u00a0de\u00a0<strong>adjudicaci\u00f3n<\/strong>\u00a0de las viviendas es por estricto<strong>\u00a0orden cronol\u00f3gico de inscripci\u00f3n<\/strong>, siempre que\u00a0<strong>se cumplan todos los requisitos de acceso<\/strong>. Los potenciales adjudicatarios deben ser mayores de edad, contar con nacionalidad espa\u00f1ola o residir legalmente en el pa\u00eds, cumplir con los l\u00edmites de ingresos establecidos para cada tipolog\u00eda de vivienda, la cantidad que la unidad de convivencia destinar\u00e1 al pago de la renta total anual no deber\u00e1 superar el 35% de sus ingresos netos anuales, deber\u00e1n estar empadronados y\/o tener el centro de trabajo en el municipio al que se opta con una antig\u00fcedad m\u00ednima de tres a\u00f1os y deber\u00e1n destinar la vivienda a su residencia habitual, careciendo de una vivienda en propiedad en el territorio nacional. Este proceso ha de realizarse a trav\u00e9s de la web convivemadridalquila.com donde se recoge toda la informaci\u00f3n sobre estas promociones.<\/p>","protected":false},"excerpt":{"rendered":"<p>\u2022 Los activos del\u00a0Plan VIVE\u00a0de la Comunidad de Madrid que &#8230;<\/p>\n","protected":false},"author":15,"featured_media":18217,"comment_status":"open","ping_status":"open","sticky":false,"template":"","format":"standard","meta":{"_acf_changed":false,"footnotes":""},"categories":[121,1306],"tags":[],"class_list":["post-18216","post","type-post","status-publish","format-standard","has-post-thumbnail","hentry","category-actualidad","category-culmia"],"acf":[],"_links":{"self":[{"href":"https:\/\/www.culmia.com\/es\/wp-json\/wp\/v2\/posts\/18216","targetHints":{"allow":["GET"]}}],"collection":[{"href":"https:\/\/www.culmia.com\/es\/wp-json\/wp\/v2\/posts"}],"about":[{"href":"https:\/\/www.culmia.com\/es\/wp-json\/wp\/v2\/types\/post"}],"author":[{"embeddable":true,"href":"https:\/\/www.culmia.com\/es\/wp-json\/wp\/v2\/users\/15"}],"replies":[{"embeddable":true,"href":"https:\/\/www.culmia.com\/es\/wp-json\/wp\/v2\/comments?post=18216"}],"version-history":[{"count":2,"href":"https:\/\/www.culmia.com\/es\/wp-json\/wp\/v2\/posts\/18216\/revisions"}],"predecessor-version":[{"id":18220,"href":"https:\/\/www.culmia.com\/es\/wp-json\/wp\/v2\/posts\/18216\/revisions\/18220"}],"wp:featuredmedia":[{"embeddable":true,"href":"https:\/\/www.culmia.com\/es\/wp-json\/wp\/v2\/media\/18217"}],"wp:attachment":[{"href":"https:\/\/www.culmia.com\/es\/wp-json\/wp\/v2\/media?parent=18216"}],"wp:term":[{"taxonomy":"category","embeddable":true,"href":"https:\/\/www.culmia.com\/es\/wp-json\/wp\/v2\/categories?post=18216"},{"taxonomy":"post_tag","embeddable":true,"href":"https:\/\/www.culmia.com\/es\/wp-json\/wp\/v2\/tags?post=18216"}],"curies":[{"name":"wp","href":"https:\/\/api.w.org\/{rel}","templated":true}]}}