{"id":18201,"date":"2024-04-04T10:41:53","date_gmt":"2024-04-04T08:41:53","guid":{"rendered":"https:\/\/culmia.dev.emood.es\/?p=18201"},"modified":"2025-09-12T10:42:39","modified_gmt":"2025-09-12T08:42:39","slug":"culmia-inicia-las-obras-de-tres-promociones-mas-del-proyecto-de-vivienda-asequible-del-ayuntamiento-de-madrid","status":"publish","type":"post","link":"https:\/\/www.culmia.com\/es\/blog\/culmia-inicia-las-obras-de-tres-promociones-mas-del-proyecto-de-vivienda-asequible-del-ayuntamiento-de-madrid\/","title":{"rendered":"Culmia inicia las obras de tres promociones m\u00e1s del proyecto de vivienda asequible del Ayuntamiento de Madrid"},"content":{"rendered":"<ul> <li>\u00a0Se trata de las promociones ubicadas en los distritos de\u00a0<strong>Usera<\/strong>,\u00a0<strong>Villaverde<\/strong>\u00a0y\u00a0<strong>Carabanchel<\/strong>.<\/li> <li>Estas tres promociones a\u00f1aden\u00a0<strong>353 viviendas asequibles<\/strong>\u00a0m\u00e1s a la ciudad: 222 en el barrio de San Ferm\u00edn, en Usera; 52 en el barrio de Los \u00c1ngeles, del distrito de Villaverde; y 79 viviendas ubicadas en el barrio de San Isidro, en Carabanchel.<\/li> <li><strong>761 viviendas<\/strong>\u00a0promovidas por Culmia para este plan ya est\u00e1n en fase de\u00a0<strong>construcci\u00f3n<\/strong>.<\/li> <\/ul> <p><img decoding=\"async\" class=\"alignnone size-full wp-image-18202\" src=\"https:\/\/www.culmia.com\/wp-content\/uploads\/2025\/09\/th_Diseno-sin-titulo-1.jpg\" alt=\"\" width=\"1920\" height=\"905\" title=\"\" srcset=\"https:\/\/www.culmia.com\/wp-content\/uploads\/2025\/09\/th_Diseno-sin-titulo-1-200x94.jpg 200w, https:\/\/www.culmia.com\/wp-content\/uploads\/2025\/09\/th_Diseno-sin-titulo-1-300x141.jpg 300w, https:\/\/www.culmia.com\/wp-content\/uploads\/2025\/09\/th_Diseno-sin-titulo-1-400x189.jpg 400w, https:\/\/www.culmia.com\/wp-content\/uploads\/2025\/09\/th_Diseno-sin-titulo-1-600x283.jpg 600w, https:\/\/www.culmia.com\/wp-content\/uploads\/2025\/09\/th_Diseno-sin-titulo-1-768x362.jpg 768w, https:\/\/www.culmia.com\/wp-content\/uploads\/2025\/09\/th_Diseno-sin-titulo-1-800x377.jpg 800w, https:\/\/www.culmia.com\/wp-content\/uploads\/2025\/09\/th_Diseno-sin-titulo-1-1024x483.jpg 1024w, https:\/\/www.culmia.com\/wp-content\/uploads\/2025\/09\/th_Diseno-sin-titulo-1-1200x566.jpg 1200w, https:\/\/www.culmia.com\/wp-content\/uploads\/2025\/09\/th_Diseno-sin-titulo-1-1536x724.jpg 1536w, https:\/\/www.culmia.com\/wp-content\/uploads\/2025\/09\/th_Diseno-sin-titulo-1.jpg 1920w\" sizes=\"(max-width: 1920px) 100vw, 1920px\" \/><\/p> <p>4 de abril de 2024 - Culmia, la plataforma inmobiliaria que concentra \u00edntegramente las soluciones de vivienda del mercado, inicia las obras de tres promociones m\u00e1s del<a href=\"https:\/\/www.culmia.com\/es\/vivienda-asequible-ayuntamiento\">\u00a0proyecto de vivienda asequible del Ayuntamiento de Madrid<\/a>. Estas se unen a la promoci\u00f3n de Valdebebas, en el distrito de Hortaleza, que comenz\u00f3 los primeros trabajos en noviembre del a\u00f1o pasado y a la promoci\u00f3n de M\u00e9ndez \u00c1lvaro, en el distrito de Arganzuela, cuyas obras se iniciaron en diciembre.<\/p> <p>Se trata de tres promociones que suman\u00a0<strong>353 viviendas asequibles<\/strong>. Una de las promociones,\u00a0<strong>Culmia Orovilla<\/strong>, est\u00e1 ubicada en el distrito de\u00a0<strong>Usera<\/strong>, en concreto en la Avenida de Orovilla, en el barrio de San Ferm\u00edn. Se trata de 222 viviendas con opciones de uno, dos y tres dormitorios y con aparcamiento y trasteros en s\u00f3tano. El complejo cuenta adem\u00e1s con piscina, gimnasio, sala com\u00fan para uso de los vecinos y aparcamiento de bicicletas.<\/p> <p>Cabe destacar que para la construcci\u00f3n de Culmia Orovilla se recurrir\u00e1 a un\u00a0<strong>sistema de industrializaci\u00f3n integral<\/strong>\u00a0que ofrece ventajas en varias vertientes del proceso: permitir\u00e1 reducir hasta un 30% los plazos de entrega y reducir un 60% los residuos que se generan en las obras disminuyendo las emisiones de CO2, con viviendas m\u00e1s eficientes energ\u00e9ticamente y enfocado a luchar contra la accidentabilidad laboral en las obras.<\/p> <p>Tambi\u00e9n acaba de dar comienzo a las obras la promoci\u00f3n\u00a0<strong>Culmia Boetticher<\/strong>\u00a0ubicada en el distrito de\u00a0<strong>Villaverde<\/strong>. En concreto en el barrio de Los \u00c1ngeles, al sur de la ciudad de Madrid, muy pr\u00f3xima al centro de innovaci\u00f3n del Ayuntamiento de Madrid, \u201cLa Nave\u201d. Esta promoci\u00f3n consta de 52 viviendas con opciones de uno, dos y tres dormitorios y con trastero y plaza de aparcamiento en s\u00f3tano. El complejo cuenta con gimnasio, sala com\u00fan, aparcamiento de bicicletas y piscina.<\/p> <p>A ellas se a\u00f1ade el inicio de obras de la promoci\u00f3n\u00a0<strong>Culmia Valvanera<\/strong>, en\u00a0<strong>Carabanchel<\/strong>. Consta de 79 viviendas ubicadas en el barrio de San Isidro, al suroeste de la ciudad de Madrid, con opciones de uno, dos y tres dormitorios y con un trastero y plaza de aparcamiento en s\u00f3tano. La promoci\u00f3n dispone tambi\u00e9n de zonas comunes, gimnasio, sala com\u00fan y aparcamiento de bicicletas.<\/p> <p>Todas ellas comparten las\u00a0<strong>caracter\u00edsticas comunes a las\u00a0<a href=\"https:\/\/www.culmia.com\/es\/promociones\">viviendas Culmia<\/a><\/strong>, ya que simplifican distribuciones, procuran minimizar la jerarquizaci\u00f3n de los espacios, disponen todas las habitaciones en fachada y permiten la flexibilidad de usos para poder adaptarse a las diferentes formas de convivencia y a los nuevos usos del hogar. A ello se le suman sus acabados modernos que aportan calidez a las viviendas, garantizando la durabilidad sin olvidad la funcionalidad.<\/p> <p>En palabras de\u00a0<strong>Jaume Borr\u00e0s<\/strong>, director de negocio de\u00a0<strong>Culmia<\/strong>\u00a0\u201ccontinuamos nuestra hoja de ruta y vamos sumando hitos en la materializaci\u00f3n de las viviendas que pondremos a disposici\u00f3n de los madrile\u00f1os. Cinco promociones del plan de vivienda asequible del Ayuntamiento de Madrid ya est\u00e1n en construcci\u00f3n y las restantes lo har\u00e1n en breve. Ello significa que todas nuestras promociones de vivienda asequible se encuentran en estadios avanzados, cumpliendo en tiempo y forma la calendarizaci\u00f3n prevista\u201d.<\/p> <p>Estas promociones forman parte de los\u00a0<strong>lotes 1 y 5 de la licitaci\u00f3n de vivienda asequible realizada por el Ayuntamiento de Madrid<\/strong>, en la que Culmia desarrollar\u00e1 proyectos en Valdebebas (Hortaleza), San Ferm\u00edn (Usera), Atocha (Arganzuela), Pe\u00f1agrande (Fuencarral \u2013 El Pardo), San Isidro (Carabanchel), Rejas (San Blas) y Los \u00c1ngeles (Villaverde). Todas ellas enclavadas en puntos estrat\u00e9gicos de estos barrios y en parcelas ya listas para acoger la edificaci\u00f3n.<\/p> <p>En la actualidad,\u00a0<strong>761 viviendas<\/strong>\u00a0promovidas por Culmia en este plan se encuentran en<strong>\u00a0fase de obras<\/strong>. En total,\u00a0<strong>Culmia<\/strong>\u00a0desarrollar\u00e1\u00a0<strong>871 viviendas asequibles<\/strong>\u00a0para el Ayuntamiento de Madrid y para ello invertir\u00e1\u00a0<strong>130 millones<\/strong>\u00a0en este proyecto de<strong>\u00a0colaboraci\u00f3n p\u00fablico-privada<\/strong>.<\/p> <p>El proyecto est\u00e1 impulsado por el\u00a0<strong>Ayuntamiento<\/strong>, a trav\u00e9s del\u00a0<strong>\u00c1rea de Gobierno de Desarrollo Urbano<\/strong>. Su\u00a0<strong>objetivo<\/strong>\u00a0es la puesta en el mercado de aproximadamente 2.200 viviendas en r\u00e9gimen de alquiler asequible en 25 parcelas ubicadas en 11 distritos de la ciudad de Madrid, mediante la\u00a0<a href=\"https:\/\/www.madrid.es\/portales\/munimadrid\/es\/Inicio\/Vivienda-urbanismo-y-obras\/Programa-de-cesion-de-suelo-en-regimen-de-derecho-de-superficie-con-destino-a-la-promocion-de-viviendas-en-alquiler-asequible\/?vgnextfmt=default&amp&vgnextoid=2215df097f4bc710VgnVCM1000001d4a900aRCRD&amp&vgnextchannel=593e31d3b28fe410VgnVCM1000000b205a0aRCRD\" target=\"_blank\" rel=\"noopener nofollow\">cesi\u00f3n de suelo en r\u00e9gimen de derecho de superficie<\/a>\u00a0por un plazo de 45 a\u00f1os.<\/p> <p>Te recomendamos leer esta nota de prensa escuchando nuestra playlist\u00a0<strong>\u2018Destino, tu hogar\u2019<\/strong>.<\/p>","protected":false},"excerpt":{"rendered":"<p>\u00a0Se trata de las promociones ubicadas en los distritos de\u00a0Usera,\u00a0Villaverde\u00a0y\u00a0Carabanchel. &#8230;<\/p>\n","protected":false},"author":15,"featured_media":18202,"comment_status":"open","ping_status":"open","sticky":false,"template":"","format":"standard","meta":{"_acf_changed":false,"footnotes":""},"categories":[121,1306],"tags":[],"class_list":["post-18201","post","type-post","status-publish","format-standard","has-post-thumbnail","hentry","category-actualidad","category-culmia"],"acf":[],"_links":{"self":[{"href":"https:\/\/www.culmia.com\/es\/wp-json\/wp\/v2\/posts\/18201","targetHints":{"allow":["GET"]}}],"collection":[{"href":"https:\/\/www.culmia.com\/es\/wp-json\/wp\/v2\/posts"}],"about":[{"href":"https:\/\/www.culmia.com\/es\/wp-json\/wp\/v2\/types\/post"}],"author":[{"embeddable":true,"href":"https:\/\/www.culmia.com\/es\/wp-json\/wp\/v2\/users\/15"}],"replies":[{"embeddable":true,"href":"https:\/\/www.culmia.com\/es\/wp-json\/wp\/v2\/comments?post=18201"}],"version-history":[{"count":2,"href":"https:\/\/www.culmia.com\/es\/wp-json\/wp\/v2\/posts\/18201\/revisions"}],"predecessor-version":[{"id":18205,"href":"https:\/\/www.culmia.com\/es\/wp-json\/wp\/v2\/posts\/18201\/revisions\/18205"}],"wp:featuredmedia":[{"embeddable":true,"href":"https:\/\/www.culmia.com\/es\/wp-json\/wp\/v2\/media\/18202"}],"wp:attachment":[{"href":"https:\/\/www.culmia.com\/es\/wp-json\/wp\/v2\/media?parent=18201"}],"wp:term":[{"taxonomy":"category","embeddable":true,"href":"https:\/\/www.culmia.com\/es\/wp-json\/wp\/v2\/categories?post=18201"},{"taxonomy":"post_tag","embeddable":true,"href":"https:\/\/www.culmia.com\/es\/wp-json\/wp\/v2\/tags?post=18201"}],"curies":[{"name":"wp","href":"https:\/\/api.w.org\/{rel}","templated":true}]}}