{"id":18196,"date":"2024-04-09T10:41:09","date_gmt":"2024-04-09T08:41:09","guid":{"rendered":"https:\/\/culmia.dev.emood.es\/?p=18196"},"modified":"2026-03-19T18:19:09","modified_gmt":"2026-03-19T17:19:09","slug":"culmia-lanza-la-promocion-culmia-marcelona-montjuic-en-el-barrio-de-la-marina-de-la-ciudad-condal","status":"publish","type":"post","link":"https:\/\/www.culmia.com\/es\/blog\/culmia-lanza-la-promocion-culmia-marcelona-montjuic-en-el-barrio-de-la-marina-de-la-ciudad-condal\/","title":{"rendered":"Culmia lanza la promoci\u00f3n Culmia MarCelOna Montju\u00efc en el barrio de la Marina de la ciudad condal"},"content":{"rendered":"<ul> <li>Se trata de un complejo inmobiliario formado por\u00a0<strong>tres edificios de 152 viviendas<\/strong>\u00a0a las que se suman 230 plazas de garaje para coche y 41 de moto, 152 trasteros, cuatro locales y una oficina.<\/li> <li>Los tres edificios estar\u00e1n comunicados por una<strong>\u00a0zona comunitaria<\/strong>\u00a0y dispondr\u00e1n de\u00a0<strong>piscina<\/strong>\u00a0cada uno. Adem\u00e1s, la promoci\u00f3n contar\u00e1 con coworking, biblioteca, gimnasio, club social, zona comunitaria exterior dotada de zona infantil, espacio para deportes y zonas ajardinadas, y bikeroom.<\/li> <li>Los edificios estar\u00e1n\u00a0<strong>unidos por un z\u00f3calo de planta baja m\u00e1s tres plantas piso<\/strong>: en la planta baja se encuentran los vest\u00edbulos de acceso a las viviendas, los soportales de acceso a la zona comunitaria del interior de la isla, las oficinas y los locales comerciales. Y en las plantas piso se encuentran la oficina, las zonas comunes y las viviendas.<\/li> <li>Su principal atractivo es su\u00a0<strong>car\u00e1cter moderno<\/strong>\u00a0en un gran desarrollo urban\u00edstico en Barcelona.<\/li> <li>Culmia MarCelOna Montju\u00efc cuenta con el<strong>\u00a0certificado BREEAM bueno<\/strong>.<\/li> <\/ul> <p><img decoding=\"async\" class=\"alignnone size-full wp-image-18197\" src=\"https:\/\/www.culmia.com\/wp-content\/uploads\/2025\/09\/th_Diseno-sin-titulo-2-1.jpg\" alt=\"\" width=\"1920\" height=\"905\" title=\"\" srcset=\"https:\/\/www.culmia.com\/wp-content\/uploads\/2025\/09\/th_Diseno-sin-titulo-2-1-200x94.jpg 200w, https:\/\/www.culmia.com\/wp-content\/uploads\/2025\/09\/th_Diseno-sin-titulo-2-1-300x141.jpg 300w, https:\/\/www.culmia.com\/wp-content\/uploads\/2025\/09\/th_Diseno-sin-titulo-2-1-400x189.jpg 400w, https:\/\/www.culmia.com\/wp-content\/uploads\/2025\/09\/th_Diseno-sin-titulo-2-1-600x283.jpg 600w, https:\/\/www.culmia.com\/wp-content\/uploads\/2025\/09\/th_Diseno-sin-titulo-2-1-768x362.jpg 768w, https:\/\/www.culmia.com\/wp-content\/uploads\/2025\/09\/th_Diseno-sin-titulo-2-1-800x377.jpg 800w, https:\/\/www.culmia.com\/wp-content\/uploads\/2025\/09\/th_Diseno-sin-titulo-2-1-1024x483.jpg 1024w, https:\/\/www.culmia.com\/wp-content\/uploads\/2025\/09\/th_Diseno-sin-titulo-2-1-1200x566.jpg 1200w, https:\/\/www.culmia.com\/wp-content\/uploads\/2025\/09\/th_Diseno-sin-titulo-2-1-1536x724.jpg 1536w, https:\/\/www.culmia.com\/wp-content\/uploads\/2025\/09\/th_Diseno-sin-titulo-2-1.jpg 1920w\" sizes=\"(max-width: 1920px) 100vw, 1920px\" \/><\/p> <p>9 de abril de 2024-\u00a0<strong>Culmia<\/strong>, la plataforma inmobiliaria que concentra \u00edntegramente las soluciones de vivienda del mercado,<strong>\u00a0lanza su promoci\u00f3n<\/strong>\u00a0<strong><a href=\"https:\/\/www.culmia.com\/es\/promociones\/barcelona\/barcelona\/culmia-marcelona-montjuic\">Culmia MarCelOna Montju\u00efc<\/a><\/strong>\u00a0ubicada en el barrio de la Marina de Barcelona. (MarCieloOla en su traducci\u00f3n al castellano) donde\u00a0<strong>cada nombre<\/strong>\u00a0referencia a uno de los<strong>\u00a0tres edificios<\/strong>:\u00a0<strong>Mar<\/strong>,\u00a0<strong>Cel<\/strong>\u00a0y\u00a0<strong>Ona<\/strong>.<\/p> <p>Se trata de un complejo inmobiliario formado por\u00a0<strong>tres edificios de hasta 11 alturas con 152 viviendas<\/strong>. Las viviendas estar\u00e1n disponibles con uno, dos y tres dormitorios. A ellas se sumar\u00e1n, 230 plazas de garaje para coche, 41 plazas de garaje para moto, 152 trasteros, cuatro locales comerciales y una oficina.<\/p> <p>En Culmia MarCelOna Montju\u00efc es relevante la\u00a0<strong>variedad de servicios y zonas comunes<\/strong>\u00a0que se ofrecen a los clientes. Cada uno de los tres edificios dispondr\u00e1 de una piscina en la azotea, sumado a las zonas comunes: espacio de coworking, biblioteca, gimnasio, espacio polivalente, zona infantil, zona deportiva, espacios ajardinados y bikeroom.<\/p> <p>Esta promoci\u00f3n es atractiva, sobre todo, por su\u00a0<strong>car\u00e1cter moderno<\/strong>\u00a0y por su\u00a0<strong>ubicaci\u00f3n en uno de los desarrollos urban\u00edsticos m\u00e1s destacados<\/strong>\u00a0y que m\u00e1s est\u00e1 transform\u00e1ndose de Barcelona capital,\u00a0<strong>la Marina<\/strong>.<\/p> <p><strong>La Marina est\u00e1 muy bien comunicada<\/strong>, a tan solo 10\/15 minutos del centro de la ciudad, adem\u00e1s de estar conectada con el litoral por la carretera B10 y a 10 minutos del aeropuerto del Josep Tarradellas Barcelona-El Prat. Tambi\u00e9n es una zona con muchos<strong>\u00a0espacios verdes<\/strong>, y con gran oferta de instalaciones deportivas, guarder\u00edas, mercados\u2026 en definitiva, todo lo necesario en un barrio que est\u00e1 llamado a ser\u00a0<strong>el futuro de esta ciudad<\/strong>.<\/p> <p>Y, siguiendo la\u00a0<strong>fuerte apuesta de Culmia por la\u00a0<a href=\"https:\/\/www.culmia.com\/es\/destino-sostenible\">sostenibilidad<\/a><\/strong>, Culmia MarCelOna Montju\u00efc cuenta con el\u00a0<strong>certificado BREEAM bueno<\/strong>.<\/p> <p>Para\u00a0<strong>Josep Mar\u00eda Cases<\/strong>,\u00a0<strong>director territorial de <a href=\"https:\/\/youtu.be\/bvSrjDVbjCA\" rel=\"nofollow noopener\" target=\"_blank\">Culmia en Catalu\u00f1a<\/a><\/strong>, \u201cCulmia MarCelOna Montju\u00efc es un complejo inmobiliario que ofrece un producto nuevo pensando tanto para familias, como para inversores. En una de las localizaciones m\u00e1s nuevas y mejor conectadas de la ciudad, posee amplia variedad de zonas comunes y de tipolog\u00edas de viviendas. De este modo, nos adaptamos a todos los potenciales clientes con un producto de alta calidad.\u201d<\/p> <p>Desde 2013,\u00a0<strong>Culmia ya ha entregado m\u00e1s de 7.400 viviendas en m\u00e1s de 115 promociones<\/strong>.<\/p> <p>&nbsp;<\/p>","protected":false},"excerpt":{"rendered":"<p>Se trata de un complejo inmobiliario formado por\u00a0tres edificios de &#8230;<\/p>\n","protected":false},"author":15,"featured_media":18197,"comment_status":"open","ping_status":"open","sticky":false,"template":"","format":"standard","meta":{"_acf_changed":false,"footnotes":""},"categories":[121,1306],"tags":[],"class_list":["post-18196","post","type-post","status-publish","format-standard","has-post-thumbnail","hentry","category-actualidad","category-culmia"],"acf":[],"_links":{"self":[{"href":"https:\/\/www.culmia.com\/es\/wp-json\/wp\/v2\/posts\/18196","targetHints":{"allow":["GET"]}}],"collection":[{"href":"https:\/\/www.culmia.com\/es\/wp-json\/wp\/v2\/posts"}],"about":[{"href":"https:\/\/www.culmia.com\/es\/wp-json\/wp\/v2\/types\/post"}],"author":[{"embeddable":true,"href":"https:\/\/www.culmia.com\/es\/wp-json\/wp\/v2\/users\/15"}],"replies":[{"embeddable":true,"href":"https:\/\/www.culmia.com\/es\/wp-json\/wp\/v2\/comments?post=18196"}],"version-history":[{"count":3,"href":"https:\/\/www.culmia.com\/es\/wp-json\/wp\/v2\/posts\/18196\/revisions"}],"predecessor-version":[{"id":31872,"href":"https:\/\/www.culmia.com\/es\/wp-json\/wp\/v2\/posts\/18196\/revisions\/31872"}],"wp:featuredmedia":[{"embeddable":true,"href":"https:\/\/www.culmia.com\/es\/wp-json\/wp\/v2\/media\/18197"}],"wp:attachment":[{"href":"https:\/\/www.culmia.com\/es\/wp-json\/wp\/v2\/media?parent=18196"}],"wp:term":[{"taxonomy":"category","embeddable":true,"href":"https:\/\/www.culmia.com\/es\/wp-json\/wp\/v2\/categories?post=18196"},{"taxonomy":"post_tag","embeddable":true,"href":"https:\/\/www.culmia.com\/es\/wp-json\/wp\/v2\/tags?post=18196"}],"curies":[{"name":"wp","href":"https:\/\/api.w.org\/{rel}","templated":true}]}}