{"id":18172,"date":"2024-04-23T10:35:54","date_gmt":"2024-04-23T08:35:54","guid":{"rendered":"https:\/\/culmia.dev.emood.es\/?p=18172"},"modified":"2025-09-12T10:36:33","modified_gmt":"2025-09-12T08:36:33","slug":"ya-se-conocen-los-galardonados-de-la-vi-edicion-de-los-reconocimientos-y-menciones-en-prevencion-de-riesgos-laborales-2024","status":"publish","type":"post","link":"https:\/\/www.culmia.com\/es\/blog\/ya-se-conocen-los-galardonados-de-la-vi-edicion-de-los-reconocimientos-y-menciones-en-prevencion-de-riesgos-laborales-2024\/","title":{"rendered":"\u00a1Ya se conocen los galardonados de la VI Edici\u00f3n de los Reconocimientos y Menciones en Prevenci\u00f3n de Riesgos Laborales 2024!"},"content":{"rendered":"<p><img decoding=\"async\" class=\"alignnone size-full wp-image-18173\" src=\"https:\/\/www.culmia.com\/wp-content\/uploads\/2025\/09\/th_premios-PRL.jpg\" alt=\"\" width=\"1920\" height=\"905\" title=\"\" srcset=\"https:\/\/www.culmia.com\/wp-content\/uploads\/2025\/09\/th_premios-PRL-200x94.jpg 200w, https:\/\/www.culmia.com\/wp-content\/uploads\/2025\/09\/th_premios-PRL-300x141.jpg 300w, https:\/\/www.culmia.com\/wp-content\/uploads\/2025\/09\/th_premios-PRL-400x189.jpg 400w, https:\/\/www.culmia.com\/wp-content\/uploads\/2025\/09\/th_premios-PRL-600x283.jpg 600w, https:\/\/www.culmia.com\/wp-content\/uploads\/2025\/09\/th_premios-PRL-768x362.jpg 768w, https:\/\/www.culmia.com\/wp-content\/uploads\/2025\/09\/th_premios-PRL-800x377.jpg 800w, https:\/\/www.culmia.com\/wp-content\/uploads\/2025\/09\/th_premios-PRL-1024x483.jpg 1024w, https:\/\/www.culmia.com\/wp-content\/uploads\/2025\/09\/th_premios-PRL-1200x566.jpg 1200w, https:\/\/www.culmia.com\/wp-content\/uploads\/2025\/09\/th_premios-PRL-1536x724.jpg 1536w, https:\/\/www.culmia.com\/wp-content\/uploads\/2025\/09\/th_premios-PRL.jpg 1920w\" sizes=\"(max-width: 1920px) 100vw, 1920px\" \/><\/p> <p>La\u00a0<strong>Comunidad de Madrid<\/strong>\u00a0ha otorgado a\u00a0<strong>Culmia<\/strong>\u00a0una distinguida\u00a0<strong>menci\u00f3n especial en Prevenci\u00f3n de Riesgos Laborales<\/strong>, reconociendo as\u00ed su excepcional contribuci\u00f3n a la\u00a0<strong>coordinaci\u00f3n de actividades empresariales<\/strong>. Este reconocimiento resalta el compromiso de Culmia con la\u00a0<a href=\"https:\/\/www.culmia.com\/es\/actualidad\/culmia-divulga-politicas-de-seguridad-salud-y-bienestar-entre-sus-empleados\"><strong>seguridad y el<\/strong>\u00a0<strong>bienestar<\/strong>\u00a0<strong>de sus colaboradores<\/strong><\/a>.<\/p> <p><strong>Juan Manuel Borras<\/strong>, nuestro Director de Operaciones, y\u00a0<strong>Almudena Corbella<\/strong>, nuestra Directora de Personas, tuvieron el\u00a0<strong>honor de recibir este premio en nombre de Culmia<\/strong>. Su liderazgo y dedicaci\u00f3n han sido fundamentales para el \u00e9xito de nuestra empresa en la promoci\u00f3n de un entorno laboral seguro y saludable.<\/p> <p>Felicitamos a todo el equipo de Culmia por este logro significativo, que destaca nuestro\u00a0<strong>compromiso continuo con la seguridad y el bienestar de nuestros colaboradores<\/strong>. Juntos, seguiremos avanzando hacia<strong>\u00a0un futuro laboral m\u00e1s seguro y productivo.<\/strong><\/p> <p>&nbsp;<\/p> <p>&nbsp;<\/p>","protected":false},"excerpt":{"rendered":"<p>La\u00a0Comunidad de Madrid\u00a0ha otorgado a\u00a0Culmia\u00a0una distinguida\u00a0menci\u00f3n especial en Prevenci\u00f3n de &#8230;<\/p>\n","protected":false},"author":15,"featured_media":18173,"comment_status":"open","ping_status":"open","sticky":false,"template":"","format":"standard","meta":{"_acf_changed":false,"footnotes":""},"categories":[121,1306],"tags":[],"class_list":["post-18172","post","type-post","status-publish","format-standard","has-post-thumbnail","hentry","category-actualidad","category-culmia"],"acf":[],"_links":{"self":[{"href":"https:\/\/www.culmia.com\/es\/wp-json\/wp\/v2\/posts\/18172","targetHints":{"allow":["GET"]}}],"collection":[{"href":"https:\/\/www.culmia.com\/es\/wp-json\/wp\/v2\/posts"}],"about":[{"href":"https:\/\/www.culmia.com\/es\/wp-json\/wp\/v2\/types\/post"}],"author":[{"embeddable":true,"href":"https:\/\/www.culmia.com\/es\/wp-json\/wp\/v2\/users\/15"}],"replies":[{"embeddable":true,"href":"https:\/\/www.culmia.com\/es\/wp-json\/wp\/v2\/comments?post=18172"}],"version-history":[{"count":2,"href":"https:\/\/www.culmia.com\/es\/wp-json\/wp\/v2\/posts\/18172\/revisions"}],"predecessor-version":[{"id":18176,"href":"https:\/\/www.culmia.com\/es\/wp-json\/wp\/v2\/posts\/18172\/revisions\/18176"}],"wp:featuredmedia":[{"embeddable":true,"href":"https:\/\/www.culmia.com\/es\/wp-json\/wp\/v2\/media\/18173"}],"wp:attachment":[{"href":"https:\/\/www.culmia.com\/es\/wp-json\/wp\/v2\/media?parent=18172"}],"wp:term":[{"taxonomy":"category","embeddable":true,"href":"https:\/\/www.culmia.com\/es\/wp-json\/wp\/v2\/categories?post=18172"},{"taxonomy":"post_tag","embeddable":true,"href":"https:\/\/www.culmia.com\/es\/wp-json\/wp\/v2\/tags?post=18172"}],"curies":[{"name":"wp","href":"https:\/\/api.w.org\/{rel}","templated":true}]}}