{"id":18158,"date":"2024-05-16T10:33:24","date_gmt":"2024-05-16T08:33:24","guid":{"rendered":"https:\/\/culmia.dev.emood.es\/?p=18158"},"modified":"2026-03-19T18:20:22","modified_gmt":"2026-03-19T17:20:22","slug":"culmia-impulsa-la-transformacion-de-la-marina-del-prat-vermell-de-barcelona-desde-tres-areas-de-negocio-oficinas-vivienda-de-alquiler-y-de-compraventa","status":"publish","type":"post","link":"https:\/\/www.culmia.com\/es\/blog\/culmia-impulsa-la-transformacion-de-la-marina-del-prat-vermell-de-barcelona-desde-tres-areas-de-negocio-oficinas-vivienda-de-alquiler-y-de-compraventa\/","title":{"rendered":"Culmia impulsa la transformaci\u00f3n de La Marina del Prat Vermell de Barcelona desde tres \u00e1reas de negocio: oficinas, vivienda de alquiler y de compraventa"},"content":{"rendered":"<ul> <li>La promotora ha reunido en un acto en\u00a0<strong>La Marina del Prat Vermell de Barcelona<\/strong>\u00a0a\u00a0<strong>Constant\u00ed Serrallonga<\/strong>, Director general de Fira de Barcelona;\u00a0<strong>Lourdes Valiente<\/strong>, Private Wealth Manager en JLL;\u00a0<strong>Francisco P\u00e9rez<\/strong>, CEO de Culmia;\u00a0<strong>Pablo M\u00e9ndez<\/strong>, Director de Inversiones y Gesti\u00f3n de suelo Culmia; y\u00a0<strong>Josep Mar\u00eda Cases<\/strong>, Director Territorial Culmia en Catalu\u00f1a; para dar a conocer el proyecto\u00a0<strong>\u2018Un camale\u00f3n en la Marina. La obra de Culmia\u2019<\/strong>\u00a0en este barrio barcelon\u00e9s.<\/li> <li>En el segmento de oficinas, Culmia ha anunciado la entrega del proyecto\u00a0<strong>Culmia EDIFICI 6\u00d3 Marina Building<\/strong>\u00a0de 5.472,5 m\u00b2 en el distrito, que aun cuenta con plantas disponibles.<\/li> <li>En lo referente a Build to Rent la promotora desarroll\u00f3\u00a0<strong>Vila Bonaplata<\/strong>\u00a0que fue adquirido por DWS. El activo cuenta 210 viviendas y ha sido certificado\u00a0<strong>BREEAM<\/strong>\u00a0muy bueno.<\/li> <li>Y en lo relativo a la vivienda de compraventa, Culmia cuenta con dos importantes promociones:\u00a0<strong>Culmia MarCelOna<\/strong>\u00a0formada por 152 viviendas y\u00a0<strong>Culmia Port Montju\u00efc<\/strong>\u00a0formada por 25 viviendas m\u00e1s.<\/li> <\/ul> <p><img decoding=\"async\" class=\"alignnone size-full wp-image-18159\" src=\"https:\/\/www.culmia.com\/wp-content\/uploads\/2025\/09\/th_Culmia_Barcelona-26.jpg\" alt=\"\" width=\"1920\" height=\"905\" title=\"\" srcset=\"https:\/\/www.culmia.com\/wp-content\/uploads\/2025\/09\/th_Culmia_Barcelona-26-200x94.jpg 200w, https:\/\/www.culmia.com\/wp-content\/uploads\/2025\/09\/th_Culmia_Barcelona-26-300x141.jpg 300w, https:\/\/www.culmia.com\/wp-content\/uploads\/2025\/09\/th_Culmia_Barcelona-26-400x189.jpg 400w, https:\/\/www.culmia.com\/wp-content\/uploads\/2025\/09\/th_Culmia_Barcelona-26-600x283.jpg 600w, https:\/\/www.culmia.com\/wp-content\/uploads\/2025\/09\/th_Culmia_Barcelona-26-768x362.jpg 768w, https:\/\/www.culmia.com\/wp-content\/uploads\/2025\/09\/th_Culmia_Barcelona-26-800x377.jpg 800w, https:\/\/www.culmia.com\/wp-content\/uploads\/2025\/09\/th_Culmia_Barcelona-26-1024x483.jpg 1024w, https:\/\/www.culmia.com\/wp-content\/uploads\/2025\/09\/th_Culmia_Barcelona-26-1200x566.jpg 1200w, https:\/\/www.culmia.com\/wp-content\/uploads\/2025\/09\/th_Culmia_Barcelona-26-1536x724.jpg 1536w, https:\/\/www.culmia.com\/wp-content\/uploads\/2025\/09\/th_Culmia_Barcelona-26.jpg 1920w\" sizes=\"(max-width: 1920px) 100vw, 1920px\" \/><\/p> <p>17 de mayo de 2024.\u00a0<strong>Culmia<\/strong>, la plataforma inmobiliaria que concentra \u00edntegramente las soluciones de vivienda del mercado, organiz\u00f3 ayer por la tarde en el\u00a0<strong>barrio de La Marina del Prat Vermell de Barcelona<\/strong>\u00a0un evento en el que daba a conocer su\u00a0<strong>impulso y transformaci\u00f3n desde tres de sus \u00e1reas de negocio<\/strong>\u00a0a este importante desarrollo urban\u00edstico de la ciudad.<\/p> <p>El acto, conducido por la periodista\u00a0<strong>Ana Boadas<\/strong>, cont\u00f3 con la participaci\u00f3n de varias personalidades y expertos del sector, como son:\u00a0<strong>Constant\u00ed Serrallonga<\/strong>, Director general de Fira de Barcelona, y\u00a0<strong>Lourdes Valiente<\/strong>, Private Wealth Manager en JLL, acompa\u00f1ados de\u00a0<strong>Francisco P\u00e9rez<\/strong>, CEO de Culmia;\u00a0<strong>Pablo M\u00e9ndez<\/strong>, Director de Inversiones y Gesti\u00f3n de suelo Culmia; y\u00a0<strong>Josep Mar\u00eda Cases<\/strong>, Director Territorial Culmia en Catalu\u00f1a. Adem\u00e1s estuvieron presentes compa\u00f1eros, medios de comunicaci\u00f3n y personas relacionadas con el sector inmobiliario de Barcelona.<\/p> <p>En el acto<strong>\u00a0\u2018Un camale\u00f3n en la Marina. La obra de Culmia\u2019<\/strong>\u00a0enfocado en la actitud y formas inherentes de trabajar de Culmia caracterizadas por su flexibilidad y adaptaci\u00f3n al cambio y a las necesidades de los clientes, la promotora hizo entrega de las oficinas del\u00a0<strong>EDIFICI 6\u00d3 Marina Building<\/strong>, que aun cuenta con plantas disponibles, y cuyos inquilinos estar\u00e1n ya asentados en unas semanas. Un edificio que cuenta con una superficie construida total de 5.472,5 m\u00b2, configurado en planta baja m\u00e1s ocho plantas, y situado con fachada al Passeig de la Zona Franca, n\u00famero 19, esquina calle Cal Cis\u00f3. Un enclave premium por su r\u00e1pida consolidaci\u00f3n como distrito de negocios y donde se est\u00e1n construyendo nuevos proyectos.<\/p> <p>Este proyecto est\u00e1 formado por el\u00a0<strong>conjunto de tres edificios destinados a vivienda m\u00e1s un cuarto edificio para uso de oficinas<\/strong>. Uno de sus valores m\u00e1s destacados es que gracias a la orientaci\u00f3n, y a que todas las fachadas cuentan con grandes ventanales que dan al exterior, el edificio disfruta de un soleamiento y de una luz natural \u00f3ptima durante todo el d\u00eda.<\/p> <p>Adem\u00e1s, su gran apuesta por la\u00a0<a href=\"https:\/\/www.culmia.com\/es\/destino-sostenible\"><strong>sostenibilidad<\/strong>\u00a0<\/a>est\u00e1 acreditada ya que cuenta con\u00a0<strong>certificaci\u00f3n LEED GOLD, certificaci\u00f3n WELL GOLD y calificaci\u00f3n energ\u00e9tica A<\/strong>. El edificio est\u00e1 conectado a la red DHC de Ecoenergies con subestaci\u00f3n de frio y calor, y cuenta con plazas de parking de coche con cargadores el\u00e9ctricos, entre otras iniciativas.<\/p> <p>Culmia, ya cuenta con <a href=\"https:\/\/youtu.be\/bvSrjDVbjCA\" rel=\"nofollow noopener\" target=\"_blank\">otros proyectos<\/a> pertenecientes a sus diferentes \u00e1reas de negocio en este distrito, por el cual est\u00e1 apostando firmemente. En el \u00e1rea de negocio de\u00a0<strong>Build to Rent<\/strong>\u00a0ha desarrollado un edificio residencial formado por dos fases que adquiri\u00f3 DWS en su totalidad. Se trata de<strong>\u00a0210 viviendas en nueve plantas<\/strong>, con dos a cuatro dormitorios y gran variedad de amenities. Un proyecto que ha sido\u00a0<strong>certificado BREEAM muy bueno<\/strong>.<\/p> <p>Asimismo, en materia de vivienda de compraventa, la promotora anunci\u00f3 hace unos d\u00edas el\u00a0<strong>inicio de obras y el buen ritmo<\/strong>\u00a0de estas en su promoci\u00f3n\u00a0<a href=\"https:\/\/www.culmia.com\/es\/promociones\/barcelona\/barcelona\/culmia-marcelona-montjuic\"><strong>Culmia MarCelOna<\/strong><\/a>, un complejo inmobiliario formado por\u00a0<strong>tres edificios de 152 viviendas<\/strong>\u00a0a las que se suman 230 plazas de garaje para coche y 41 de moto, 152 trasteros, cuatro locales y una oficina. Los tres edificios estar\u00e1n comunicados por una\u00a0<strong>zona comunitaria<\/strong>\u00a0y dispondr\u00e1n de\u00a0<strong>piscina<\/strong>\u00a0cada uno. Adem\u00e1s, la promoci\u00f3n contar\u00e1 con coworking, gimnasio, club social, zona comunitaria exterior dotada de zona infantil, espacio para deportes y zonas ajardinadas, y bikeroom.<\/p> <p>A este proyecto se suma otra importante promoci\u00f3n,\u00a0<strong><a href=\"https:\/\/www.culmia.com\/es\/promociones\/barcelona\/barcelona\/culmia-port-montjuic\">Culmia Port Montju\u00efc<\/a><\/strong>\u00a0que sumar\u00e1\u00a0<strong>25 viviendas de dos y tres dormitorios<\/strong>\u00a0con terrazas, plazas de garaje y trasteros, al distrito.<\/p> <p>La zona de\u00a0<strong>Marina del Prat Vermell<\/strong>\u00a0se sit\u00faa entre\u00a0<strong>la Zona Franca, La Fira de Barcelona y La Ciudad de la Justicia<\/strong>. Se trata de la reordenaci\u00f3n y urbanizaci\u00f3n de un entorno con un total de 750.000 m\u00b2 que genera grandes expectativas para el desarrollo de una\u00a0<strong>nueva zona plenamente urbana y estrat\u00e9gicamente ubicada<\/strong>.<\/p> <p>En palabras de\u00a0<strong>Francisco P\u00e9rez<\/strong>,\u00a0<strong>CEO de Culmia<\/strong>, \u201cLa Marina del Prat Vermell es un enclave muy atractivo por las oportunidades que ofrece y donde se est\u00e1 concentrando el inter\u00e9s y actividad en la ciudad condal. En Culmia hemos sido conscientes de este potencial y desde hace ya a\u00f1os venimos trabajando desde varias \u00e1reas de negocio. Proyectos de vivienda de compraventa, de Build to Rent y de oficinas son ya una realidad que dotan de valor a La Marina y ayudan a su transformaci\u00f3n\u201d.<\/p> <p>Desde 2013, Culmia ya ha entregado\u00a0<strong>m\u00e1s de 7.400 viviendas en m\u00e1s de 115 promociones<\/strong>.<\/p> <p>Te recomendamos leer esta nota de prensa escuchando\u00a0<strong>nuestra playlist \u2018Destino, Catalu\u00f1a\u2019<\/strong>.<\/p>","protected":false},"excerpt":{"rendered":"<p>La promotora ha reunido en un acto en\u00a0La Marina del &#8230;<\/p>\n","protected":false},"author":15,"featured_media":18159,"comment_status":"open","ping_status":"open","sticky":false,"template":"","format":"standard","meta":{"_acf_changed":false,"footnotes":""},"categories":[121,1306],"tags":[],"class_list":["post-18158","post","type-post","status-publish","format-standard","has-post-thumbnail","hentry","category-actualidad","category-culmia"],"acf":[],"_links":{"self":[{"href":"https:\/\/www.culmia.com\/es\/wp-json\/wp\/v2\/posts\/18158","targetHints":{"allow":["GET"]}}],"collection":[{"href":"https:\/\/www.culmia.com\/es\/wp-json\/wp\/v2\/posts"}],"about":[{"href":"https:\/\/www.culmia.com\/es\/wp-json\/wp\/v2\/types\/post"}],"author":[{"embeddable":true,"href":"https:\/\/www.culmia.com\/es\/wp-json\/wp\/v2\/users\/15"}],"replies":[{"embeddable":true,"href":"https:\/\/www.culmia.com\/es\/wp-json\/wp\/v2\/comments?post=18158"}],"version-history":[{"count":3,"href":"https:\/\/www.culmia.com\/es\/wp-json\/wp\/v2\/posts\/18158\/revisions"}],"predecessor-version":[{"id":31873,"href":"https:\/\/www.culmia.com\/es\/wp-json\/wp\/v2\/posts\/18158\/revisions\/31873"}],"wp:featuredmedia":[{"embeddable":true,"href":"https:\/\/www.culmia.com\/es\/wp-json\/wp\/v2\/media\/18159"}],"wp:attachment":[{"href":"https:\/\/www.culmia.com\/es\/wp-json\/wp\/v2\/media?parent=18158"}],"wp:term":[{"taxonomy":"category","embeddable":true,"href":"https:\/\/www.culmia.com\/es\/wp-json\/wp\/v2\/categories?post=18158"},{"taxonomy":"post_tag","embeddable":true,"href":"https:\/\/www.culmia.com\/es\/wp-json\/wp\/v2\/tags?post=18158"}],"curies":[{"name":"wp","href":"https:\/\/api.w.org\/{rel}","templated":true}]}}