{"id":18139,"date":"2024-06-06T10:28:54","date_gmt":"2024-06-06T08:28:54","guid":{"rendered":"https:\/\/culmia.dev.emood.es\/?p=18139"},"modified":"2026-03-19T18:21:07","modified_gmt":"2026-03-19T17:21:07","slug":"culmia-lanza-la-promocion-culmia-port-montjuic-en-el-barrio-de-la-marina-de-barcelona","status":"publish","type":"post","link":"https:\/\/www.culmia.com\/es\/blog\/culmia-lanza-la-promocion-culmia-port-montjuic-en-el-barrio-de-la-marina-de-barcelona\/","title":{"rendered":"Culmia lanza la promoci\u00f3n Culmia Port Montju\u00efc en el barrio de la Marina de Barcelona"},"content":{"rendered":"<ul> <li>El residencial est\u00e1 formado por\u00a0<strong>25 viviendas de 2 y 3 dormitorios<\/strong>\u00a0con terrazas, plazas de garaje y trasteros.<\/li> <li>Dispone de\u00a0<strong>piscina comunitaria<\/strong>\u00a0en la planta \u00e1tico y zona de\u00a0<strong>sol\u00e1rium<\/strong>.<\/li> <li>Culmia Port Montju\u00efc cuenta con\u00a0<strong>calificaci\u00f3n energ\u00e9tica B<\/strong>.<\/li> <\/ul> <p><img decoding=\"async\" class=\"alignnone size-full wp-image-18140\" src=\"https:\/\/www.culmia.com\/wp-content\/uploads\/2025\/09\/th_20230515-mare-de-deu-vista-noreste.jpg\" alt=\"\" width=\"1920\" height=\"905\" title=\"\" srcset=\"https:\/\/www.culmia.com\/wp-content\/uploads\/2025\/09\/th_20230515-mare-de-deu-vista-noreste-200x94.jpg 200w, https:\/\/www.culmia.com\/wp-content\/uploads\/2025\/09\/th_20230515-mare-de-deu-vista-noreste-300x141.jpg 300w, https:\/\/www.culmia.com\/wp-content\/uploads\/2025\/09\/th_20230515-mare-de-deu-vista-noreste-400x189.jpg 400w, https:\/\/www.culmia.com\/wp-content\/uploads\/2025\/09\/th_20230515-mare-de-deu-vista-noreste-600x283.jpg 600w, https:\/\/www.culmia.com\/wp-content\/uploads\/2025\/09\/th_20230515-mare-de-deu-vista-noreste-768x362.jpg 768w, https:\/\/www.culmia.com\/wp-content\/uploads\/2025\/09\/th_20230515-mare-de-deu-vista-noreste-800x377.jpg 800w, https:\/\/www.culmia.com\/wp-content\/uploads\/2025\/09\/th_20230515-mare-de-deu-vista-noreste-1024x483.jpg 1024w, https:\/\/www.culmia.com\/wp-content\/uploads\/2025\/09\/th_20230515-mare-de-deu-vista-noreste-1200x566.jpg 1200w, https:\/\/www.culmia.com\/wp-content\/uploads\/2025\/09\/th_20230515-mare-de-deu-vista-noreste-1536x724.jpg 1536w, https:\/\/www.culmia.com\/wp-content\/uploads\/2025\/09\/th_20230515-mare-de-deu-vista-noreste.jpg 1920w\" sizes=\"(max-width: 1920px) 100vw, 1920px\" \/><\/p> <p><strong>6 de junio de 2024<\/strong>-\u00a0<strong>Culmia<\/strong>, la plataforma inmobiliaria que concentra \u00edntegramente las soluciones de vivienda del mercado, lanza su promoci\u00f3n\u00a0<a href=\"https:\/\/www.culmia.com\/es\/promociones\/barcelona\/barcelona\/culmia-port-montjuic\">Culmia Port Montju\u00efc<\/a>\u00a0en el barrio barcelon\u00e9s de<strong>\u00a0la Marina<\/strong>.<\/p> <p>La promoci\u00f3n est\u00e1 formada por\u00a0<strong>25 viviendas de 85 m\u00b2 a 114m\u00b2 y de 2 y 3 dormitorios<\/strong>\u00a0a los que se suman plazas de\u00a0<strong>garaje<\/strong>\u00a0y\u00a0<strong>trasteros<\/strong>. Adem\u00e1s, Culmia Port Montju\u00efc dispone de<strong>\u00a0piscina comunitaria<\/strong>\u00a0en la planta \u00e1tico y zona de\u00a0<strong>sol\u00e1rium<\/strong>.<\/p> <p>El residencial cuenta con una\u00a0<strong>certificaci\u00f3n energ\u00e9tica B<\/strong>, ya que aprovecha todos los materiales y acabados para ofrecer a sus residentes una\u00a0<strong>vivienda\u00a0<a href=\"https:\/\/www.culmia.com\/es\/destino-sostenible\">sostenible\u00a0<\/a>y eficiente<\/strong>\u00a0a largo plazo gracias a la incorporaci\u00f3n de equipos y de un dise\u00f1o de la envolvente mediante materiales que reducen el consumo energ\u00e9tico.<\/p> <p>Uno de sus puntos fuertes es su\u00a0<strong>ubicaci\u00f3n<\/strong>, a tan solo\u00a0<strong>15 minutos del centro de Barcelona<\/strong>, en el atractivo\u00a0<strong>barrio de La Marina<\/strong>, una zona donde Culmia adem\u00e1s ha realizado un proceso de\u00a0<a href=\"https:\/\/www.culmia.com\/es\/actualidad\/culmia-impulsa-transformacion-la-marina-del-prat-vermell\">transformaci\u00f3n a trav\u00e9s de tres grandes \u00e1reas<\/a><strong>: vivienda en alquiler, vivienda en compraventa y oficinas.<\/strong><\/p> <p>Asimismo, Culmia Port Montju\u00efc se encuentra<strong>\u00a0muy bien conectada por transporte p\u00fablico y privado<\/strong>. El \u00e1rea cuenta con accesos a las principales v\u00edas como Gran V\u00eda de les Corts Catalanas y Gran V\u00eda de Hospitalet, con enlaces a la C-31, B-20 y B-10, estas dos \u00faltimas con conexi\u00f3n a la C-58, y la B-10 con acceso a la A-2. Tambi\u00e9n es pr\u00f3xima a las principales infraestructuras, como el aeropuerto y transporte p\u00fablico a la costa, y a la Playa de la Barceloneta, la Playa de Bogatell y la Playa de la Mar Bella. As\u00ed como a instalaciones deportivas, guarder\u00edas, mercados y zonas verdes\u2026<\/p> <p>Para<strong>\u00a0Josep Mar\u00eda Cases<\/strong>,\u00a0<strong>Director territorial de Culmia en <a href=\"https:\/\/youtu.be\/bvSrjDVbjCA\" target=\"_blank\" rel=\"noopener nofollow\">Catalu\u00f1a<\/a><\/strong>, \u201cnos alegra anunciar que ponemos a disposici\u00f3n de nuestros clientes en Barcelona 25 viviendas m\u00e1s en el vibrante barrio de La Marina. Un barrio muy atractivo en el que desde Culmia hemos apostado fuertemente y en donde las familias pueden encontrar todo lo necesario a su alcance\u201d.<\/p> <p>Recientemente Culmia ha anunciado en un acto en el barrio de La Marina la entrega de su proyecto\u00a0<strong>EDIFICI 6\u00d3 Marina Building<\/strong>\u00a0de 5.472,5 m\u00b2 en el distrito. Adem\u00e1s, en el barrio de la Marina del Prat Vermell,\u00a0<strong>la promotora cuenta ya con una promoci\u00f3n en construcci\u00f3n<\/strong>,<a href=\"https:\/\/www.culmia.com\/es\/promociones\/barcelona\/barcelona\/culmia-marcelona-montjuic\"><strong>\u00a0Culmia MarCelOna<\/strong><\/a>, formada por 152 viviendas.<\/p> <p>Y aqu\u00ed tambi\u00e9n, en lo relativo a\u00a0<strong>Build to Rent<\/strong>, Culmia desarroll\u00f3\u00a0<strong>Vila Bonaplata<\/strong>, un activo de 210 viviendas. Desde 2013, Culmia ya ha entregado m\u00e1s de 7.400 viviendas en m\u00e1s de 115 promociones.<\/p> <p>Te recomendamos leer esta nota de prensa escuchando<a href=\"https:\/\/open.spotify.com\/playlist\/6Apte3b4NAwNNmaLzKBZbw\" rel=\"nofollow noopener\" target=\"_blank\">\u00a0<strong>nuestra playlist \u2018Destino, Catalu\u00f1a\u2019.<\/strong><\/a><\/p>","protected":false},"excerpt":{"rendered":"<p>El residencial est\u00e1 formado por\u00a025 viviendas de 2 y 3 &#8230;<\/p>\n","protected":false},"author":15,"featured_media":18140,"comment_status":"open","ping_status":"open","sticky":false,"template":"","format":"standard","meta":{"_acf_changed":false,"footnotes":""},"categories":[121,1306],"tags":[],"class_list":["post-18139","post","type-post","status-publish","format-standard","has-post-thumbnail","hentry","category-actualidad","category-culmia"],"acf":[],"_links":{"self":[{"href":"https:\/\/www.culmia.com\/es\/wp-json\/wp\/v2\/posts\/18139","targetHints":{"allow":["GET"]}}],"collection":[{"href":"https:\/\/www.culmia.com\/es\/wp-json\/wp\/v2\/posts"}],"about":[{"href":"https:\/\/www.culmia.com\/es\/wp-json\/wp\/v2\/types\/post"}],"author":[{"embeddable":true,"href":"https:\/\/www.culmia.com\/es\/wp-json\/wp\/v2\/users\/15"}],"replies":[{"embeddable":true,"href":"https:\/\/www.culmia.com\/es\/wp-json\/wp\/v2\/comments?post=18139"}],"version-history":[{"count":3,"href":"https:\/\/www.culmia.com\/es\/wp-json\/wp\/v2\/posts\/18139\/revisions"}],"predecessor-version":[{"id":31874,"href":"https:\/\/www.culmia.com\/es\/wp-json\/wp\/v2\/posts\/18139\/revisions\/31874"}],"wp:featuredmedia":[{"embeddable":true,"href":"https:\/\/www.culmia.com\/es\/wp-json\/wp\/v2\/media\/18140"}],"wp:attachment":[{"href":"https:\/\/www.culmia.com\/es\/wp-json\/wp\/v2\/media?parent=18139"}],"wp:term":[{"taxonomy":"category","embeddable":true,"href":"https:\/\/www.culmia.com\/es\/wp-json\/wp\/v2\/categories?post=18139"},{"taxonomy":"post_tag","embeddable":true,"href":"https:\/\/www.culmia.com\/es\/wp-json\/wp\/v2\/tags?post=18139"}],"curies":[{"name":"wp","href":"https:\/\/api.w.org\/{rel}","templated":true}]}}