{"id":18098,"date":"2024-07-18T09:31:42","date_gmt":"2024-07-18T07:31:42","guid":{"rendered":"https:\/\/culmia.dev.emood.es\/?p=18098"},"modified":"2026-03-23T13:25:29","modified_gmt":"2026-03-23T12:25:29","slug":"culmia-lanza-su-promocion-portonovo-en-sanxenxo","status":"publish","type":"post","link":"https:\/\/www.culmia.com\/es\/blog\/culmia-lanza-su-promocion-portonovo-en-sanxenxo\/","title":{"rendered":"Culmia lanza su promoci\u00f3n Portonovo en Sanxenxo"},"content":{"rendered":"<ul> <li>La nueva promoci\u00f3n<strong>\u00a0Culmia Portonovo Sanxenxo<\/strong>\u00a0est\u00e1 formada por<strong>\u00a076 viviendas<\/strong>, algunas de ellas con vistas al mar, con amplias terrazas, plazas de garaje y trasteros.<\/li> <li>Incluye viviendas plurifamiliares de 1 a 3 dormitorios, y unifamiliares de 3 dormitorios con jard\u00edn, todas ellas con\u00a0<strong>piscina comunitaria<\/strong>\u00a0adem\u00e1s de una\u00a0<strong>zona infantil<\/strong>\u00a0para los m\u00e1s peque\u00f1os.<\/li> <li>Ubicada en\u00a0<strong>Portonovo<\/strong>, la promoci\u00f3n se encuentra a 5 minutos en coche del centro de Sanxenxo y a escasos 10 minutos andando de la playa del Baltar.<\/li> <li>Culmia Portonovo Sanxenxo cuenta con\u00a0<strong>calificaci\u00f3n energ\u00e9tica B<\/strong>.<\/li> <\/ul> <p><img decoding=\"async\" class=\"alignnone size-full wp-image-18105\" src=\"https:\/\/www.culmia.com\/wp-content\/uploads\/2025\/09\/th_portonovo.jpg\" alt=\"\" width=\"1920\" height=\"905\" title=\"\" srcset=\"https:\/\/www.culmia.com\/wp-content\/uploads\/2025\/09\/th_portonovo-200x94.jpg 200w, https:\/\/www.culmia.com\/wp-content\/uploads\/2025\/09\/th_portonovo-300x141.jpg 300w, https:\/\/www.culmia.com\/wp-content\/uploads\/2025\/09\/th_portonovo-400x189.jpg 400w, https:\/\/www.culmia.com\/wp-content\/uploads\/2025\/09\/th_portonovo-600x283.jpg 600w, https:\/\/www.culmia.com\/wp-content\/uploads\/2025\/09\/th_portonovo-768x362.jpg 768w, https:\/\/www.culmia.com\/wp-content\/uploads\/2025\/09\/th_portonovo-800x377.jpg 800w, https:\/\/www.culmia.com\/wp-content\/uploads\/2025\/09\/th_portonovo-1024x483.jpg 1024w, https:\/\/www.culmia.com\/wp-content\/uploads\/2025\/09\/th_portonovo-1200x566.jpg 1200w, https:\/\/www.culmia.com\/wp-content\/uploads\/2025\/09\/th_portonovo-1536x724.jpg 1536w, https:\/\/www.culmia.com\/wp-content\/uploads\/2025\/09\/th_portonovo.jpg 1920w\" sizes=\"(max-width: 1920px) 100vw, 1920px\" \/><\/p> <p>17 de julio de 2024 -\u00a0<strong>Culmia<\/strong>, la plataforma inmobiliaria que concentra \u00edntegramente las soluciones de vivienda del mercado,\u00a0<strong>lanza su nueva promoci\u00f3n\u00a0<a href=\"https:\/\/www.culmia.com\/es\/promociones\/pontevedra\/sanxenxo\/culmia-portonovo-sanxenxo\">Culmia Portonovo Sanxenxo<\/a><\/strong>, ubicada en la bella r\u00eda de Pontevedra, en el coraz\u00f3n de las R\u00edas Baixas.<\/p> <p>Esta promoci\u00f3n dispone de\u00a0<strong>76 viviendas<\/strong>, algunas de ellas con vistas al mar, y ofrece\u00a0<strong>viviendas plurifamiliares de 1, 2 y 3 dormitorios y viviendas unifamiliares de 3 dormitorios con jard\u00edn<\/strong>. Todas ellas cuentan con amplias terrazas o jardines exclusivos, plazas de garaje y trasteros, as\u00ed como una piscina comunitaria, una zona polideportiva y zonas comunes ajardinadas. A esto se le suma el Espacio Club Social, que permite realizar eventos sin necesidad de salir del conjunto residencial, y una zona infantil, donde los m\u00e1s peque\u00f1os pueden disfrutar con amigos y vecinos de la comunidad.<\/p> <p>Dise\u00f1ada para\u00a0<a href=\"https:\/\/www.culmia.com\/blog\/aprovechar-la-luz-natural-en-casa\">aprovechar al m\u00e1ximo la luz natural<\/a>, las viviendas de Culmia Portonovo Sanxenxo est\u00e1n dotadas de espacios amplios y luminosos para asegurar la calidad y el confort de los residentes.<\/p> <p>El edificio, que cuenta con\u00a0<strong>calificaci\u00f3n energ\u00e9tica B<\/strong>, est\u00e1 aislado de manera que se conserve la temperatura interior, y cuenta con un sistema de aerotermia para la generaci\u00f3n de agua caliente sanitaria (ACS), adem\u00e1s de un sistema de bomba de calor para la calefacci\u00f3n y refrigeraci\u00f3n de las viviendas.<\/p> <p>Esta promoci\u00f3n est\u00e1 ubicada en un enclave costero en la\u00a0<a href=\"https:\/\/youtu.be\/bvSrjDVbjCA\" rel=\"nofollow noopener\" target=\"_blank\"><strong>localidad de Portonovo<\/strong><\/a>\u00a0y se encuentra\u00a0<strong>a solo 10 minutos a pie de la playa del Baltar<\/strong>, con multitud de servicios b\u00e1sicos y esenciales en los alrededores. Adem\u00e1s,\u00a0<strong>Culmia Portonovo Sanxenxo est\u00e1 perfectamente conectada con el centro del municipio de Sanxenxo<\/strong>, a tan solo 5 minutos en coche, y a poca distancia de la autopista del Atl\u00e1ntico AP-9 que conecta con ciudades como Vigo, Santiago de Compostela y A Coru\u00f1a. De esta manera, tiene acceso directo por carretera tanto a las principales ciudades gallegas como al resto de la pen\u00ednsula.<\/p> <p><strong>Para Celso G\u00f3mez, director territorial centro y norte de Culmia,<\/strong>\u00a0\u201cel lanzamiento de Culmia Portonovo Sanxenxo es un testimonio de nuestro compromiso con la excelencia en la creaci\u00f3n de hogares en un entorno \u00fanico como es Pontevedra. Cada una de estas viviendas est\u00e1 dise\u00f1ada para adaptarse a las necesidades de los residentes, con amplias zonas comunes que inciden en el bienestar individual\u201d.<\/p> <p>Te recomendamos leer esta nota de prensa<strong>\u00a0escuchando nuestra playlist\u00a0<a href=\"https:\/\/open.spotify.com\/playlist\/75RrwT9ei0MosF0lMdfHiO?si=39ec9ea65b804cb8\" rel=\"nofollow noopener\" target=\"_blank\">\u2018Destino, Galicia\u2019<\/a>.<\/strong><\/p>","protected":false},"excerpt":{"rendered":"<p>La nueva promoci\u00f3n\u00a0Culmia Portonovo Sanxenxo\u00a0est\u00e1 formada por\u00a076 viviendas, algunas de &#8230;<\/p>\n","protected":false},"author":15,"featured_media":18105,"comment_status":"open","ping_status":"open","sticky":false,"template":"","format":"standard","meta":{"_acf_changed":false,"footnotes":""},"categories":[121,1306],"tags":[],"class_list":["post-18098","post","type-post","status-publish","format-standard","has-post-thumbnail","hentry","category-actualidad","category-culmia"],"acf":[],"_links":{"self":[{"href":"https:\/\/www.culmia.com\/es\/wp-json\/wp\/v2\/posts\/18098","targetHints":{"allow":["GET"]}}],"collection":[{"href":"https:\/\/www.culmia.com\/es\/wp-json\/wp\/v2\/posts"}],"about":[{"href":"https:\/\/www.culmia.com\/es\/wp-json\/wp\/v2\/types\/post"}],"author":[{"embeddable":true,"href":"https:\/\/www.culmia.com\/es\/wp-json\/wp\/v2\/users\/15"}],"replies":[{"embeddable":true,"href":"https:\/\/www.culmia.com\/es\/wp-json\/wp\/v2\/comments?post=18098"}],"version-history":[{"count":3,"href":"https:\/\/www.culmia.com\/es\/wp-json\/wp\/v2\/posts\/18098\/revisions"}],"predecessor-version":[{"id":31983,"href":"https:\/\/www.culmia.com\/es\/wp-json\/wp\/v2\/posts\/18098\/revisions\/31983"}],"wp:featuredmedia":[{"embeddable":true,"href":"https:\/\/www.culmia.com\/es\/wp-json\/wp\/v2\/media\/18105"}],"wp:attachment":[{"href":"https:\/\/www.culmia.com\/es\/wp-json\/wp\/v2\/media?parent=18098"}],"wp:term":[{"taxonomy":"category","embeddable":true,"href":"https:\/\/www.culmia.com\/es\/wp-json\/wp\/v2\/categories?post=18098"},{"taxonomy":"post_tag","embeddable":true,"href":"https:\/\/www.culmia.com\/es\/wp-json\/wp\/v2\/tags?post=18098"}],"curies":[{"name":"wp","href":"https:\/\/api.w.org\/{rel}","templated":true}]}}