{"id":18064,"date":"2024-09-30T09:25:18","date_gmt":"2024-09-30T07:25:18","guid":{"rendered":"https:\/\/culmia.dev.emood.es\/?p=18064"},"modified":"2025-09-12T09:26:19","modified_gmt":"2025-09-12T07:26:19","slug":"culmia-recibe-el-premio-saint-gobain-a-la-mejor-practica-de-construccion-sostenible-en-espana-por-su-proyecto-140-viviendas-en-regimen-de-alquiler-asequible-en-alcorcon-del-plan-vive-de-la-c","status":"publish","type":"post","link":"https:\/\/www.culmia.com\/es\/blog\/culmia-recibe-el-premio-saint-gobain-a-la-mejor-practica-de-construccion-sostenible-en-espana-por-su-proyecto-140-viviendas-en-regimen-de-alquiler-asequible-en-alcorcon-del-plan-vive-de-la-c\/","title":{"rendered":"Culmia recibe el Premio Saint-Gobain a la Mejor Pr\u00e1ctica de Construcci\u00f3n Sostenible en Espa\u00f1a por su proyecto \u201c140 viviendas en r\u00e9gimen de alquiler asequible en Alcorc\u00f3n, del Plan VIVE de la CAM\u201d"},"content":{"rendered":"<p>\u2022 La II edici\u00f3n de estos galardones ha premiado a Culmia en la categor\u00eda \u2018constructoras y promotoras\u2019.<\/p> <p>\u2022 El jurado ha estado formado por altos directivos de Saint-Gobain y del Club de Excelencia en Sostenibilidad, as\u00ed como por expertos a nivel institucional, acad\u00e9mico y empresarial.<\/p> <p>\u2022 Esta ma\u00f1ana se ha producido la ceremonia de entrega de los premios en el Espacio Bertelsmann, en Madrid.<\/p> <p><img decoding=\"async\" class=\"alignnone size-full wp-image-18065\" src=\"https:\/\/www.culmia.com\/wp-content\/uploads\/2025\/09\/th_Culmia-Premios-Saint-Gobain_2-1320x862-1.jpeg\" alt=\"\" width=\"1920\" height=\"905\" title=\"\" srcset=\"https:\/\/www.culmia.com\/wp-content\/uploads\/2025\/09\/th_Culmia-Premios-Saint-Gobain_2-1320x862-1-200x94.jpeg 200w, https:\/\/www.culmia.com\/wp-content\/uploads\/2025\/09\/th_Culmia-Premios-Saint-Gobain_2-1320x862-1-300x141.jpeg 300w, https:\/\/www.culmia.com\/wp-content\/uploads\/2025\/09\/th_Culmia-Premios-Saint-Gobain_2-1320x862-1-400x189.jpeg 400w, https:\/\/www.culmia.com\/wp-content\/uploads\/2025\/09\/th_Culmia-Premios-Saint-Gobain_2-1320x862-1-600x283.jpeg 600w, https:\/\/www.culmia.com\/wp-content\/uploads\/2025\/09\/th_Culmia-Premios-Saint-Gobain_2-1320x862-1-768x362.jpeg 768w, https:\/\/www.culmia.com\/wp-content\/uploads\/2025\/09\/th_Culmia-Premios-Saint-Gobain_2-1320x862-1-800x377.jpeg 800w, https:\/\/www.culmia.com\/wp-content\/uploads\/2025\/09\/th_Culmia-Premios-Saint-Gobain_2-1320x862-1-1024x483.jpeg 1024w, https:\/\/www.culmia.com\/wp-content\/uploads\/2025\/09\/th_Culmia-Premios-Saint-Gobain_2-1320x862-1-1200x566.jpeg 1200w, https:\/\/www.culmia.com\/wp-content\/uploads\/2025\/09\/th_Culmia-Premios-Saint-Gobain_2-1320x862-1-1536x724.jpeg 1536w, https:\/\/www.culmia.com\/wp-content\/uploads\/2025\/09\/th_Culmia-Premios-Saint-Gobain_2-1320x862-1.jpeg 1920w\" sizes=\"(max-width: 1920px) 100vw, 1920px\" \/><\/p> <p>1 de octubre de 2024-\u00a0<strong>Culmia,<\/strong>\u00a0la plataforma inmobiliaria que concentra \u00edntegramente las soluciones de vivienda del mercado,<strong>\u00a0ha sido reconocida con el Premio Saint-Gobain a la Mejor Pr\u00e1ctica de\u00a0<a href=\"https:\/\/www.culmia.com\/es\/destino-sostenible\">Construcci\u00f3n Sostenible<\/a>\u00a0en Espa\u00f1a<\/strong>\u00a0dentro de la categor\u00eda constructoras y promotoras por su proyecto\u00a0<strong>\u201c140 viviendas en r\u00e9gimen de alquiler asequible en Alcorc\u00f3n, del Plan VIVE de la CAM\u201d.<\/strong><\/p> <p>Saint-Gobain y del Club de Excelencia en Sostenibilidad han celebrado la segunda edici\u00f3n de estos premios cuyo objetivo es\u00a0<strong>reconocer aquellos proyectos e iniciativas que promuevan una construcci\u00f3n sostenible, respetuosa con el medio ambiente, los recursos y los materiales<\/strong>, adem\u00e1s de tener en cuenta el entorno y sus habitantes.<\/p> <p>Juan Manuel Borr\u00e1s, Director de Operaciones de Culmia, ha acudido esta ma\u00f1ana a la ceremonia de entrega de los premios celebrada en el Espacio Bertelsmann, en Madrid, representando a la compa\u00f1\u00eda y recibiendo el galard\u00f3n.<\/p> <p>Borr\u00e1s ha comentado que\u00a0<strong>\u201cen Culmia, nos sentimos profundamente orgullosos de haber sido reconocidos gracias a este proyecto como un ejemplo de promoci\u00f3n y construcci\u00f3n de viviendas asequibles sostenibles.<\/strong>\u00a0Desde nuestros comienzos, hemos mantenido un firme compromiso con la\u00a0<strong>construcci\u00f3n sostenible<\/strong>, enfoc\u00e1ndonos en reducir el impacto ambiental de nuestros procesos constructivos, apostando por un dise\u00f1o basado en procesos colaborativos que permitiesen el empleo de\u00a0<strong>materiales m\u00e1s sostenibles<\/strong>, y por la construcci\u00f3n industrializada, con el fin de disminuir nuestra huella de carbono y actuar de manera respetuosa con el planeta. Es un verdadero honor haber sido galardonados por un jurado de expertos y estar entre otros grandes proyectos\u201d.<\/p> <p>Te recomendamos leer esta nota de prensa escuchando nuestra playlist\u00a0<a href=\"https:\/\/open.spotify.com\/playlist\/4wukveevnYd398HBQ94TpF?si=f4142139b2914017\" rel=\"nofollow noopener\" target=\"_blank\">\u2018Destino, tu hogar\u2019.<\/a><\/p> <p>&nbsp;<\/p>","protected":false},"excerpt":{"rendered":"<p>\u2022 La II edici\u00f3n de estos galardones ha premiado a &#8230;<\/p>\n","protected":false},"author":15,"featured_media":17692,"comment_status":"open","ping_status":"open","sticky":false,"template":"","format":"standard","meta":{"_acf_changed":false,"footnotes":""},"categories":[121,1306],"tags":[],"class_list":["post-18064","post","type-post","status-publish","format-standard","has-post-thumbnail","hentry","category-actualidad","category-culmia"],"acf":[],"_links":{"self":[{"href":"https:\/\/www.culmia.com\/es\/wp-json\/wp\/v2\/posts\/18064","targetHints":{"allow":["GET"]}}],"collection":[{"href":"https:\/\/www.culmia.com\/es\/wp-json\/wp\/v2\/posts"}],"about":[{"href":"https:\/\/www.culmia.com\/es\/wp-json\/wp\/v2\/types\/post"}],"author":[{"embeddable":true,"href":"https:\/\/www.culmia.com\/es\/wp-json\/wp\/v2\/users\/15"}],"replies":[{"embeddable":true,"href":"https:\/\/www.culmia.com\/es\/wp-json\/wp\/v2\/comments?post=18064"}],"version-history":[{"count":2,"href":"https:\/\/www.culmia.com\/es\/wp-json\/wp\/v2\/posts\/18064\/revisions"}],"predecessor-version":[{"id":18068,"href":"https:\/\/www.culmia.com\/es\/wp-json\/wp\/v2\/posts\/18064\/revisions\/18068"}],"wp:featuredmedia":[{"embeddable":true,"href":"https:\/\/www.culmia.com\/es\/wp-json\/wp\/v2\/media\/17692"}],"wp:attachment":[{"href":"https:\/\/www.culmia.com\/es\/wp-json\/wp\/v2\/media?parent=18064"}],"wp:term":[{"taxonomy":"category","embeddable":true,"href":"https:\/\/www.culmia.com\/es\/wp-json\/wp\/v2\/categories?post=18064"},{"taxonomy":"post_tag","embeddable":true,"href":"https:\/\/www.culmia.com\/es\/wp-json\/wp\/v2\/tags?post=18064"}],"curies":[{"name":"wp","href":"https:\/\/api.w.org\/{rel}","templated":true}]}}